{"id":50553,"date":"2025-10-02T00:55:11","date_gmt":"2025-10-02T00:55:11","guid":{"rendered":"https:\/\/www.europesays.com\/no\/50553\/"},"modified":"2025-10-02T00:55:11","modified_gmt":"2025-10-02T00:55:11","slug":"carola-haggkvist-kritiseres-for-kontroversiell-video-av-muslimske-kvinner","status":"publish","type":"post","link":"https:\/\/www.europesays.com\/no\/50553\/","title":{"rendered":"Carola H\u00e4ggkvist kritiseres for kontroversiell video av muslimske kvinner"},"content":{"rendered":"<p class=\"kicker \" style=\"\">Carola H\u00e4ggkvist:<\/p>\n<p>  Artisten sparker i gang ny debatt etter at hun delte et\u00a0kontroversielt videoklipp av muslimske kvinner.\u00a0<\/p>\n<p>\n    F\u00c5R GJENNOMG\u00c5: Carola H\u00e4ggkvist er i hardt v\u00e6r etter at hun nylig delte en kontroversiell video. Foto: Heiko Junge \/ NTB\n  <\/p>\n<p>Den svenske artisten <a href=\"https:\/\/www.seher.no\/kjendis\/gjenforent-i-sonnens-bryllup\/83258083\" rel=\"nofollow noopener\" target=\"_blank\">Carola H\u00e4ggkvist (59)<\/a>\u00a0er ikke redd for \u00e5 bruke stemmen sin, og har ved flere anledninger snakket h\u00f8yt om hva hun tenker om innvandringspolitikken i nabolandet v\u00e5rt.\u00a0<\/p>\n<p>I helgen delte 56-\u00e5ringen en video som viser bilder av kvinner som angivelig er fra land som Malaysia, Afghanistan og Syria. Det skriver <a href=\"https:\/\/www.expressen.se\/noje\/carolas-video-vad-hander-med-europa\/\" rel=\"nofollow noopener\" target=\"_blank\">Expressen<\/a>.\u00a0<\/p>\n<p>    <a itemprop=\"url\" href=\"https:\/\/www.seher.no\/kjendis\/jeg-er-sa-lykkelig-pa-deres-vegne\/83197428\" rel=\"nofollow noopener\" target=\"_blank\"><\/p>\n<p>      <img loading=\"lazy\" decoding=\"async\" src=\"https:\/\/www.europesays.com\/no\/wp-content\/uploads\/2025\/10\/83197499.webp\" width=\"147\" height=\"100\" title=\"- Jeg er s\u00e5 lykkelig\" alt=\"\" class=\"lazyload\" style=\"--aspect-ratio-image: 1.47; \"\/><\/p>\n<p>        &#8211; Jeg er s\u00e5 lykkelig<\/p>\n<p>    <\/a><\/p>\n<p>P\u00e5 de f\u00f8rste bildene er de uten burka eller sl\u00f8r, og det p\u00e5st\u00e5s \u00e5 v\u00e6re fra 1970. Deretter kommer bilder fra i dag, hvor kvinner b\u00e6rer burka og andre dekkende plagg.<\/p>\n<p class=\"font-weight-normal m-font-weight-normal\" data-lab-font_weight=\"font-weight-normal\">Dette fikk H\u00e4ggkvist til stille f\u00f8lgende sp\u00f8rsm\u00e5l: \u00abHva skjer med Europa om noen \u00e5r?\u00bb.\u00a0<\/p>\n<p>        T\u00c5REV\u00c5TT: Carola H\u00e4ggkvist klarer ikke holde t\u00e5rene tilbake n\u00e5r hun overraskes av en spesiell gjest under en av l\u00e5tene i \u00abHver gang vi m\u00f8tes\u00bb. Reporter Marthe Karlson Nielsen. Video: Thea Hope\/ TV 2\/ R\u00f8d L\u00f8per<\/p>\n<p>F\u00e5r hard kritikk\t<\/p>\n<p>Universitetslektor Sami Al Daghistani ved Lunds universitet reagerer kraftig p\u00e5 videoen.\u00a0<\/p>\n<p>    <a itemprop=\"url\" href=\"https:\/\/www.seher.no\/kjendis\/ikke-kysset-pa-ar-og-dag\/82568911\" rel=\"nofollow noopener\" target=\"_blank\"><\/p>\n<p>      <img loading=\"lazy\" decoding=\"async\" src=\"https:\/\/www.europesays.com\/no\/wp-content\/uploads\/2025\/10\/82568384.webp\" width=\"147\" height=\"98\" title=\"- Ikke kysset p\u00e5 \u00e5r og dag\" alt=\"\" class=\"lazyload\" style=\"--aspect-ratio-image: 1.50; \"\/><\/p>\n<p>        &#8211; Ikke kysset p\u00e5 \u00e5r og dag<\/p>\n<p>    <\/a><\/p>\n<p>&#8211; Montasjen er problematisk siden den fremstiller muslimske kvinner som religi\u00f8se bare fordi de b\u00e6rer sl\u00f8r. Hvordan kan vi avgj\u00f8re at en kvinne er \u00abreligi\u00f8s\u00bb bare fordi hun b\u00e6rer hijab, if\u00f8lge v\u00e5re europeiske normer?, sier han til Expressen.\u00a0<\/p>\n<p>Daghistani mener ogs\u00e5 at videoen er problematisk b\u00e5de fra akademisk og historisk synspunkt.<\/p>\n<p>          <img loading=\"lazy\" decoding=\"async\" src=\"https:\/\/www.europesays.com\/no\/wp-content\/uploads\/2025\/10\/83668804.webp\" width=\"686\" height=\"865\" title=\"KRITIKK: Carola H\u00e4ggkvist er ikke fremmed for \u00e5 f\u00e5 kritikk for meningene sine. Foto: Heiko Junge \/ NTB\" alt=\"\" class=\"\" style=\"--aspect-ratio-image: 0.79; \"\/><\/p>\n<p>\n          KRITIKK: Carola H\u00e4ggkvist er ikke fremmed for \u00e5 f\u00e5 kritikk for meningene sine. Foto: Heiko Junge \/ NTB\n      <\/p>\n<p class=\"font-weight-bold m-font-weight-bold\" data-lab-font_weight=\"font-weight-bold\">&#8211; Islam framstilles som en enhetlig tradisjon som likestilles med religi\u00f8sitet, rigiditet og sl\u00f8rbruk, fortsetter han og legger til:\u00a0<\/p>\n<p>&#8211; Det er viktig \u00e5 forst\u00e5 &#8211; noe ogs\u00e5 artisten Carola H\u00e4ggkvist b\u00f8r gj\u00f8re &#8211; at selv om en form for islamsk vekkelse har funnet sted p\u00e5 politisk, sosialt og religi\u00f8st niv\u00e5 i mange muslimske land, er denne vekkelsen langt fra altomfattende.\u00a0<\/p>\n<p>Expressen har ikke lyktes i \u00e5 f\u00e5 en kommentar fra Carola H\u00e4ggkvist<\/p>\n<p>        SETTES UT: Da artisten Carola H\u00e4ggkvist skulle lese opp jurystemmene fra Sverige under finalen av Eurovision Song Conteset gikk det ikke helt etter planen. Laget av Marte Nyl\u00f8kken Helseth \/ Dagbladet TV. <\/p>\n<p>&#8211; Blir helt fortvilet\t<\/p>\n<p>Dette er ikke f\u00f8rste gang Carola skaper debatt om innvandring. I et intervju med\u00a0<a href=\"https:\/\/www.svd.se\/a\/nQVznm\/carola-om-sveriges-utveckling-blir-fortvivlad\" rel=\"nofollow noopener\" target=\"_blank\">Svenska Dagbladet<\/a>\u00a0i 2023 gikk hun langt i \u00e5 gi innvandrere skylden for gjengkriminalitet.\u00a0<\/p>\n<p>    <a itemprop=\"url\" href=\"https:\/\/www.seher.no\/kjendis\/har-ingenting-a-skjule\/82422553\" rel=\"nofollow noopener\" target=\"_blank\"><\/p>\n<p>      <img loading=\"lazy\" decoding=\"async\" src=\"https:\/\/www.europesays.com\/no\/wp-content\/uploads\/2025\/10\/82422593.webp\" width=\"147\" height=\"98\" title=\"- Har ingenting \u00e5 skjule\" alt=\"\" class=\"lazyload\" style=\"--aspect-ratio-image: 1.50; \"\/><\/p>\n<p>        &#8211; Har ingenting \u00e5 skjule<\/p>\n<p>    <\/a><\/p>\n<p>Artisten sa blant annet at <a href=\"https:\/\/www.seher.no\/kjendis\/refses-for-uttalelse-fremmedfiendtlig\/78987326\" rel=\"nofollow noopener\" target=\"_blank\">hun var \u00abfortvilet over utviklingen\u00bb og at \u00abdet er p\u00e5 tide \u00e5 v\u00e5kne\u00bb<\/a>, noe som resulterte at hun havnet i en kraftig kritikkstorm.\u00a0<\/p>\n<p class=\"font-weight-bold m-font-weight-bold\" data-lab-font_weight=\"font-weight-bold\">&#8211; Jeg synes ikke man skal si: \u00abKom og lev som dere vil i landet v\u00e5rt\u00bb. Det er ikke feigt \u00e5 verne om Sveriges tradisjoner og synge \u00abDen blomstertid\u00bb p\u00e5 skoleavslutninger. Innimellom blir jeg helt fortvilet over situasjonen. Vi ser jo resultatet, sa hun.\u00a0<\/p>\n<p>        AVSL\u00d8RER: Det var god stemning mellom Carola H\u00e4ggkvist og Petter Northug p\u00e5 TV 2s liveshow f\u00f8r ski-VM i Trondheim. Video: VM-showet\/TV 2. Reporter: Birthe Skingen &amp; Christian August Cederblad\/Dagbladet. <\/p>\n<p>Den gang nektet hun for at hun var fremmedfiendtlig. Hun mente at det var en grunn for at det finnes nasjoner og landegrenser, fordi vi har ulike kulturer med ulikt syn p\u00e5 ting.\u00a0<\/p>\n<p>    <a itemprop=\"url\" href=\"https:\/\/www.seher.no\/kjendis\/om-tragedien-uvirkelig\/82248391\" rel=\"nofollow noopener\" target=\"_blank\"><\/p>\n<p>      <img loading=\"lazy\" decoding=\"async\" src=\"https:\/\/www.europesays.com\/no\/wp-content\/uploads\/2025\/10\/82249370.webp\" width=\"147\" height=\"98\" title=\"Om tragedien: - Uvirkelig\" alt=\"\" class=\"lazyload\" style=\"--aspect-ratio-image: 1.50; \"\/><\/p>\n<p>        Om tragedien: &#8211; Uvirkelig<\/p>\n<p>    <\/a><\/p>\n<p>Men da H\u00e4ggkvist ble m\u00f8tt med kritikk etter uttalelsene, beklaget hun seg like etter i sosiale medier.\u00a0<\/p>\n<p> \u00abJeg er oppriktig lei meg for at noen av ordene mine i artikkelen har s\u00e5ret mennesker. Jeg er virkelig lei meg. Det virker som at vi mennesker har vanskelig for \u00e5 se nyansene i de ulike sp\u00f8rsm\u00e5lene som vi tror vi har svaret p\u00e5. Selvf\u00f8lgelig sitter noen p\u00e5 flere svar enn andre\u00bb. <\/p>\n","protected":false},"excerpt":{"rendered":"Carola H\u00e4ggkvist: Artisten sparker i gang ny debatt etter at hun delte et\u00a0kontroversielt videoklipp av muslimske kvinner.\u00a0 F\u00c5R&hellip;\n","protected":false},"author":2,"featured_media":50554,"comment_status":"","ping_status":"","sticky":false,"template":"","format":"standard","meta":{"footnotes":""},"categories":[12],"tags":[20,21,7786,7787,24,25,15,2198,479,2543,1857,22,23,13,30,28,29,14,16,26,27,42,43,44,45],"class_list":{"0":"post-50553","1":"post","2":"type-post","3":"status-publish","4":"format-standard","5":"has-post-thumbnail","7":"category-verden","8":"tag-breaking-news","9":"tag-breakingnews","10":"tag-burka","11":"tag-carola-haggkvist","12":"tag-featured-news","13":"tag-featurednews","14":"tag-headlines","15":"tag-islam","16":"tag-kjendis","17":"tag-kjendisdesken","18":"tag-kritikk","19":"tag-latest-news","20":"tag-latestnews","21":"tag-news","22":"tag-no","23":"tag-norge","24":"tag-norway","25":"tag-nyheter","26":"tag-overskrifter","27":"tag-top-stories","28":"tag-topstories","29":"tag-verden","30":"tag-world","31":"tag-world-news","32":"tag-worldnews"},"share_on_mastodon":{"url":"","error":""},"_links":{"self":[{"href":"https:\/\/www.europesays.com\/no\/wp-json\/wp\/v2\/posts\/50553","targetHints":{"allow":["GET"]}}],"collection":[{"href":"https:\/\/www.europesays.com\/no\/wp-json\/wp\/v2\/posts"}],"about":[{"href":"https:\/\/www.europesays.com\/no\/wp-json\/wp\/v2\/types\/post"}],"author":[{"embeddable":true,"href":"https:\/\/www.europesays.com\/no\/wp-json\/wp\/v2\/users\/2"}],"replies":[{"embeddable":true,"href":"https:\/\/www.europesays.com\/no\/wp-json\/wp\/v2\/comments?post=50553"}],"version-history":[{"count":0,"href":"https:\/\/www.europesays.com\/no\/wp-json\/wp\/v2\/posts\/50553\/revisions"}],"wp:featuredmedia":[{"embeddable":true,"href":"https:\/\/www.europesays.com\/no\/wp-json\/wp\/v2\/media\/50554"}],"wp:attachment":[{"href":"https:\/\/www.europesays.com\/no\/wp-json\/wp\/v2\/media?parent=50553"}],"wp:term":[{"taxonomy":"category","embeddable":true,"href":"https:\/\/www.europesays.com\/no\/wp-json\/wp\/v2\/categories?post=50553"},{"taxonomy":"post_tag","embeddable":true,"href":"https:\/\/www.europesays.com\/no\/wp-json\/wp\/v2\/tags?post=50553"}],"curies":[{"name":"wp","href":"https:\/\/api.w.org\/{rel}","templated":true}]}}