{"id":5057,"date":"2025-08-11T13:37:09","date_gmt":"2025-08-11T13:37:09","guid":{"rendered":"https:\/\/www.europesays.com\/no\/5057\/"},"modified":"2025-08-11T13:37:09","modified_gmt":"2025-08-11T13:37:09","slug":"svaert-begrenset-adgang-til-a-nekte-en-politisk-markering-agderposten-no","status":"publish","type":"post","link":"https:\/\/www.europesays.com\/no\/5057\/","title":{"rendered":"(+) \u2013 Sv\u00e6rt begrenset adgang til \u00e5 nekte en politisk markering &#8211; agderposten.no"},"content":{"rendered":"<ol>\n<li><a href=\"https:\/\/news.google.com\/rss\/articles\/CBMiuAFBVV95cUxQV0Ytb25hMy04RTZqRlZBZ0FGejFPb0F5dDBJdHhROXRHV2JpX3lYZ21HRmVGdW9VTEV1T1ZwTF9BR2xlenRJeHo0TjQtLWZDNXhJTzlWQmwwXzF0RFRudFBSQ2oyVE1nZkxuLVNxdEJEV3FCZWZJdVpiQWk3TFpPdGxETjZGWDB4NEg4VGxSV1JCY0dvYWh0Z0tsd2pYUzBheWt6RUhyRGhnVlpfSU5IRnFZTmJjSVZW?oc=5\" target=\"_blank\" rel=\"nofollow noopener\">(+) \u2013 Sv\u00e6rt begrenset adgang til \u00e5 nekte en politisk markering<\/a>&nbsp;&nbsp;agderposten.no<\/li>\n<li><a href=\"https:\/\/news.google.com\/rss\/articles\/CBMiekFVX3lxTE5INmt2dkt5WmxkOFQxRjJmcHVWNmN2enA1ZlQzLWY0cTB0c08xOTZkN3JGWVFqM2ptX1BxaWxXQlprRExEQVB2ajBVbjVHUVVsRGR5cmNjeGdmYTRPVWFaV25LMU5lMjVKUE1VRVhrX3l0TzBhdUFWU1lR?oc=5\" target=\"_blank\" rel=\"nofollow noopener\">(+) N\u00c5: Aksjonerte under \u00e5pningen<\/a>&nbsp;&nbsp;agderposten.no<\/li>\n<li><a href=\"https:\/\/news.google.com\/rss\/articles\/CBMimwFBVV95cUxNcDVHWWNESmdHVTQwYV9hSC01UHllS3ZZcXhQZ3NtZ0MtUU1udVhOWEdyU2ExSlAxa1FVcDE4bG1vZExPQm45TzlZOXp3VGpJb20tUGZYbTlLWEFXVXpkN3M5b2gtVHRhTGduWEhISklTLVphOUNwbzIxMjJjRzJyZ1JNUWxtT0tMRTlJYk5fRGo0bWxEMjN1NW9lcw?oc=5\" target=\"_blank\" rel=\"nofollow noopener\">Extinction Rebellion varsler aksjoner under Arendalsuka<\/a>&nbsp;&nbsp;NRK<\/li>\n<li><a href=\"https:\/\/news.google.com\/rss\/articles\/CBMieEFVX3lxTE9LMlZLcDZUa094alBJV1BIX2h6NDVpdEpKOGI1MHRzbEQ2dTQtdmFJcHFRcmx3UXdxZVY5RlNIV2ozclVLbmFHd3BBZ18wQmtVYUlGM0licGtfMEgyYzF2Si1lZEt4TVNrcDFwN3VSLU9jMWxSVVlTUg?oc=5\" target=\"_blank\" rel=\"nofollow noopener\">Sitte-aksjon p\u00e5 Arendalsuka<\/a>&nbsp;&nbsp;ABC Nyheter<\/li>\n<li><a href=\"https:\/\/news.google.com\/rss\/articles\/CBMihAFBVV95cUxNMXlVSXRMd2doaHlWTWJNZ3V4SnJ1Z2Y4Zk1CdHExMEVZUzZpMVZKN1lZWUV1eFpXOVpvU3AwRVQ0UzFnVmJrSUN4V2hHSGNqVHJ0VWRwSUpKMlF6aDdsSXJoSF96dFVxT0pyZG5abm9vZDNMeENrY0V2UnFkRzVyVFBZdnQ?oc=5\" target=\"_blank\" rel=\"nofollow noopener\">Klimaaktivister varsler aksjoner under Arendalsuka<\/a>&nbsp;&nbsp;Extraavisen<\/li>\n<\/ol>\n","protected":false},"excerpt":{"rendered":"(+) \u2013 Sv\u00e6rt begrenset adgang til \u00e5 nekte en politisk markering&nbsp;&nbsp;agderposten.no (+) N\u00c5: Aksjonerte under \u00e5pningen&nbsp;&nbsp;agderposten.no Extinction Rebellion&hellip;\n","protected":false},"author":2,"featured_media":5058,"comment_status":"","ping_status":"","sticky":false,"template":"","format":"standard","meta":{"footnotes":""},"categories":[10],"tags":[1253,1171,20,21,864,24,25,15,1252,1254,22,23,13,30,28,29,14,16,1250,1251,26,27],"class_list":{"0":"post-5057","1":"post","2":"type-post","3":"status-publish","4":"format-standard","5":"has-post-thumbnail","7":"category-norge","8":"tag-arendal","9":"tag-arendalsuka","10":"tag-breaking-news","11":"tag-breakingnews","12":"tag-demonstrasjoner","13":"tag-featured-news","14":"tag-featurednews","15":"tag-headlines","16":"tag-klimakrisen","17":"tag-kurs","18":"tag-latest-news","19":"tag-latestnews","20":"tag-news","21":"tag-no","22":"tag-norge","23":"tag-norway","24":"tag-nyheter","25":"tag-overskrifter","26":"tag-protest","27":"tag-sivil-ulydighet","28":"tag-top-stories","29":"tag-topstories"},"share_on_mastodon":{"url":"","error":""},"_links":{"self":[{"href":"https:\/\/www.europesays.com\/no\/wp-json\/wp\/v2\/posts\/5057","targetHints":{"allow":["GET"]}}],"collection":[{"href":"https:\/\/www.europesays.com\/no\/wp-json\/wp\/v2\/posts"}],"about":[{"href":"https:\/\/www.europesays.com\/no\/wp-json\/wp\/v2\/types\/post"}],"author":[{"embeddable":true,"href":"https:\/\/www.europesays.com\/no\/wp-json\/wp\/v2\/users\/2"}],"replies":[{"embeddable":true,"href":"https:\/\/www.europesays.com\/no\/wp-json\/wp\/v2\/comments?post=5057"}],"version-history":[{"count":0,"href":"https:\/\/www.europesays.com\/no\/wp-json\/wp\/v2\/posts\/5057\/revisions"}],"wp:featuredmedia":[{"embeddable":true,"href":"https:\/\/www.europesays.com\/no\/wp-json\/wp\/v2\/media\/5058"}],"wp:attachment":[{"href":"https:\/\/www.europesays.com\/no\/wp-json\/wp\/v2\/media?parent=5057"}],"wp:term":[{"taxonomy":"category","embeddable":true,"href":"https:\/\/www.europesays.com\/no\/wp-json\/wp\/v2\/categories?post=5057"},{"taxonomy":"post_tag","embeddable":true,"href":"https:\/\/www.europesays.com\/no\/wp-json\/wp\/v2\/tags?post=5057"}],"curies":[{"name":"wp","href":"https:\/\/api.w.org\/{rel}","templated":true}]}}