{"id":50574,"date":"2025-10-02T01:58:09","date_gmt":"2025-10-02T01:58:09","guid":{"rendered":"https:\/\/www.europesays.com\/no\/50574\/"},"modified":"2025-10-02T01:58:09","modified_gmt":"2025-10-02T01:58:09","slug":"ungdom-i-marokko-kriger-mot-politiet-i-gatene","status":"publish","type":"post","link":"https:\/\/www.europesays.com\/no\/50574\/","title":{"rendered":"Ungdom i Marokko kriger mot politiet i gatene"},"content":{"rendered":"\n<p class=\"_lead_1994c_2 _lead_xtcu6_50 layout-component text-serif-m layout-normal text-serif-l layout-component layout-wide layout-padded _wide_17hqh_1 layout-padded\">Protestene har p\u00e5g\u00e5tt i fem dager p\u00e5 rad.<\/p>\n<p><img alt=\" Foto: Mosa'ab Elshamy \/ AP \/ NTB\" class=\"_image_qp4xg_65 layout-component layout-wide\" data-fullscreen- data-track-element-type=\"Article image fullscreen\" data-track-name=\"ImageFullscreen\" fetchpriority=\"high\" decoding=\"sync\" loading=\"eager\" height=\"3731\" itemprop=\"image\"  src=\"https:\/\/www.europesays.com\/no\/wp-content\/uploads\/2025\/10\/6445729a-d1db-45ec-992b-9b91b5651d6a\"  style=\"object-position:0% 0%\" width=\"5612\"\/> Foto: Mosa&#8217;ab Elshamy \/ AP \/ NTB<\/p>\n<ul aria-hidden=\"true\" class=\"_images_1y6fe_106\">\n<li><a class=\"_link_1y6fe_111\" href=\"https:\/\/www.vg.no\/forfatter\/kari-aarstad-aase\" style=\"z-index:1\" title=\"Kari Aarstad Aase\" rel=\"nofollow noopener\" target=\"_blank\"><img alt=\"Bilde av Kari Aarstad Aase\" class=\"_image_1y6fe_88\" fetchpriority=\"low\" loading=\"lazy\" decoding=\"async\" itemprop=\"image\"  src=\"https:\/\/www.europesays.com\/no\/wp-content\/uploads\/2025\/10\/1759370288_882_0dbde33e-6d8e-4680-8e4f-e2a64281e2b8\"  width=\"480\"\/><\/a><\/li>\n<\/ul>\n<p> Oppdatert torsdag 2. oktober kl. 03:11     <\/p>\n<p class=\"_paragraph_1994c_4 _paragraph_xtcu6_10 layout-component text-serif-m layout-normal text-serif-m layout-padded\">To personer ble drept og flere skadet da sikkerhetsstyrker m\u00e5tte bruke skytev\u00e5pen for \u00e5 forsvare seg mot en gruppe som fors\u00f8kte \u00e5 stjele v\u00e5pen fra en politistasjon i Lqliaa n\u00e6r Agadir onsdag kveld, melder\u00a0Reuters.<\/p>\n<p class=\"_paragraph_1994c_4 _paragraph_xtcu6_10 layout-component text-serif-m layout-normal text-serif-m layout-padded\">Lokale myndigheter sier sikkerhetsstyrkene f\u00f8rst brukte t\u00e5regass, men m\u00e5tte ty til skytev\u00e5pen da demonstrantene bev\u00e6pnet med kniver stormet inn p\u00e5 politistasjonen. Gruppen klarte \u00e5 sette fyr p\u00e5 deler av bygningen og et kj\u00f8ret\u00f8y.<\/p>\n<p><img alt=\"Foto: Mosa'ab Elshamy \/ AP \/ NTB\" class=\"_image_qp4xg_65 layout-component layout-normal\" data-fullscreen- data-track-element-type=\"Article image fullscreen\" data-track-name=\"ImageFullscreen\" decoding=\"async\" loading=\"lazy\" height=\"3445\" itemprop=\"image\"  src=\"https:\/\/www.europesays.com\/no\/wp-content\/uploads\/2025\/10\/1d23b382-e2f5-4bf8-9211-f22843a404a6\"  style=\"object-position:0% 0%\" width=\"5267\"\/>Foto: Mosa&#8217;ab Elshamy \/ AP \/ NTB<\/p>\n<p class=\"_paragraph_1994c_4 _paragraph_xtcu6_10 layout-component text-serif-m layout-normal text-serif-m layout-padded\">Maskerte ungdommer kastet stein mot politiet og satte fyr p\u00e5 biler og banker i flere marokkanske byer onsdag kveld. Protestene, som startet l\u00f8rdag, har n\u00e5 p\u00e5g\u00e5tt i fem dager p\u00e5 rad, melder Reuters.<\/p>\n<p class=\"_paragraph_1994c_4 _paragraph_xtcu6_10 layout-component text-serif-m layout-normal text-serif-m layout-padded\">Demonstrasjonene begynte som fredelige protester for bedre utdanning og helsevesen, men har utviklet seg til voldelige sammenst\u00f8t.<\/p>\n<p class=\"_paragraph_1994c_4 _paragraph_xtcu6_10 layout-component text-serif-m layout-normal text-serif-m layout-padded\">Protestene er organisert av en anonym ungdomsgruppe som kaller seg \u00abGenZ 212\u00bb. Gruppen bruker TikTok, Instagram og spillappen Discord for \u00e5 mobilisere st\u00f8tte. Antall medlemmer i Discord-serveren deres har eksplodert fra 3000 til over 130.000 p\u00e5 en uke.<\/p>\n<p><img alt=\"Foto: Ahmed El Jechtimi \/ Reuters \/ NTB\" class=\"_image_qp4xg_65 layout-component layout-normal\" data-fullscreen- data-track-element-type=\"Article image fullscreen\" data-track-name=\"ImageFullscreen\" decoding=\"async\" loading=\"lazy\" height=\"3024\" itemprop=\"image\"  src=\"https:\/\/www.europesays.com\/no\/wp-content\/uploads\/2025\/10\/8c1ea26f-6e48-4996-ad49-448223ad3a97\"  style=\"object-position:0% 0%\" width=\"4032\"\/>Foto: Ahmed El Jechtimi \/ Reuters \/ NTB<\/p>\n<p class=\"_paragraph_1994c_4 _paragraph_xtcu6_10 layout-component text-serif-m layout-normal text-serif-m layout-padded\">I Sal\u00e9, n\u00e6r hovedstaden Rabat, plyndret grupper av unge menn butikker og satte fyr p\u00e5 politibiler. I Tangier kastet demonstranter stein mot sikkerhetsstyrker.<\/p>\n<p class=\"_paragraph_1994c_4 _paragraph_xtcu6_10 layout-component text-serif-m layout-normal text-serif-m layout-padded\">\u2013 Jeg var p\u00e5 kaf\u00e9 og s\u00e5 p\u00e5 PSG mot Real Madrid da unge menn begynte \u00e5 kaste stein mot butikker. Vi s\u00e5 kampen inne p\u00e5 den stengte kafeen, sier den lokale aktivisten Abdeslam Chegri til Reuters.<\/p>\n<p class=\"_paragraph_1994c_4 _paragraph_xtcu6_10 layout-component text-serif-m layout-normal text-serif-m layout-padded\">Innenriksdepartementet opplyser at 263 politifolk og 23 sivile ble skadet under tirsdagens sammenst\u00f8t.<\/p>\n<p class=\"_paragraph_1994c_4 _paragraph_xtcu6_10 layout-component text-serif-m layout-normal text-serif-m layout-padded\"><a href=\"https:\/\/www.vg.no\/tag\/marokko?utm_source=vg-article&amp;utm_medium=auto-tagger&amp;utm_campaign=pP7wbR\" class=\"_link_1994c_39\" rel=\"nofollow noopener\" target=\"_blank\">Marokkos<\/a> arbeidsl\u00f8shet ligger p\u00e5 12,8 prosent, mens ungdomsarbeidsl\u00f8sheten er p\u00e5 hele 35,8 prosent.<\/p>\n<p class=\"_paragraph_1994c_4 _paragraph_xtcu6_10 layout-component text-serif-m layout-normal text-serif-m layout-padded\">409 personer er p\u00e5grepet etter urolighetene.<\/p>\n<p class=\"_paragraph_1994c_4 _paragraph_xtcu6_10 layout-component text-serif-m layout-normal layout-padded\"><strong class=\"_strong_1994c_25\">Les ogs\u00e5:<\/strong> <a href=\"https:\/\/www.vg.no\/i\/4By4yG\" data-track-element-type=\"Link\" data-track-id=\"link:4By4yG\" class=\"_link_1994c_39\" rel=\"nofollow noopener\" target=\"_blank\">Marokkos ungdom raser mot VM-satsing<\/a><\/p>\n","protected":false},"excerpt":{"rendered":"Protestene har p\u00e5g\u00e5tt i fem dager p\u00e5 rad. Foto: Mosa&#8217;ab Elshamy \/ AP \/ NTB Oppdatert torsdag 2.&hellip;\n","protected":false},"author":2,"featured_media":50575,"comment_status":"","ping_status":"","sticky":false,"template":"","format":"standard","meta":{"footnotes":""},"categories":[12],"tags":[20,21,24,25,15,22,23,5882,13,30,28,29,14,16,26,27,42,46,43,44,45],"class_list":{"0":"post-50574","1":"post","2":"type-post","3":"status-publish","4":"format-standard","5":"has-post-thumbnail","7":"category-verden","8":"tag-breaking-news","9":"tag-breakingnews","10":"tag-featured-news","11":"tag-featurednews","12":"tag-headlines","13":"tag-latest-news","14":"tag-latestnews","15":"tag-marokko","16":"tag-news","17":"tag-no","18":"tag-norge","19":"tag-norway","20":"tag-nyheter","21":"tag-overskrifter","22":"tag-top-stories","23":"tag-topstories","24":"tag-verden","25":"tag-vgai","26":"tag-world","27":"tag-world-news","28":"tag-worldnews"},"share_on_mastodon":{"url":"","error":""},"_links":{"self":[{"href":"https:\/\/www.europesays.com\/no\/wp-json\/wp\/v2\/posts\/50574","targetHints":{"allow":["GET"]}}],"collection":[{"href":"https:\/\/www.europesays.com\/no\/wp-json\/wp\/v2\/posts"}],"about":[{"href":"https:\/\/www.europesays.com\/no\/wp-json\/wp\/v2\/types\/post"}],"author":[{"embeddable":true,"href":"https:\/\/www.europesays.com\/no\/wp-json\/wp\/v2\/users\/2"}],"replies":[{"embeddable":true,"href":"https:\/\/www.europesays.com\/no\/wp-json\/wp\/v2\/comments?post=50574"}],"version-history":[{"count":0,"href":"https:\/\/www.europesays.com\/no\/wp-json\/wp\/v2\/posts\/50574\/revisions"}],"wp:featuredmedia":[{"embeddable":true,"href":"https:\/\/www.europesays.com\/no\/wp-json\/wp\/v2\/media\/50575"}],"wp:attachment":[{"href":"https:\/\/www.europesays.com\/no\/wp-json\/wp\/v2\/media?parent=50574"}],"wp:term":[{"taxonomy":"category","embeddable":true,"href":"https:\/\/www.europesays.com\/no\/wp-json\/wp\/v2\/categories?post=50574"},{"taxonomy":"post_tag","embeddable":true,"href":"https:\/\/www.europesays.com\/no\/wp-json\/wp\/v2\/tags?post=50574"}],"curies":[{"name":"wp","href":"https:\/\/api.w.org\/{rel}","templated":true}]}}