{"id":50586,"date":"2025-10-02T03:08:09","date_gmt":"2025-10-02T03:08:09","guid":{"rendered":"https:\/\/www.europesays.com\/no\/50586\/"},"modified":"2025-10-02T03:08:09","modified_gmt":"2025-10-02T03:08:09","slug":"pastatt-hamas-gruppe-pagrepet-i-tyskland-for-angrepsplaner","status":"publish","type":"post","link":"https:\/\/www.europesays.com\/no\/50586\/","title":{"rendered":"P\u00e5st\u00e5tt Hamas-gruppe p\u00e5grepet i Tyskland for angrepsplaner"},"content":{"rendered":"\n<p class=\"_lead_1994c_2 _lead_xtcu6_50 layout-component text-serif-m layout-normal text-serif-l layout-component layout-wide layout-padded _wide_17hqh_1 layout-padded\">Tre menn er p\u00e5grepet i Berlin, anklaget for \u00e5 skaffe v\u00e5pen til mulige angrep mot israelske og j\u00f8diske m\u00e5l. Mennene mistenkes for \u00e5 tilh\u00f8re Hamas.<\/p>\n<ul aria-hidden=\"true\" class=\"_images_1y6fe_106\">\n<li><a class=\"_link_1y6fe_111\" href=\"https:\/\/www.vg.no\/forfatter\/ntb\" style=\"z-index:1\" title=\"NTB\" rel=\"nofollow noopener\" target=\"_blank\"><img alt=\"Bilde av NTB\" class=\"_image_1y6fe_88\" fetchpriority=\"low\" loading=\"lazy\" decoding=\"async\" itemprop=\"image\"  src=\"https:\/\/www.europesays.com\/no\/wp-content\/uploads\/2025\/10\/1759374489_894_c33980b0-5d07-4027-84a1-813f90a7c8d6\"  width=\"480\"\/><\/a><\/li>\n<\/ul>\n<p> Oppdatert torsdag 2. oktober kl. 03:52     <\/p>\n<p class=\"_paragraph_1994c_4 _paragraph_xtcu6_10 layout-component text-serif-m layout-normal text-serif-m layout-padded\">Innenriksminister Alexander Dobrindt beskriver den potensielle trusselen som \u00abkonkret\u00bb og sier det er tydelig at Tyskland er et \u00abaktivitetsomr\u00e5de\u00bb for terrorister.<\/p>\n<p class=\"_paragraph_1994c_4 _paragraph_xtcu6_10 layout-component text-serif-m layout-normal text-serif-m layout-padded\">P\u00e5talemyndigheten sier mennene har anskaffet v\u00e5pen og ammunisjon siden i sommer, kanskje ogs\u00e5 f\u00f8r det.<\/p>\n<p class=\"_paragraph_1994c_4 _paragraph_xtcu6_10 layout-component text-serif-m layout-normal text-serif-m layout-padded\">\u2013 V\u00e5pnene skulle brukes av <a href=\"https:\/\/www.vg.no\/tag\/hamas?utm_source=vg-article&amp;utm_medium=auto-tagger&amp;utm_campaign=dR638o\" class=\"_link_1994c_39\" rel=\"nofollow noopener\" target=\"_blank\">Hamas<\/a> til likvideringer rettet mot israelske eller j\u00f8diske institusjoner i Tyskland, if\u00f8lge p\u00e5talemyndigheten. Den v\u00e6pnede islamistiske gruppen nekter \u00e5 ha noen forbindelse til de tre mennene.<\/p>\n<p class=\"_paragraph_1994c_4 _paragraph_xtcu6_10 layout-component text-serif-m layout-normal text-serif-m layout-padded\">Under p\u00e5gripelsene fant politiet flere v\u00e5pen, \u00abinkludert et AK-47 automatgev\u00e6r, flere pistoler og en betydelig mengde ammunisjon\u00bb. Det er ogs\u00e5 gjennomf\u00f8rt eller planlagt husransakelser i byene Leipzig og Oberhausen.<\/p>\n<p class=\"_paragraph_1994c_4 _paragraph_xtcu6_10 layout-component text-serif-m layout-normal text-serif-m layout-padded\">De p\u00e5grepne er en 36 \u00e5r gammel tysk statsborger f\u00f8dt i Libanon, en 46-\u00e5ring f\u00f8dt i Libanon og med uavklart statsborgerskap og en 44 \u00e5r gammel tysk statsborger f\u00f8dt i Syria.<\/p>\n","protected":false},"excerpt":{"rendered":"Tre menn er p\u00e5grepet i Berlin, anklaget for \u00e5 skaffe v\u00e5pen til mulige angrep mot israelske og j\u00f8diske&hellip;\n","protected":false},"author":2,"featured_media":50587,"comment_status":"","ping_status":"","sticky":false,"template":"","format":"standard","meta":{"footnotes":""},"categories":[12],"tags":[353,20,21,24,25,566,15,22,23,13,30,28,29,14,16,26,27,175,42,43,44,45],"class_list":{"0":"post-50586","1":"post","2":"type-post","3":"status-publish","4":"format-standard","5":"has-post-thumbnail","7":"category-verden","8":"tag-berlin","9":"tag-breaking-news","10":"tag-breakingnews","11":"tag-featured-news","12":"tag-featurednews","13":"tag-hamas","14":"tag-headlines","15":"tag-latest-news","16":"tag-latestnews","17":"tag-news","18":"tag-no","19":"tag-norge","20":"tag-norway","21":"tag-nyheter","22":"tag-overskrifter","23":"tag-top-stories","24":"tag-topstories","25":"tag-tyskland","26":"tag-verden","27":"tag-world","28":"tag-world-news","29":"tag-worldnews"},"share_on_mastodon":{"url":"","error":""},"_links":{"self":[{"href":"https:\/\/www.europesays.com\/no\/wp-json\/wp\/v2\/posts\/50586","targetHints":{"allow":["GET"]}}],"collection":[{"href":"https:\/\/www.europesays.com\/no\/wp-json\/wp\/v2\/posts"}],"about":[{"href":"https:\/\/www.europesays.com\/no\/wp-json\/wp\/v2\/types\/post"}],"author":[{"embeddable":true,"href":"https:\/\/www.europesays.com\/no\/wp-json\/wp\/v2\/users\/2"}],"replies":[{"embeddable":true,"href":"https:\/\/www.europesays.com\/no\/wp-json\/wp\/v2\/comments?post=50586"}],"version-history":[{"count":0,"href":"https:\/\/www.europesays.com\/no\/wp-json\/wp\/v2\/posts\/50586\/revisions"}],"wp:featuredmedia":[{"embeddable":true,"href":"https:\/\/www.europesays.com\/no\/wp-json\/wp\/v2\/media\/50587"}],"wp:attachment":[{"href":"https:\/\/www.europesays.com\/no\/wp-json\/wp\/v2\/media?parent=50586"}],"wp:term":[{"taxonomy":"category","embeddable":true,"href":"https:\/\/www.europesays.com\/no\/wp-json\/wp\/v2\/categories?post=50586"},{"taxonomy":"post_tag","embeddable":true,"href":"https:\/\/www.europesays.com\/no\/wp-json\/wp\/v2\/tags?post=50586"}],"curies":[{"name":"wp","href":"https:\/\/api.w.org\/{rel}","templated":true}]}}