{"id":50594,"date":"2025-10-02T04:10:13","date_gmt":"2025-10-02T04:10:13","guid":{"rendered":"https:\/\/www.europesays.com\/no\/50594\/"},"modified":"2025-10-02T04:10:13","modified_gmt":"2025-10-02T04:10:13","slug":"apple-vil-ha-eu-lov-fjernet-kan-stoppe-produkter","status":"publish","type":"post","link":"https:\/\/www.europesays.com\/no\/50594\/","title":{"rendered":"Apple vil ha EU-lov fjernet \u2013 kan stoppe produkter"},"content":{"rendered":"<p class=\"kicker bg-teal color_mobile_bg-teal text-black color_mobile_text-black hasTextPadding mobile-hasTextPadding\" style=\"\">Apple<\/p>\n<p>  iPhone-produsenten kritiserer EU-lov og advarer om at de kan slutte \u00e5 levere produkter til Europa.<\/p>\n<p>\n    NYE MODELLER: Apple lanserte sin nye iPhone 17-serie i begynnelsen av september. Foto: Angela Weidd \/ AFP \/ NTB\n  <\/p>\n<p>    Kort fortalt<\/p>\n<p lang=\"nb-NO\">Apple har bedt EU-kommisjonen om \u00e5 oppheve Digital Markets Act, som skal hindre teknologiselskaper i \u00e5 dominere markedene.<\/p>\n<p lang=\"nb-NO\">Selskapet advarer om at de kan slutte \u00e5 levere produkter til EU-landene hvis loven ikke endres.<\/p>\n<p lang=\"nb-NO\">Apple mener loven f\u00f8rer til d\u00e5rligere brukeropplevelser og sikkerhetsrisiko for deres brukere.<\/p>\n<p lang=\"nb-NO\">EU-kommisjonen avviser Apples krav og sier loven gir brukerne mer valgfrihet.<\/p>\n<p class=\"italic ai-disclaimer\" data-lab-italic=\"italic\">Sammendraget er laget av ChatGPT og godkjent av DinSide.<\/p>\n<p>      Vis mer<br \/>\n      Vis mindre<\/p>\n<p>If\u00f8lge <a href=\"https:\/\/www.theguardian.com\/technology\/2025\/sep\/25\/apple-calls-for-changes-to-anti-monopoly-laws-and-says-it-may-stop-shipping-to-the-eu\" rel=\"nofollow noopener\" target=\"_blank\">The Guardian<\/a> har Apple bedt EU-kommisjonen om \u00e5 oppheve Digital Markets Act &#8211; en lov som skal hindre store teknologiselskaper i \u00e5 dominere markedene.\u00a0<\/p>\n<p>Selskapet advarer om at de kan slutte \u00e5 levere produkter og tjenester til de 27 EU-landene dersom loven ikke endres.<\/p>\n<p>Loven, som ofte kalles DMA, krever blant annet at Apple-produkter m\u00e5 fungere sammen med konkurrentenes produkter. Det betyr for eksempel at hodetelefoner fra andre merker m\u00e5 kunne brukes med iPhone.<\/p>\n<p>I et skriftlig innspill til EU-kommisjonens gjennomgang av den tre \u00e5r gamle loven, hevder Apple at reglene gir d\u00e5rligere brukeropplevelser og \u00f8ker sikkerhetsrisikoen.<\/p>\n<p>    <a itemprop=\"url\" href=\"https:\/\/dinside.dagbladet.no\/mobil\/sperret-opp-oynene\/83636750\" rel=\"nofollow noopener\" target=\"_blank\"><\/p>\n<p>      <img loading=\"lazy\" decoding=\"async\" src=\"https:\/\/www.europesays.com\/no\/wp-content\/uploads\/2025\/10\/83638508.webp\" width=\"980\" height=\"441\" title=\"Sperret opp \u00f8ynene\" alt=\"\" class=\"lazyload\" style=\"--aspect-ratio-image: 2.22; \"\/><\/p>\n<p>        Sperret opp \u00f8ynene<\/p>\n<p>    <\/a><\/p>\n<p>Utsetter nye funksjoner\t<\/p>\n<p>&#8211; DMA krever at Apple f\u00e5r visse funksjoner til \u00e5 fungere p\u00e5 produkter og apper som ikke er fra Apple f\u00f8r vi kan dele dem med v\u00e5re brukere. Dessverre krever det mye ingeni\u00f8rarbeid, og det har f\u00e5tt oss til \u00e5 utsette noen nye funksjoner i EU, sier Apple, if\u00f8lge <a href=\"https:\/\/apnews.com\/article\/apple-digital-regulations-european-union-iphone-7a90787f54b407c888999969a014e700\" rel=\"nofollow noopener\" target=\"_blank\">AP News<\/a>.<\/p>\n<p>Selskapet opplyser at de allerede har utsatt lanseringen av blant annet direkteoversettelse via AirPods og muligheten til \u00e5 speile iPhone-skjermen p\u00e5 Mac.\u00a0<\/p>\n<p>\u00c5rsaken er kravet om at funksjonene ogs\u00e5 m\u00e5 fungere med produkter fra andre merker.<\/p>\n<p>    <a itemprop=\"url\" href=\"https:\/\/dinside.dagbladet.no\/mobil\/kan-bli-en-selfie-revolusjon\/83606551\" rel=\"nofollow noopener\" target=\"_blank\"><\/p>\n<p>      <img loading=\"lazy\" decoding=\"async\" src=\"https:\/\/www.europesays.com\/no\/wp-content\/uploads\/2025\/10\/83609651.webp\" width=\"980\" height=\"441\" title=\"- Kan bli en selfie-revolusjon\" alt=\"\" class=\"lazyload\" style=\"--aspect-ratio-image: 2.22; \"\/><\/p>\n<p>        &#8211; Kan bli en selfie-revolusjon<\/p>\n<p>    <\/a><\/p>\n<p>For eksempel m\u00e5 den nye oversettelsestjenesten Apple lanserte tidligere i september ogs\u00e5 fungere med tr\u00e5dl\u00f8se \u00f8repropper fra konkurrenter.\u00a0<\/p>\n<p>Apple sier de trenger mer tid for \u00e5 sikre at samtaler forblir private n\u00e5r funksjonen brukes med ikke-Apple-produkter.<\/p>\n<p>&#8211; DMA betyr at listen over forsinkede funksjoner i EU sannsynligvis blir lengre, og v\u00e5re EU-brukeres opplevelse p\u00e5 Apple-produkter vil falle ytterligere bak, heter det i innleveringen, if\u00f8lge The Guardian.<\/p>\n<p>Mener konkurrentene tjener gratis\t<\/p>\n<p>Apple peker ogs\u00e5 p\u00e5 at reglene ikke gjelder Samsung, som er den st\u00f8rste smarttelefonleverand\u00f8ren i EU. Det mener de gir urettferdig konkurranse.<\/p>\n<p>&#8211; I stedet for \u00e5 konkurrere gjennom innovasjon, vrir allerede suksessrike selskaper loven til \u00e5 passe deres egne agendaer &#8211; for \u00e5 samle mer data fra EU-borgere, eller for \u00e5 f\u00e5 Apples teknologi gratis, sier selskapet, if\u00f8lge The Guardian.<\/p>\n<p>        Kommer alle til \u00e5 g\u00e5 rundt i gatene med slike p\u00e5 seg om noen \u00e5r eller flopper dette fullstendig? De nye Apple-brillene vekker oppsikt p\u00e5 flere m\u00e5ter. Video: Kirsti \u00d8stvang \/ Apple<\/p>\n<p>EU avviser kravene\t<\/p>\n<p>EU-kommisjonen avviser p\u00e5 sin side Apples krav. Talsmann Thomas Regnier sa torsdag at det ikke er noen intensjon om \u00e5 oppheve loven.<\/p>\n<p>&#8211; Ingenting i DMA krever at selskaper senker sine personvern-standarder eller sikkerhetsstandarder. Tvert imot handler det bare om \u00e5 gi v\u00e5re brukere mer valgfrihet, sier Regnier, if\u00f8lge AP.<\/p>\n<p>Dette er den siste konflikten mellom det California-baserte selskapet og EU-kommisjonen. Tidligere i \u00e5r anket Apple en bot p\u00e5 500 millioner euro p\u00e5lagt av EU.<\/p>\n<p>    <a itemprop=\"url\" href=\"https:\/\/dinside.dagbladet.no\/mobil\/slett-disse-appene\/83643344\" rel=\"nofollow noopener\" target=\"_blank\"><\/p>\n<p>      <img loading=\"lazy\" decoding=\"async\" src=\"https:\/\/www.europesays.com\/no\/wp-content\/uploads\/2025\/10\/83649934.webp\" width=\"980\" height=\"441\" title=\"Slett disse appene\" alt=\"\" class=\"lazyload\" style=\"--aspect-ratio-image: 2.22; \"\/><\/p>\n<p>        Slett disse appene<\/p>\n<p>    <\/a><\/p>\n<p>Fungerer i Norge\t<\/p>\n<p>Norge har ikke inkorporert EUs forordning om digitale markeder i E\u00d8S-avtalen enn\u00e5. Den er \u00abtil vurdering\u00bb i E\u00d8S EFTA-statene, if\u00f8lge\u00a0<a href=\"https:\/\/e24.no\/teknologi\/i\/4BMvJE\/apple-blokkerer-ny-funksjon-i-eu-men-ikke-i-norge\" rel=\"nofollow noopener\" target=\"_blank\">E24<\/a>.<\/p>\n<p>Apple bekrefter til E24 at direkteoversettelse med AirPods skal fungere i Norge, men ikke EU-land.\u00a0<\/p>\n<p>Digitaliseringsminister Karianne Tung (Ap) sier regjeringen jobber med \u00e5 innlemme DMA i E\u00d8S-avtalen og i norsk rett.<\/p>\n<p>&#8211; N\u00e5r DMA blir gjeldende rett i Norge, vil Apple i alle tilfeller m\u00e5tte f\u00f8lge de samme reguleringene her som i resten av EU og E\u00d8S, sier hun til E24.<\/p>\n<p>    <a itemprop=\"url\" href=\"https:\/\/dinside.dagbladet.no\/mobil\/ekspert-med-klar-beskjed-ferdig-snakka\/83574077\" rel=\"nofollow noopener\" target=\"_blank\"><\/p>\n<p>      <img loading=\"lazy\" decoding=\"async\" src=\"https:\/\/www.europesays.com\/no\/wp-content\/uploads\/2025\/10\/83574408.webp\" width=\"980\" height=\"441\" title=\"Ekspert: - Direkte misvisende\" alt=\"\" class=\"lazyload\" style=\"--aspect-ratio-image: 2.22; \"\/><\/p>\n<p>        Ekspert: &#8211; Direkte misvisende<\/p>\n<p>    <\/a><\/p>\n<p>\u00d8kende motstand\t<\/p>\n<p>Apples trussel kommer samtidig som amerikanske teknologigiganter i \u00f8kende grad st\u00f8ter p\u00e5 motstand fra europeiske regulatorer.\u00a0<\/p>\n<p>I forrige uke m\u00e5tte Microsoft gi etter for press fra forbrukergrupper og tilby gratis sikkerhetsopdateringer for Windows 10 uten betingelser i Europa, if\u00f8lge <a href=\"https:\/\/www.theverge.com\/news\/785544\/microsoft-windows-10-extended-security-updates-free-europe-changes\" rel=\"nofollow noopener\" target=\"_blank\">The Verge<\/a>.<\/p>\n","protected":false},"excerpt":{"rendered":"Apple iPhone-produsenten kritiserer EU-lov og advarer om at de kan slutte \u00e5 levere produkter til Europa. NYE MODELLER:&hellip;\n","protected":false},"author":2,"featured_media":50595,"comment_status":"","ping_status":"","sticky":false,"template":"","format":"standard","meta":{"footnotes":""},"categories":[56],"tags":[5665,1352,60,61,279,4272,4273,62,30,28,29],"class_list":{"0":"post-50594","1":"post","2":"type-post","3":"status-publish","4":"format-standard","5":"has-post-thumbnail","7":"category-naeringsliv","8":"tag-airpods","9":"tag-apple","10":"tag-business","11":"tag-economy","12":"tag-eu","13":"tag-iphone","14":"tag-mobil","15":"tag-naeringsliv","16":"tag-no","17":"tag-norge","18":"tag-norway"},"share_on_mastodon":{"url":"","error":""},"_links":{"self":[{"href":"https:\/\/www.europesays.com\/no\/wp-json\/wp\/v2\/posts\/50594","targetHints":{"allow":["GET"]}}],"collection":[{"href":"https:\/\/www.europesays.com\/no\/wp-json\/wp\/v2\/posts"}],"about":[{"href":"https:\/\/www.europesays.com\/no\/wp-json\/wp\/v2\/types\/post"}],"author":[{"embeddable":true,"href":"https:\/\/www.europesays.com\/no\/wp-json\/wp\/v2\/users\/2"}],"replies":[{"embeddable":true,"href":"https:\/\/www.europesays.com\/no\/wp-json\/wp\/v2\/comments?post=50594"}],"version-history":[{"count":0,"href":"https:\/\/www.europesays.com\/no\/wp-json\/wp\/v2\/posts\/50594\/revisions"}],"wp:featuredmedia":[{"embeddable":true,"href":"https:\/\/www.europesays.com\/no\/wp-json\/wp\/v2\/media\/50595"}],"wp:attachment":[{"href":"https:\/\/www.europesays.com\/no\/wp-json\/wp\/v2\/media?parent=50594"}],"wp:term":[{"taxonomy":"category","embeddable":true,"href":"https:\/\/www.europesays.com\/no\/wp-json\/wp\/v2\/categories?post=50594"},{"taxonomy":"post_tag","embeddable":true,"href":"https:\/\/www.europesays.com\/no\/wp-json\/wp\/v2\/tags?post=50594"}],"curies":[{"name":"wp","href":"https:\/\/api.w.org\/{rel}","templated":true}]}}