{"id":50597,"date":"2025-10-02T04:17:12","date_gmt":"2025-10-02T04:17:12","guid":{"rendered":"https:\/\/www.europesays.com\/no\/50597\/"},"modified":"2025-10-02T04:17:12","modified_gmt":"2025-10-02T04:17:12","slug":"dagligvare-jul-jul-i-butikkene-provoserer-hater-det","status":"publish","type":"post","link":"https:\/\/www.europesays.com\/no\/50597\/","title":{"rendered":"Dagligvare, Jul | Jul i butikkene provoserer: \u2013 Hater det!"},"content":{"rendered":"\n<p>(<a href=\"https:\/\/www.nettavisen.no\/okonomi\/jul-i-butikk-provoserer-hater-det\/s\/5-95-2647505\" rel=\"Follow nofollow noopener\" target=\"_blank\">Nettavisen<\/a>) Det er mildt sagt delte meninger om julevarene som kommer i butikk allerede i september.<\/p>\n<p>I Nettavisens egen Facebook-gruppe <a href=\"https:\/\/www.facebook.com\/groups\/809139384359181\/\" rel=\"Follow nofollow noopener\" target=\"_blank\">Dagligvarepriser <\/a>g\u00e5r debatten om det er for tidlig, eller om folk rett og slett b\u00f8r slutte \u00e5 bry seg.<\/p>\n<p>\u2013 Latterlig tidlig, skriver en.<\/p>\n<p>\u2013 Alt for tidlig folk g\u00e5r lei, skriver en annen.<\/p>\n<p>\u2013 Hater det!<\/p>\n<p>Flere kommenterer med et visst glimt i \u00f8yet.<\/p>\n<p>\u2013 Har ikke ryddet bort sommerens blomster enda, skriver en annen som \u00e5penbart mener det er for tidlig med julemarsipan og andre julevarer n\u00e5.<\/p>\n<p>En annen skriver:<\/p>\n<p>\u2013 N\u00e5 er det nesten s\u00e5 p\u00e5ske og jul g\u00e5r i ett!<\/p>\n<p>Men flere synes folk b\u00f8r slutte \u00e5 bry seg.<\/p>\n<p>P\u00e5 sp\u00f8rsm\u00e5l om det er bra eller d\u00e5rlig om julevarene kommer i butikk, svarer en slik:<\/p>\n<p>\u2013 Helt perfekt. S\u00e5 tullete \u00e5 bruke energi p\u00e5 \u00e5 la seg provosere over varer til \u00abfeil tid\u00bb i butikken. Helt frivillig \u00e5 b\u00e5de se p\u00e5 og kj\u00f8pe \u2013 i \u00e5r ogs\u00e5.<\/p>\n<p>Like fullt provoserer det en del at julevarene kommer butikk n\u00e5.<\/p>\n<p>\u2013 Skulle v\u00e6rt forbudt, er det en som skriver i gruppa <a href=\"https:\/\/www.facebook.com\/groups\/809139384359181\/\" rel=\"Follow nofollow noopener\" target=\"_blank\">Dagligvarepriser<\/a>.<\/p>\n<p>En annen skriver:<\/p>\n<p>\u2013 Hater det! Man m\u00e5 handle det, for ellers er det tomt n\u00e5r man kommer til desember.<\/p>\n<p>\u2013 Enorme mengder<\/p>\n<p>Men det er grunner til at butikkene velger \u00e5 ta inn julevarene tidlig.<\/p>\n<p>\u2013 Noen varer kommer allerede n\u00e5 f\u00f8rst og fremst for \u00e5 f\u00e5 logistikken til \u00e5 g\u00e5 opp. Det er enorme mengder julevarer som skal ut til butikk de neste m\u00e5nedene, og derfor starter vi med varene som har lengst holdbarhet, sa kommunikasjonssjef i Coop, Silje Verlo Alis\u00f8y til Nettavisen tidligere denne uken.<\/p>\n<p>   <img decoding=\"async\" width=\"4032\" height=\"3024\" fetchpriority=\"low\"  loading=\"lazy\"  src=\"https:\/\/www.europesays.com\/no\/wp-content\/uploads\/2025\/10\/Julevarer+i+butikk_1.bin\" alt=\"\" class=\"brick-c-cFOWSL\" style=\"--brick-image-ratio: 4032 \/ 3024;\"\/><\/p>\n<p>    I GOD TID: Det er en god stund til luke en skal \u00e5pnes, men julekalenderen kan kj\u00f8pes allerede n\u00e5.<br \/>\n    Foto: Erik Molland (Nettavisen)\n  <\/p>\n<p>  Saft med julebrus-smak g\u00e5r unna<\/p>\n<p>Da Nettavisen bes\u00f8kte Extra i Pilestredet Park i Oslo denne uken var b\u00e5de marsipan og noen kalendere kommet p\u00e5 plass.<\/p>\n<p>Ogs\u00e5 da vi var innom Narvesen p\u00e5 Carl Berner var det godt utvalg av julemarsipan.<\/p>\n<p>   <img decoding=\"async\" width=\"2048\" height=\"1152\" fetchpriority=\"low\"  loading=\"lazy\"  src=\"https:\/\/www.europesays.com\/no\/wp-content\/uploads\/2025\/10\/46c2eb02-fdcc-4c18-afe8-9659ff1cf3d2.jpg\" alt=\"\" class=\"brick-c-cFOWSL\" style=\"--brick-image-ratio: 2048 \/ 1152;\"\/><\/p>\n<p>    JULEMARSIPAN: Det var godt utvalg av julemarsipan hos Narvesen p\u00e5 Carl Berner<br \/>\n    Foto: Farid Ighoubah (Nettavisen)\n  <\/p>\n<p>Hos Rema 1000 p\u00e5 Fredensborg var det langt mindre julepreg. Her var det kun saft med julebrus-smak som var satt ut i butikken.<\/p>\n<p>\u2013 N\u00e5 har vi s\u00e5 sm\u00e5tt begynt \u00e5 levere ut enkelte julevarer, f\u00f8rst og fremst julebrussaft, frossen ribbe og kakemenn i noen butikker, sier kommunikasjonssjef hos Rema 1000, Hege Rognlien.<\/p>\n<p>Og allerede i september f\u00e5r julebrussaften bein \u00e5 g\u00e5 p\u00e5.<\/p>\n<p>\u2013 Salget viser at kundene spesielt har satt pris p\u00e5 at Fun Light julebrussaft er tilbake i hyllene, sier Rognlien.<\/p>\n<p>Julebrusen n\u00e6rmer seg<\/p>\n<p>Mange har inntrykk av at julevarene kommer stadig tidligere i butikk, men det stemmer ikke, if\u00f8lge Rognlien.<\/p>\n<p>\u2013 Julevarene rulles ut omtrent p\u00e5 samme tid hvert \u00e5r, og julebrusen er tradisjonelt blant de f\u00f8rste produktene som kommer i hyllene, sier hun.<\/p>\n<p>   <img decoding=\"async\" width=\"4032\" height=\"3024\" fetchpriority=\"low\"  loading=\"lazy\"  src=\"https:\/\/www.europesays.com\/no\/wp-content\/uploads\/2025\/10\/Julevarer+i+butikk.bin\" alt=\"\" class=\"brick-c-cFOWSL\" style=\"--brick-image-ratio: 4032 \/ 3024;\"\/><\/p>\n<p>    SELGER GODT: Mange vil ja saft med julebrussmak.<br \/>\n    Foto: Erik Molland (Nettavisen)\n  <\/p>\n<p>Men det store innrykket av julebrus m\u00e5 vi vente enda litt p\u00e5. Det skjer nemlig ikke f\u00f8r 13. oktober.<\/p>\n<p>\u2013 Den kommer som alltid i uke 42, opplyser kommuniksjonsjef Nicolay Bruusgaard. Og Bruusgaard vet nok hva han snakker om.<\/p>\n<p>Hver femte brus er en julebrus<\/p>\n<p>Nettavisen bes\u00f8kte ogs\u00e5 et par Kiwi-butikker, men her fant vi ikke noen julevarer.<\/p>\n<p>\u2013 Vi begynner \u00e5 f\u00e5 inn noen julevarer fra uke 42, med unntak av julebrussaft som kommer allerede fra denne uken, sier kommunikasjonsdirekt\u00f8r Kristine Arvin.<\/p>\n<p>   <img decoding=\"async\" width=\"4032\" height=\"3024\" fetchpriority=\"low\"  loading=\"lazy\"  src=\"https:\/\/www.europesays.com\/no\/wp-content\/uploads\/2025\/10\/Kristine+Aakvaag+Arvin%2C+kommunikasjonsdirektr+i+Kiwi.bin\" alt=\"\" class=\"brick-c-cFOWSL\" style=\"--brick-image-ratio: 4032 \/ 3024;\"\/><\/p>\n<p>    P\u00c5 VEI: Julevarene er p\u00e5 vei sier kommunikasjonsdirekt\u00f8r i Kiwi, Kristine Aakvaag Arvin. Dette bildet er tatt h\u00f8sten 2024.<br \/>\n    Foto: Erik Molland (Nettavisen)\n  <\/p>\n<p>Hun bekrefter at julebrusen er blant varene som kommer i uke 42.<\/p>\n<p>\u2013 Vi vet at mange kunder gleder seg til julebrusen. I oktober og november ligger tradisjonelt andelen julebrus av det totale brussalget i Kiwi p\u00e5 rundt 20 prosent.\u00a0<\/p>\n<p>B\u00e5de Kiwi og Rema 1000 melder at de vil ha hele julesortimentet p\u00e5 plass i butikk fra uke 46.<\/p>\n<p>H\u00f8ye priser<\/p>\n<p>Erfaringsmessig starter det med ganske h\u00f8ye priser p\u00e5 julevarene f\u00f8r de faller kraftig i pris i starten av desember.\u00a0<\/p>\n<p>I fjor kostet for eksempel pakken julemarsipanp\u00f8lser 17,90 hos Extra den 4. desember. Mandag denne uken, 29. september, var prisen 43,90 for den samme pakken. Det er mer enn dobbel pris.<\/p>\n<p>Marsipangris uten sjokolade (65 gram) kostet 9,60 i desember i fjor. N\u00e5 er prisen 27,90. Med andre ord: N\u00e5 er prisen nesten tre ganger s\u00e5 h\u00f8y.<\/p>\n","protected":false},"excerpt":{"rendered":"(Nettavisen) Det er mildt sagt delte meninger om julevarene som kommer i butikk allerede i september. I Nettavisens&hellip;\n","protected":false},"author":2,"featured_media":50237,"comment_status":"","ping_status":"","sticky":false,"template":"","format":"standard","meta":{"footnotes":""},"categories":[56],"tags":[36,60,824,61,5593,737,62,30,28,29,1510],"class_list":{"0":"post-50597","1":"post","2":"type-post","3":"status-publish","4":"format-standard","5":"has-post-thumbnail","7":"category-naeringsliv","8":"tag-art","9":"tag-business","10":"tag-dagligvare","11":"tag-economy","12":"tag-jul","13":"tag-mat","14":"tag-naeringsliv","15":"tag-no","16":"tag-norge","17":"tag-norway","18":"tag-story"},"share_on_mastodon":{"url":"","error":""},"_links":{"self":[{"href":"https:\/\/www.europesays.com\/no\/wp-json\/wp\/v2\/posts\/50597","targetHints":{"allow":["GET"]}}],"collection":[{"href":"https:\/\/www.europesays.com\/no\/wp-json\/wp\/v2\/posts"}],"about":[{"href":"https:\/\/www.europesays.com\/no\/wp-json\/wp\/v2\/types\/post"}],"author":[{"embeddable":true,"href":"https:\/\/www.europesays.com\/no\/wp-json\/wp\/v2\/users\/2"}],"replies":[{"embeddable":true,"href":"https:\/\/www.europesays.com\/no\/wp-json\/wp\/v2\/comments?post=50597"}],"version-history":[{"count":0,"href":"https:\/\/www.europesays.com\/no\/wp-json\/wp\/v2\/posts\/50597\/revisions"}],"wp:featuredmedia":[{"embeddable":true,"href":"https:\/\/www.europesays.com\/no\/wp-json\/wp\/v2\/media\/50237"}],"wp:attachment":[{"href":"https:\/\/www.europesays.com\/no\/wp-json\/wp\/v2\/media?parent=50597"}],"wp:term":[{"taxonomy":"category","embeddable":true,"href":"https:\/\/www.europesays.com\/no\/wp-json\/wp\/v2\/categories?post=50597"},{"taxonomy":"post_tag","embeddable":true,"href":"https:\/\/www.europesays.com\/no\/wp-json\/wp\/v2\/tags?post=50597"}],"curies":[{"name":"wp","href":"https:\/\/api.w.org\/{rel}","templated":true}]}}