{"id":50600,"date":"2025-10-02T04:20:08","date_gmt":"2025-10-02T04:20:08","guid":{"rendered":"https:\/\/www.europesays.com\/no\/50600\/"},"modified":"2025-10-02T04:20:08","modified_gmt":"2025-10-02T04:20:08","slug":"drittlei","status":"publish","type":"post","link":"https:\/\/www.europesays.com\/no\/50600\/","title":{"rendered":"&#8211; Drittlei"},"content":{"rendered":"<p class=\"kicker \" style=\"\">Ut mot Hegseth:<\/p>\n<p>  Forsvarsminister Pete Hegseth hevder kvinner har f\u00e5tt s\u00e6rbehandling i det amerikanske milit\u00e6ret. Det f\u00e5r flere veteraner til \u00e5 se r\u00f8dt.<\/p>\n<p>\n    OMDISKUTERT M\u00d8TE: Forsvarsminister Pete Hegseth talte til amerikanske milit\u00e6rtopper i Virginia forrige uke. Foto: AP Photo\/Evan Vucci\n  <\/p>\n<p>Kvinner som har tjenestegjort i det amerikanske milit\u00e6ret reagerer kraftig p\u00e5 forsvarsminister Pete Hegseths seineste uttalelser.<\/p>\n<p>I et kontroversielt m\u00f8te med milit\u00e6rtopper i Virginia forrige uke, kunngjorde han blant annet at kravene for \u00e5 kvalifisere seg til milit\u00e6ret n\u00e5 vil \u00abg\u00e5 tilbake til den h\u00f8yeste mannlige standarden\u00bb.<\/p>\n<p>    <a itemprop=\"url\" href=\"https:\/\/www.dagbladet.no\/nyheter\/raste-mot-feite-generaler\/83664480\" rel=\"nofollow noopener\" target=\"_blank\"><\/p>\n<p>      <img loading=\"lazy\" decoding=\"async\" src=\"https:\/\/www.europesays.com\/no\/wp-content\/uploads\/2025\/10\/1759378807_970_83657284.webp\" width=\"980\" height=\"441\" title=\"Raste mot \u00abfeite generaler\u00bb\" alt=\"\" class=\"lazyload\" style=\"--aspect-ratio-image: 2.22; \"\/><\/p>\n<p>        Raste mot \u00abfeite generaler\u00bb<\/p>\n<p>    <\/a><\/p>\n<p class=\"font-weight-bold m-font-weight-bold\" data-lab-font_weight=\"font-weight-bold\">Han antydet videre at milit\u00e6ret har senket standardene for \u00e5 im\u00f8tekomme kvinner, og at det vil bli en slutt p\u00e5 denne praksisen.<\/p>\n<p>&#8211; Hvis det betyr at ingen kvinner kvalifiserer seg for kamp, s\u00e5 f\u00e5r det v\u00e6re s\u00e5, sa han i talen.<\/p>\n<p>          <img loading=\"lazy\" decoding=\"async\" src=\"https:\/\/www.europesays.com\/no\/wp-content\/uploads\/2025\/10\/1759378807_912_83669435.webp\" width=\"980\" height=\"559\" title=\"TORDENTALE: Hegseth pekte p\u00e5 flere ting han \u00f8nsket \u00e5 endre i det amerikanske milit\u00e6ret. Foto: Andrew Harnik \/ GETTY IMAGES NORTH AMERICA \/ Getty Images via AFP\" alt=\"\" class=\"\" style=\"--aspect-ratio-image: 1.75; \"\/><\/p>\n<p>\n          TORDENTALE: Hegseth pekte p\u00e5 flere ting han \u00f8nsket \u00e5 endre i det amerikanske milit\u00e6ret. Foto: Andrew Harnik \/ GETTY IMAGES NORTH AMERICA \/ Getty Images via AFP\n      <\/p>\n<p>Sterke reaksjoner\t<\/p>\n<p>N\u00e5 sl\u00e5r flere veteraner tilbake, og hevder at standardene alltid har v\u00e6rt de samme for menn og kvinner.<\/p>\n<p>Den tidligere jagerpiloten Amy McGrath raser i en video p\u00e5 Instagram:<\/p>\n<p>&#8211; Jeg er drittlei av at Pete Hegseth lyver om kvinner og standarder i milit\u00e6ret. Det har alltid v\u00e6rt \u00e9n standard for disse jobbene. Det har aldri v\u00e6rt en manns- eller kvinnestandard for \u00e5 fly et jagerfly, sier hun.<\/p>\n<p>          <img loading=\"lazy\" decoding=\"async\" src=\"https:\/\/www.europesays.com\/no\/wp-content\/uploads\/2025\/10\/1759378807_631_83669437.webp\" width=\"686\" height=\"392\" title=\"KRASS KRITIKK: Amy McGrath er en amerikansk tidligere jagerpilot. Hun har ogs\u00e5 v\u00e6rt politisk aktiv, som representant for Det demokratiske partiet. Foto: AP Photo\/Bryan Woolston, Arkiv\" alt=\"\" class=\"\" style=\"--aspect-ratio-image: 1.75; \"\/><\/p>\n<p>\n          KRASS KRITIKK: Amy McGrath er en amerikansk tidligere jagerpilot. Hun har ogs\u00e5 v\u00e6rt politisk aktiv, som representant for Det demokratiske partiet. Foto: AP Photo\/Bryan Woolston, Arkiv\n      <\/p>\n<p>Elisa Cardnell, som tjenestegjorde i den amerikanske marinen i elleve \u00e5r, uttrykker ogs\u00e5 sin misn\u00f8ye med Hegseths kommentarer.<\/p>\n<p class=\"font-weight-bold m-font-weight-bold\" data-lab-font_weight=\"font-weight-bold\">&#8211; Ingen av oss har noen gang bedt om spesialbehandling, sier hun.<\/p>\n<p>Cardnell understreker at det er forskjellige standarder avhengig av hvilken enhet en person tjenestegj\u00f8r i, men at alt personell i disse rollene m\u00e5 best\u00e5 den samme testen.<\/p>\n<p>&#8211; Disse standardene har alltid v\u00e6rt kj\u00f8nnsn\u00f8ytrale, og de har alltid v\u00e6rt satt h\u00f8yt. Selvf\u00f8lgelig kommer ikke alle kvinner til \u00e5 klare dem, men det gj\u00f8r heller ikke alle menn, sier hun overfor kringkasteren <a href=\"https:\/\/www.bbc.com\/news\/articles\/cy8525w2v5wo\" rel=\"nofollow noopener\" target=\"_blank\">BBC<\/a>.<\/p>\n<p>        USA: Forsvarsminister Pete Hegseth kunngjorde tirsdag at han vil styre forsvaret i en ny retning, noe kommentator Marie Heiberg Simonsen er sv\u00e6rt skeptisk til. Reporter: Edward Stenlund \/ Dagbladet TV. Video: Reuters. <\/p>\n<p>&#8211; Mener kvinner jukser\t<\/p>\n<p>Kaptein Lory Manning, som tjenestegjorde i marinen i over 25 \u00e5r og til tider kommanderte enheter p\u00e5 over 400 personer, sier til nyhetsbyr\u00e5et <a href=\"https:\/\/apnews.com\/article\/hegseth-pentagon-defense-combat-women-trump-b423fd49730d9ab97151a2d2a4fdf6a7\" rel=\"nofollow noopener\" target=\"_blank\">AP<\/a>\u00a0at skepsis rundt kvinners evner i milit\u00e6ret ikke er noe nytt.<\/p>\n<p>&#8211; Det ville allerede ha v\u00e6rt et slags oppr\u00f8r hvis kvinner konsekvent ikke klarte \u00e5 prestere eller kompromitterte milit\u00e6re standarder, sier hun, og legger til:<\/p>\n<p>&#8211; Han (Hegseth, journ.anm.) har bare f\u00e5tt det for seg at kvinner p\u00e5 en eller annen m\u00e5te jukser.<\/p>\n<p>    <a itemprop=\"url\" href=\"https:\/\/www.dagbladet.no\/nyheter\/spekulasjonene-hagler-uten-sidestykke\/83659599\" rel=\"nofollow noopener\" target=\"_blank\"><\/p>\n<p>      <img loading=\"lazy\" decoding=\"async\" src=\"https:\/\/www.europesays.com\/no\/wp-content\/uploads\/2025\/10\/1759378808_901_83660524.webp\" width=\"147\" height=\"98\" title=\"Spekulasjonene hagler: Uten sidestykke\" alt=\"\" class=\"lazyload\" style=\"--aspect-ratio-image: 1.50; \"\/><\/p>\n<p>        Spekulasjonene hagler: Uten sidestykke<\/p>\n<p>    <\/a><\/p>\n<p>Senator Tammy Duckworth, en krigsveteran som ble alvorlig skadd da hun tjenestegjorde som pilot i Irak, peker p\u00e5 Hegseths egen rolle etter milit\u00e6rm\u00f8tet.<\/p>\n<p>&#8211; For en fyr som ikke er kvalifisert for sin egen jobb, er det ganske diskriminerende \u00e5 snakke om kvinner som er kvalifisert til \u00e5 gj\u00f8re jobben sin, sier hun overfor BBC.<\/p>\n<p>          <img loading=\"lazy\" decoding=\"async\" src=\"https:\/\/www.europesays.com\/no\/wp-content\/uploads\/2025\/10\/1759378808_151_83669433.webp\" width=\"686\" height=\"392\" title=\"P\u00c5 SCENEN: Ogs\u00e5 president Donald Trump talte til forsamlingen i Virginia. Foto: NTB\" alt=\"\" class=\"\" style=\"--aspect-ratio-image: 1.75; \"\/><\/p>\n<p>\n          P\u00c5 SCENEN: Ogs\u00e5 president Donald Trump talte til forsamlingen i Virginia. Foto: NTB\n      <\/p>\n<p>St\u00f8tter Hegseth\t<\/p>\n<p>Det finnes likevel veteraner som forsvarer Hegseths kommentarer i kj\u00f8lvannet av m\u00f8tet.<\/p>\n<p>Den republikanske politikeren Sheri Biggs, som tjenestegjorde som oberstl\u00f8ytnant i Air National Guard, sier at hun st\u00f8tter forsvarsministerens innsats for \u00e5 f\u00e5 slutt p\u00e5 \u00abwoke-kultur\u00bb i milit\u00e6ret.<\/p>\n<p>&#8211; \u00c5 g\u00e5 tilbake til standarder som prioriterer suksess og ansvarlighet, setter USAs sikkerhet og v\u00e5re medlemmer der de h\u00f8rer hjemme &#8211; f\u00f8rst, sa Biggs i en uttalelse til AP.<\/p>\n<p>          <img loading=\"lazy\" decoding=\"async\" src=\"https:\/\/www.europesays.com\/no\/wp-content\/uploads\/2025\/10\/1759378808_988_83669431.webp\" width=\"686\" height=\"392\" title=\"STORT OPPM\u00d8TE: Cirka 800 h\u00f8ytst\u00e5ende amerikanske milit\u00e6roffiserer ble innkalt til m\u00f8tet ved Marine Corps Base Quantico 30. september. Foto av Andrew Harnik \/ POOL \/ AFP\" alt=\"\" class=\"\" style=\"--aspect-ratio-image: 1.75; \"\/><\/p>\n<p>\n          STORT OPPM\u00d8TE: Cirka 800 h\u00f8ytst\u00e5ende amerikanske milit\u00e6roffiserer ble innkalt til m\u00f8tet ved Marine Corps Base Quantico 30. september. Foto av Andrew Harnik \/ POOL \/ AFP\n      <\/p>\n<p>En annen republikaner fra S\u00f8r-Carolina, representant Nancy Mace, som ble uteksaminert fra milit\u00e6rh\u00f8yskolen The Citadel Military College, la ut et innlegg p\u00e5 X til st\u00f8tte for Hegseth.<\/p>\n<p>&#8211; V\u00e5re fiender frykter ikke mangfoldskvoter. De frykter amerikansk ildkraft, sier hun.<\/p>\n","protected":false},"excerpt":{"rendered":"Ut mot Hegseth: Forsvarsminister Pete Hegseth hevder kvinner har f\u00e5tt s\u00e6rbehandling i det amerikanske milit\u00e6ret. Det f\u00e5r flere&hellip;\n","protected":false},"author":2,"featured_media":50601,"comment_status":"","ping_status":"","sticky":false,"template":"","format":"standard","meta":{"footnotes":""},"categories":[5],"tags":[20,21,55,24,25,15,19,22,23,17,18,13,30,28,29,14,16,6506,26,27,50,412],"class_list":{"0":"post-50600","1":"post","2":"type-post","3":"status-publish","4":"format-standard","5":"has-post-thumbnail","7":"category-overskrifter","8":"tag-breaking-news","9":"tag-breakingnews","10":"tag-donald-trump","11":"tag-featured-news","12":"tag-featurednews","13":"tag-headlines","14":"tag-hovedoppslag","15":"tag-latest-news","16":"tag-latestnews","17":"tag-main-news","18":"tag-mainnews","19":"tag-news","20":"tag-no","21":"tag-norge","22":"tag-norway","23":"tag-nyheter","24":"tag-overskrifter","25":"tag-pete-hegseth","26":"tag-top-stories","27":"tag-topstories","28":"tag-usa","29":"tag-utenriks"},"share_on_mastodon":{"url":"","error":""},"_links":{"self":[{"href":"https:\/\/www.europesays.com\/no\/wp-json\/wp\/v2\/posts\/50600","targetHints":{"allow":["GET"]}}],"collection":[{"href":"https:\/\/www.europesays.com\/no\/wp-json\/wp\/v2\/posts"}],"about":[{"href":"https:\/\/www.europesays.com\/no\/wp-json\/wp\/v2\/types\/post"}],"author":[{"embeddable":true,"href":"https:\/\/www.europesays.com\/no\/wp-json\/wp\/v2\/users\/2"}],"replies":[{"embeddable":true,"href":"https:\/\/www.europesays.com\/no\/wp-json\/wp\/v2\/comments?post=50600"}],"version-history":[{"count":0,"href":"https:\/\/www.europesays.com\/no\/wp-json\/wp\/v2\/posts\/50600\/revisions"}],"wp:featuredmedia":[{"embeddable":true,"href":"https:\/\/www.europesays.com\/no\/wp-json\/wp\/v2\/media\/50601"}],"wp:attachment":[{"href":"https:\/\/www.europesays.com\/no\/wp-json\/wp\/v2\/media?parent=50600"}],"wp:term":[{"taxonomy":"category","embeddable":true,"href":"https:\/\/www.europesays.com\/no\/wp-json\/wp\/v2\/categories?post=50600"},{"taxonomy":"post_tag","embeddable":true,"href":"https:\/\/www.europesays.com\/no\/wp-json\/wp\/v2\/tags?post=50600"}],"curies":[{"name":"wp","href":"https:\/\/api.w.org\/{rel}","templated":true}]}}