{"id":50608,"date":"2025-10-02T04:34:17","date_gmt":"2025-10-02T04:34:17","guid":{"rendered":"https:\/\/www.europesays.com\/no\/50608\/"},"modified":"2025-10-02T04:34:17","modified_gmt":"2025-10-02T04:34:17","slug":"roper-brudd","status":"publish","type":"post","link":"https:\/\/www.europesays.com\/no\/50608\/","title":{"rendered":"R\u00f8per brudd"},"content":{"rendered":"<p class=\"kicker \" style=\"\">\u00abLove Island Norge\u00bb:\u00a0<\/p>\n<p>  &#8211; S\u00e5nn er livet, og s\u00e5nn er kj\u00e6rligheten noen ganger, skriver paret i et felles innlegg.\u00a0<\/p>\n<p>\n    SLUTT: \u00abLove Island\u00bb-paret Elisabeth Henriksen Reither og Henrik Fossedal har gjort det slutt. Foto: Instagram \/ @henkebabe\n  <\/p>\n<p>\u00abLove Island\u00bb-paret Henrik Fossedal (29) og Elisabeth Henriksen Reither (28) fant kj\u00e6rligheten inne i villaen p\u00e5 Gran Canaria i januar i fjor, og stakk av med seieren.\u00a0<\/p>\n<p>N\u00e5 r\u00f8per paret at de gjort det slutt.\u00a0<\/p>\n<p>    <a itemprop=\"url\" href=\"https:\/\/www.seher.no\/kjendis\/krever-skilsmisse\/83663525\" rel=\"nofollow noopener\" target=\"_blank\"><\/p>\n<p>      <img loading=\"lazy\" decoding=\"async\" src=\"https:\/\/www.europesays.com\/no\/wp-content\/uploads\/2025\/10\/83663539.webp\" width=\"147\" height=\"98\" title=\"Rystet av rykter: Krever skilsmisse\" alt=\"\" class=\"lazyload\" style=\"--aspect-ratio-image: 1.50; \"\/><\/p>\n<p>        Rystet av rykter: Krever skilsmisse<\/p>\n<p>    <\/a><\/p>\n<p>\u00abDet var ikke s\u00e5nn det skulle bli\u2026 Det er ikke alt som er ment \u00e5 vare selv om man er glad i hverandre\u00bb, skriver paret i et felles innlegg p\u00e5\u00a0<a href=\"https:\/\/www.instagram.com\/girlfromjerseycity\/\" rel=\"nofollow noopener\" target=\"_blank\">Instagram<\/a>, og fortsetter:<\/p>\n<p> \u00abS\u00e5nn er livet, og s\u00e5nn er kj\u00e6rligheten noen ganger. Vi har bestemt oss for \u00e5 g\u00e5 hvert til v\u00e5rt, men vi har fortsatt enormt mye kj\u00e6rlighet og respekt for hverandre\u00bb. <\/p>\n<p>Begge forsikrer at det ikke ligger noe dramatikk bak bruddet, og at de \u00f8nsker hverandre alt godt.<\/p>\n<p>    <a itemprop=\"url\" href=\"https:\/\/www.seher.no\/kjendis\/her-blir-de-avslort\/83662418\" rel=\"nofollow noopener\" target=\"_blank\"><\/p>\n<p>      <img loading=\"lazy\" decoding=\"async\" src=\"https:\/\/www.europesays.com\/no\/wp-content\/uploads\/2025\/10\/83662373.webp\" width=\"980\" height=\"441\" title=\"Her blir de avsl\u00f8rt\" alt=\"\" class=\"lazyload\" style=\"--aspect-ratio-image: 2.22; \"\/><\/p>\n<p>        Her blir de avsl\u00f8rt<\/p>\n<p>    <\/a><\/p>\n<p> \u00abVi vil alltid v\u00e6re takknemlige for reisen vi har hatt sammen. For ja, det var en reise &#8211; og ja, det var ekte. Tusen takk til alle som har heiet p\u00e5 oss hele veien. Vi setter utrolig stor pris p\u00e5 det\u00bb, avslutter de. <\/p>\n<p class=\"italic m-italic\" data-lab-italic=\"italic\">Fossedal jobber som sportsjournalist i Dagbladet, som i likhet med Se og H\u00f8r eies av Aller Media.<\/p>\n<p>      <script async src=\"\/\/www.instagram.com\/embed.js\"><\/script><\/p>\n","protected":false},"excerpt":{"rendered":"\u00abLove Island Norge\u00bb:\u00a0 &#8211; S\u00e5nn er livet, og s\u00e5nn er kj\u00e6rligheten noen ganger, skriver paret i et felles&hellip;\n","protected":false},"author":2,"featured_media":50609,"comment_status":"","ping_status":"","sticky":false,"template":"","format":"standard","meta":{"footnotes":""},"categories":[5],"tags":[20,21,24,25,15,7624,19,479,2543,22,23,4466,17,18,13,30,28,29,14,16,26,27],"class_list":{"0":"post-50608","1":"post","2":"type-post","3":"status-publish","4":"format-standard","5":"has-post-thumbnail","7":"category-overskrifter","8":"tag-breaking-news","9":"tag-breakingnews","10":"tag-featured-news","11":"tag-featurednews","12":"tag-headlines","13":"tag-henrik-fossedal","14":"tag-hovedoppslag","15":"tag-kjendis","16":"tag-kjendisdesken","17":"tag-latest-news","18":"tag-latestnews","19":"tag-love-island","20":"tag-main-news","21":"tag-mainnews","22":"tag-news","23":"tag-no","24":"tag-norge","25":"tag-norway","26":"tag-nyheter","27":"tag-overskrifter","28":"tag-top-stories","29":"tag-topstories"},"share_on_mastodon":{"url":"","error":""},"_links":{"self":[{"href":"https:\/\/www.europesays.com\/no\/wp-json\/wp\/v2\/posts\/50608","targetHints":{"allow":["GET"]}}],"collection":[{"href":"https:\/\/www.europesays.com\/no\/wp-json\/wp\/v2\/posts"}],"about":[{"href":"https:\/\/www.europesays.com\/no\/wp-json\/wp\/v2\/types\/post"}],"author":[{"embeddable":true,"href":"https:\/\/www.europesays.com\/no\/wp-json\/wp\/v2\/users\/2"}],"replies":[{"embeddable":true,"href":"https:\/\/www.europesays.com\/no\/wp-json\/wp\/v2\/comments?post=50608"}],"version-history":[{"count":0,"href":"https:\/\/www.europesays.com\/no\/wp-json\/wp\/v2\/posts\/50608\/revisions"}],"wp:featuredmedia":[{"embeddable":true,"href":"https:\/\/www.europesays.com\/no\/wp-json\/wp\/v2\/media\/50609"}],"wp:attachment":[{"href":"https:\/\/www.europesays.com\/no\/wp-json\/wp\/v2\/media?parent=50608"}],"wp:term":[{"taxonomy":"category","embeddable":true,"href":"https:\/\/www.europesays.com\/no\/wp-json\/wp\/v2\/categories?post=50608"},{"taxonomy":"post_tag","embeddable":true,"href":"https:\/\/www.europesays.com\/no\/wp-json\/wp\/v2\/tags?post=50608"}],"curies":[{"name":"wp","href":"https:\/\/api.w.org\/{rel}","templated":true}]}}