{"id":50620,"date":"2025-10-02T04:53:09","date_gmt":"2025-10-02T04:53:09","guid":{"rendered":"https:\/\/www.europesays.com\/no\/50620\/"},"modified":"2025-10-02T04:53:09","modified_gmt":"2025-10-02T04:53:09","slug":"shazia-majid-om-trumps-klarsignal-til-a-kjope-tiktok-amerikanske-virksomhet","status":"publish","type":"post","link":"https:\/\/www.europesays.com\/no\/50620\/","title":{"rendered":"Shazia Majid om Trumps klarsignal til \u00e5 kj\u00f8pe TikTok amerikanske virksomhet"},"content":{"rendered":"\n<ul class=\"_list_1994c_3 _list_64s2r_85 _unordered_1994c_105 text-sans-m\">\n<li class=\"_item_1994c_30\">Trump-venners overtakelse av TikTok er sv\u00e6rt d\u00e5rlige nyheter for amerikansk demokrati, mener VGs kommentator.<\/li>\n<li class=\"_item_1994c_30\">Murdoch og Ellison kan manipulere algoritmen for \u00e5 spre MAGA-propaganda, noe som vil \u00f8ke polariseringen.<\/li>\n<li class=\"_item_1994c_30\"> Dette er en kommentar. Kommentaren gir uttrykk for skribentens holdning.<\/li>\n<\/ul>\n<p>Vis mer <\/p>\n<p class=\"_paragraph_1994c_4 _paragraph_xtcu6_10 layout-component text-serif-m layout-normal text-serif-m layout-padded\">I en <a href=\"https:\/\/www.whitehouse.gov\/presidential-actions\/2025\/09\/saving-tiktok-while-protecting-national-security\/\" class=\"_link_1994c_39\" rel=\"nofollow noopener\" target=\"_blank\">presidentordre<\/a> torsdag 26. september ga Donald Trump gr\u00f8nt lys for oppkj\u00f8p av over <a href=\"https:\/\/www.reuters.com\/world\/trump-signs-order-declaring-tiktok-sale-plan-meets-us-requirements-2025-09-25\/\" class=\"_link_1994c_39\" rel=\"nofollow noopener\" target=\"_blank\">80 prosent av den kinesisk-eide TikToks amerikanske virksomhet.<\/a><\/p>\n<p class=\"_paragraph_1994c_4 _paragraph_xtcu6_10 layout-component text-serif-m layout-normal text-serif-m layout-padded\">Av alle d\u00e5rlige nyheter fra USA i 2025, kan dette vise seg \u00e5 bli en av de aller verste. <\/p>\n<p class=\"_paragraph_1994c_4 _paragraph_xtcu6_10 layout-component text-serif-m layout-normal text-serif-m layout-padded\">Overtagelsen kan f\u00e5 dramatiske konsekvenser for en allerede dypt splittet USA.<\/p>\n<p class=\"_paragraph_1994c_4 _paragraph_xtcu6_10 layout-component text-serif-m layout-normal text-serif-m layout-padded\">Det kan smitte over p\u00e5 samtalen i Norge og Europa.<\/p>\n<p class=\"_paragraph_1994c_4 _paragraph_xtcu6_10 layout-component text-serif-m layout-normal text-serif-m layout-padded\">Kjernen i saken er hvem som n\u00e5 skal eie og styre <a href=\"https:\/\/www.vg.no\/tag\/tiktok?utm_source=vg-article&amp;utm_medium=auto-tagger&amp;utm_campaign=B0omlE\" class=\"_link_1994c_39\" rel=\"nofollow noopener\" target=\"_blank\">TikTok<\/a> i USA. <\/p>\n<p class=\"_paragraph_1994c_4 _paragraph_xtcu6_10 layout-component text-serif-m layout-normal text-serif-m layout-padded\">Det er Trumps n\u00e6rmeste st\u00f8ttespillere: <\/p>\n<p class=\"_paragraph_1994c_4 _paragraph_xtcu6_10 layout-component text-serif-m layout-normal text-serif-m layout-padded\">Blant andre Fox news-eier Rupert Murdoch, og den mindre kjente, men desto mektigere, Larry Ellison, <a href=\"https:\/\/www.vg.no\/nyheter\/i\/yEQ4KK\/nbc-rupert-murdoch-og-soenn-blir-trolig-involvert-i-tiktok-avtale-sier-trump\" data-track-element-type=\"Link\" data-track-id=\"link:yEQ4KK\" class=\"_link_1994c_39\" rel=\"nofollow noopener\" target=\"_blank\">if\u00f8lge Trump selv<\/a>. <\/p>\n<p class=\"_paragraph_1994c_4 _paragraph_xtcu6_10 layout-component text-serif-m layout-normal text-serif-m layout-padded\">Ellison er grunnlegger av IT-giganten Oracle og i dag den neste rikeste mannen i verden. Han g\u00e5r, if\u00f8lge kilder i Trump-administrasjonen inn b\u00e5de som investor og styremedlem. <a href=\"https:\/\/www.theguardian.com\/us-news\/2025\/sep\/11\/who-is-larry-ellison-richest-person-oracle?utm_source=chatgpt.com\" class=\"_link_1994c_39\" rel=\"nofollow noopener\" target=\"_blank\">Han og s\u00f8nnen har allerede betydelig kontroll over det amerikanske medielandskapet.<\/a><\/p>\n<p><img alt=\"Foto: KIRILL KUDRYAVTSEV \/ AFP \/ NTB\" class=\"_image_qp4xg_65 layout-component layout-normal\" data-fullscreen- data-track-element-type=\"Article image fullscreen\" data-track-name=\"ImageFullscreen\" decoding=\"async\" loading=\"lazy\" height=\"3993\" itemprop=\"image\"  src=\"https:\/\/www.europesays.com\/no\/wp-content\/uploads\/2025\/10\/c8dcbcc5-d642-4a16-999e-aa3053458485\"  style=\"object-position:0% 0%\" width=\"4882\"\/>Foto: KIRILL KUDRYAVTSEV \/ AFP \/ NTB<\/p>\n<p class=\"_paragraph_1994c_4 _paragraph_xtcu6_10 layout-component text-serif-m layout-normal text-serif-m layout-padded\">Ellison er dessuten en <a href=\"https:\/\/www.jpost.com\/israel-news\/netanyahu-dines-with-states-witness-against-him-in-hawaii-678055\" class=\"_link_1994c_39\" rel=\"nofollow noopener\" target=\"_blank\">n\u00e6r st\u00f8ttespiller<\/a> av Israels statsminister Benjamin Netanyahu og den <a href=\"https:\/\/variety.com\/2017\/biz\/vpage\/friends-israel-defense-forces-gala-raises-record-breaking-53-8-million-1202606799\/\" class=\"_link_1994c_39\" rel=\"nofollow noopener\" target=\"_blank\">st\u00f8rste private bidragsyteren<\/a> til det israelske forsvaret, IDF. <\/p>\n<p class=\"_paragraph_1994c_4 _paragraph_xtcu6_10 layout-component text-serif-m layout-normal text-serif-m layout-padded\">Fox News er p\u00e5 sin side den forlengede armen og viktigste talerstolen til Trump og MAGA-bevegelsen. <\/p>\n<p class=\"_paragraph_1994c_4 _paragraph_xtcu6_10 layout-component text-serif-m layout-normal text-serif-m layout-padded\">Og en av \u00e5rsakene til at Trump har kommet til makten i USA to ganger.<\/p>\n<p class=\"_paragraph_1994c_4 _paragraph_xtcu6_10 layout-component text-serif-m layout-normal text-serif-m layout-padded\">Den sterkt h\u00f8yrevridde kanalen var avgj\u00f8rende i \u00e5 spre l\u00f8gnene om at presidentvalget i 2020 var \u00abstj\u00e5let\u00bb. <\/p>\n<p class=\"_paragraph_1994c_4 _paragraph_xtcu6_10 layout-component text-serif-m layout-normal text-serif-m layout-padded\">I 2023 ble Fox d\u00f8mt til \u00e5 betale n\u00e6r to milliarder dollar i erstatning for \u00e5 ha fremmet denne falske fortellingen.<\/p>\n<p class=\"_paragraph_1994c_4 _paragraph_xtcu6_10 layout-component text-serif-m layout-normal text-serif-m layout-padded\">Fox har i tillegg systematisk spredt desinformasjondesinformasjonDesinformasjon: Bevisst spredning av feilaktig eller villedende informasjon for \u00e5 p\u00e5virke folks oppfatninger eller handlinger. om klimaendringer, covid-19 og innvandring.<\/p>\n<p class=\"_paragraph_1994c_4 _paragraph_xtcu6_10 layout-component text-serif-m layout-normal text-serif-m layout-padded\">Og mange tidligere Fox-profiler har n\u00e5 f\u00e5tt plass som ministre i Trump-administrasjonen. Blant annet forsvarsminister Pete Hegeseth og etterretningssjef Tulsi Gabbard.<\/p>\n<p><img alt=\"Foto: Dado Ruvic \/ Reuters \/ NTB\" class=\"_image_qp4xg_65 layout-component layout-normal\" data-fullscreen- data-track-element-type=\"Article image fullscreen\" data-track-name=\"ImageFullscreen\" decoding=\"async\" loading=\"lazy\" height=\"1995\" itemprop=\"image\"  src=\"https:\/\/www.europesays.com\/no\/wp-content\/uploads\/2025\/10\/0bb76ce5-4550-4da5-a4ab-d30323d918d9\"  style=\"object-position:0% 0%\" width=\"2603\"\/>Foto: Dado Ruvic \/ Reuters \/ NTB<\/p>\n<p class=\"_paragraph_1994c_4 _paragraph_xtcu6_10 layout-component text-serif-m layout-normal text-serif-m layout-padded\">Den nye eiersammensetningen av TikTok er derfor dypt urovekkende.<\/p>\n<p class=\"_paragraph_1994c_4 _paragraph_xtcu6_10 layout-component text-serif-m layout-normal text-serif-m layout-padded\">Se bare p\u00e5 <a href=\"https:\/\/www.politico.eu\/article\/eu-charges-musks-x-for-letting-disinfo-run-wild\/\" class=\"_link_1994c_39\" rel=\"nofollow noopener\" target=\"_blank\">hva som skjedde med X<\/a> (tidligere Twitter) etter at Elon Musk tok over i 2022. <\/p>\n<p class=\"_paragraph_1994c_4 _paragraph_xtcu6_10 layout-component text-serif-m layout-normal text-serif-m layout-padded\">Desinformasjon, l\u00f8gn og hets spres i dag fritt, og til og med fremmes av appens algoritmeralgoritmerAlgoritmer: Et sett med regler eller instruksjoner som en datamaskin f\u00f8lger for \u00e5 l\u00f8se et problem eller utf\u00f8re en oppgave, ofte brukt for \u00e5 bestemme hva som vises i sosiale medier-feeder.. <\/p>\n<p class=\"_paragraph_1994c_4 _paragraph_xtcu6_10 layout-component text-serif-m layout-normal text-serif-m layout-padded\">Musk selv har dessuten aktivt bidratt til \u00e5 oppildne h\u00f8yrevridde og h\u00f8yreekstreme milj\u00f8er i b\u00e5de USA og Europa.<\/p>\n<p class=\"_paragraph_1994c_4 _paragraph_xtcu6_10 layout-component text-serif-m layout-normal text-serif-m layout-padded\">Men TikTok-overtakelsen kan bli enda verre. <\/p>\n<p class=\"_paragraph_1994c_4 _paragraph_xtcu6_10 layout-component text-serif-m layout-normal text-serif-m layout-padded\">Fordi majoriteten av appens 170 millioner amerikanske brukere er ungdommer og unge voksne. <\/p>\n<p class=\"_paragraph_1994c_4 _paragraph_xtcu6_10 layout-component text-serif-m layout-normal text-serif-m layout-padded\">43 prosent av unge amerikanere under 30 \u00e5r f\u00e5r n\u00e5 sine nyheter fra TikTok, <a href=\"https:\/\/www.pewresearch.org\/short-reads\/2025\/09\/25\/1-in-5-americans-now-regularly-get-news-on-tiktok-up-sharply-from-2020\/\" class=\"_link_1994c_39\" rel=\"nofollow noopener\" target=\"_blank\">viser forskning<\/a>. <\/p>\n<p class=\"_paragraph_1994c_4 _paragraph_xtcu6_10 layout-component text-serif-m layout-normal text-serif-m layout-padded\">Hvorfor m\u00e5 kinesiske ByteDance Ltd. selge TikTok? <\/p>\n<p class=\"_paragraph_1994c_4 _paragraph_xtcu6_10 layout-component text-serif-m layout-normal text-serif-m layout-padded\">Fordi det lenge var <a href=\"https:\/\/www.vg.no\/nyheter\/i\/KMdvo7\/ole-kristian-stroem-kommenterer-verdens-to-mektigste-menn-kjemper-om-algoritmene\" data-track-element-type=\"Link\" data-track-id=\"link:KMdvo7\" class=\"_link_1994c_39\" rel=\"nofollow noopener\" target=\"_blank\">frykt for at amerikanske brukeres data kunne misbrukes \u2013  <\/a>og at kinesiske myndigheter gjennom algoritmer kunne fremme propaganda. <\/p>\n<p class=\"_paragraph_1994c_4 _paragraph_xtcu6_10 layout-component text-serif-m layout-normal text-serif-m layout-padded\">Derfor ble det f\u00f8r Trump tiltr\u00e5dte i januar vedtatt en ny amerikansk lov, med bred politisk st\u00f8tte. <\/p>\n<p class=\"_paragraph_1994c_4 _paragraph_xtcu6_10 layout-component text-serif-m layout-normal text-serif-m layout-padded\">Den forbyr apper \u00abkontrollert av en fremmed fiendtlig akt\u00f8r\u00bb \u00e5 operere i USA.<\/p>\n<p class=\"_paragraph_1994c_4 _paragraph_xtcu6_10 layout-component text-serif-m layout-normal text-serif-m layout-padded\">ByteDance ble derfor bedt om \u00e5 enten selge appen eller bli bannlyst i USA. I januar <a href=\"https:\/\/www.vg.no\/nyheter\/i\/LMdMnP\/trump-vil-trolig-gi-tiktok-90-dagers-utsettelse\" data-track-element-type=\"Link\" data-track-id=\"link:LMdMnP\" class=\"_link_1994c_39\" rel=\"nofollow noopener\" target=\"_blank\">gikk appen i svart<\/a> i ett d\u00f8gn.<\/p>\n<p class=\"_paragraph_1994c_4 _paragraph_xtcu6_10 layout-component text-serif-m layout-normal text-serif-m layout-padded\">Siden har Trump gitt kineserne flere utsettelser og forhandlet om formuleringene i avtalen.<\/p>\n<p><img alt=\"IKKE PROPAGANDA: Ved kunngj\u00f8ringen 26. september uttalte visepresident J.D. Vance at appen n\u00e5 kommer til \u00e5 v\u00e6re tryggere for amerikanere. Og at den ikke kommer til \u00e5 bli brukt som propganda-v\u00e5pen.   Foto: Alex Brandon \/ AP \/ NTB\" class=\"_image_qp4xg_65 layout-component layout-normal\" data-fullscreen- data-track-element-type=\"Article image fullscreen\" data-track-name=\"ImageFullscreen\" decoding=\"async\" loading=\"lazy\" height=\"3712\" itemprop=\"image\"  src=\"https:\/\/www.europesays.com\/no\/wp-content\/uploads\/2025\/10\/332e5640-a2cf-4b40-959e-fba9a14fcf37\"  style=\"object-position:0% 0%\" width=\"4253\"\/>IKKE PROPAGANDA: Ved kunngj\u00f8ringen 26. september uttalte visepresident J.D. Vance at appen n\u00e5 kommer til \u00e5 v\u00e6re tryggere for amerikanere. Og at den ikke kommer til \u00e5 bli brukt som propganda-v\u00e5pen.   Foto: Alex Brandon \/ AP \/ NTB<\/p>\n<p class=\"_paragraph_1994c_4 _paragraph_xtcu6_10 layout-component text-serif-m layout-normal text-serif-m layout-padded\">N\u00e5 skal Kinas president Xi Jinping, if\u00f8lge Trump, ha akseptert \u00e5 selge appens amerikanske virksomhet til amerikanske eiere. <\/p>\n<p class=\"_paragraph_1994c_4 _paragraph_xtcu6_10 layout-component text-serif-m layout-normal text-serif-m layout-padded\">Mens ByteDance beholder 19,9 prosent av eierandelen. <\/p>\n<p class=\"_paragraph_1994c_4 _paragraph_xtcu6_10 layout-component text-serif-m layout-normal text-serif-m layout-padded\">Det betyr at brukerdata fra amerikanske TikTok-brukere skal lagres p\u00e5 amerikansk jord. <\/p>\n<p class=\"_paragraph_1994c_4 _paragraph_xtcu6_10 layout-component text-serif-m layout-normal text-serif-m layout-padded\">Men det mest avgj\u00f8rende er dette: <\/p>\n<p class=\"_paragraph_1994c_4 _paragraph_xtcu6_10 layout-component text-serif-m layout-normal text-serif-m layout-padded\">Algoritmen, kildekodenkildekodenKildekode: Den opprinnelige koden skrevet av programmerere som utgj\u00f8r grunnlaget for et dataprogram eller en applikasjon. og innholdsmodereringeninnholdsmodereringenInnholdsmoderering: Prosessen med \u00e5 overv\u00e5ke og kontrollere innhold som publiseres p\u00e5 en plattform for \u00e5 sikre at det overholder retningslinjer og regler. av TikTok skal, if\u00f8lge presidentorderen v\u00e6re underlagt det nye selskapet. <\/p>\n<p class=\"_paragraph_1994c_4 _paragraph_xtcu6_10 layout-component text-serif-m layout-normal text-serif-m layout-padded\">Hva kinesiske myndigheter mener om dette vites ikke. <\/p>\n<p class=\"_paragraph_1994c_4 _paragraph_xtcu6_10 layout-component text-serif-m layout-normal text-serif-m layout-padded\">Men skulle det stemme vil det gi Murdoch og Ellison makt til \u00e5 styre hva som l\u00f8ftes frem, hva som skyves tilbake \u2013 og hva som helt forsvinner fra brukernes feed.<\/p>\n<p class=\"_paragraph_1994c_4 _paragraph_xtcu6_10 layout-component text-serif-m layout-normal text-serif-m layout-padded\">Trump ble spurt om innholdet p\u00e5 TikTok n\u00e5 skulle bli mer MAGA-tilpasset. Han svarte at om han kunne, ville appen v\u00e6rt <a href=\"https:\/\/edition.cnn.com\/2025\/09\/25\/politics\/video\/trump-tiktok-executive-order-algorithm-maga-related-content-vrtc\" class=\"_link_1994c_39\" rel=\"nofollow noopener\" target=\"_blank\">100 prosent MAGA<\/a>. <\/p>\n<p class=\"_paragraph_1994c_4 _paragraph_xtcu6_10 layout-component text-serif-m layout-normal text-serif-m layout-padded\">Samtidig forsikret han at alle syn, ideologier og interessegrupper skulle behandles likt. <\/p>\n<p class=\"_paragraph_1994c_4 _paragraph_xtcu6_10 layout-component text-serif-m layout-normal text-serif-m layout-padded\">Det er vanskelig \u00e5 feste lit til.<\/p>\n<p class=\"_paragraph_1994c_4 _paragraph_xtcu6_10 layout-component text-serif-m layout-normal text-serif-m layout-padded\">Ikke minst sett opp mot den systematiske innskrenkingen av presse- og ytringsfriheten i USA den siste tiden.<\/p>\n<p class=\"_paragraph_1994c_4 _paragraph_xtcu6_10 layout-component text-serif-m layout-normal text-serif-m layout-padded\">Ledende medieselskaper er blitt presset til knefall. Blant annet CBS, ABC og Washington Post. Og vi har sett fjerningen av Late Night-verten Jimmy Kimmel, som senere har kommet tilbake. <\/p>\n<p class=\"_paragraph_1994c_4 _paragraph_xtcu6_10 layout-component text-serif-m layout-normal text-serif-m layout-padded\">Frykten er derfor reell: Den nye TikTok kan bli sosiale mediers svar p\u00e5 Fox News. <\/p>\n<p class=\"_paragraph_1994c_4 _paragraph_xtcu6_10 layout-component text-serif-m layout-normal text-serif-m layout-padded\">Skulle det skje, kan det bety ytterligere polarisering, misbruk av data, politisk manipulasjon og et medielandskap som grenser til monopol.<\/p>\n<p class=\"_paragraph_1994c_4 _paragraph_xtcu6_10 layout-component text-serif-m layout-normal text-serif-m layout-padded\">Dermed melder sp\u00f8rsm\u00e5let seg: Hadde det faktisk v\u00e6rt bedre om kineserne beholdt kontrollen?<\/p>\n<p>      Dette er en kommentar. Kommentaren gir uttrykk for skribentens holdning. <\/p>\n","protected":false},"excerpt":{"rendered":"Trump-venners overtakelse av TikTok er sv\u00e6rt d\u00e5rlige nyheter for amerikansk demokrati, mener VGs kommentator. Murdoch og Ellison kan&hellip;\n","protected":false},"author":2,"featured_media":50621,"comment_status":"","ping_status":"","sticky":false,"template":"","format":"standard","meta":{"footnotes":""},"categories":[12],"tags":[20,21,55,24,25,15,22,23,7796,13,30,28,29,14,16,4864,7797,2046,26,27,50,42,103,43,44,45],"class_list":{"0":"post-50620","1":"post","2":"type-post","3":"status-publish","4":"format-standard","5":"has-post-thumbnail","7":"category-verden","8":"tag-breaking-news","9":"tag-breakingnews","10":"tag-donald-trump","11":"tag-featured-news","12":"tag-featurednews","13":"tag-headlines","14":"tag-latest-news","15":"tag-latestnews","16":"tag-murdoch","17":"tag-news","18":"tag-no","19":"tag-norge","20":"tag-norway","21":"tag-nyheter","22":"tag-overskrifter","23":"tag-rupert-murdoch","24":"tag-sosiale-medium","25":"tag-tiktok","26":"tag-top-stories","27":"tag-topstories","28":"tag-usa","29":"tag-verden","30":"tag-vgmeninger","31":"tag-world","32":"tag-world-news","33":"tag-worldnews"},"share_on_mastodon":{"url":"","error":""},"_links":{"self":[{"href":"https:\/\/www.europesays.com\/no\/wp-json\/wp\/v2\/posts\/50620","targetHints":{"allow":["GET"]}}],"collection":[{"href":"https:\/\/www.europesays.com\/no\/wp-json\/wp\/v2\/posts"}],"about":[{"href":"https:\/\/www.europesays.com\/no\/wp-json\/wp\/v2\/types\/post"}],"author":[{"embeddable":true,"href":"https:\/\/www.europesays.com\/no\/wp-json\/wp\/v2\/users\/2"}],"replies":[{"embeddable":true,"href":"https:\/\/www.europesays.com\/no\/wp-json\/wp\/v2\/comments?post=50620"}],"version-history":[{"count":0,"href":"https:\/\/www.europesays.com\/no\/wp-json\/wp\/v2\/posts\/50620\/revisions"}],"wp:featuredmedia":[{"embeddable":true,"href":"https:\/\/www.europesays.com\/no\/wp-json\/wp\/v2\/media\/50621"}],"wp:attachment":[{"href":"https:\/\/www.europesays.com\/no\/wp-json\/wp\/v2\/media?parent=50620"}],"wp:term":[{"taxonomy":"category","embeddable":true,"href":"https:\/\/www.europesays.com\/no\/wp-json\/wp\/v2\/categories?post=50620"},{"taxonomy":"post_tag","embeddable":true,"href":"https:\/\/www.europesays.com\/no\/wp-json\/wp\/v2\/tags?post=50620"}],"curies":[{"name":"wp","href":"https:\/\/api.w.org\/{rel}","templated":true}]}}