{"id":5063,"date":"2025-08-11T13:45:09","date_gmt":"2025-08-11T13:45:09","guid":{"rendered":"https:\/\/www.europesays.com\/no\/5063\/"},"modified":"2025-08-11T13:45:09","modified_gmt":"2025-08-11T13:45:09","slug":"stian-eikrem-karlsen-ble-funnet-dod-i-halden","status":"publish","type":"post","link":"https:\/\/www.europesays.com\/no\/5063\/","title":{"rendered":"Stian Eikrem Karlsen ble funnet d\u00f8d i Halden"},"content":{"rendered":"\n<p class=\"_lead_1bvmi_2 _lead_xtcu6_50 layout-component text-serif-m layout-normal text-serif-l layout-component layout-wide layout-padded _wide_17hqh_1 layout-padded\">To personer er siktet for drap etter han ble funnet d\u00f8d. <\/p>\n<p><img alt=\" Foto: Thomas Andersen \/ NTB\" class=\"_image_qp4xg_65 layout-component layout-wide\" data-fullscreen- data-track-element-type=\"Article image fullscreen\" data-track-name=\"ImageFullscreen\" fetchpriority=\"high\" decoding=\"sync\" loading=\"eager\" height=\"3400\" itemprop=\"image\"  src=\"https:\/\/www.europesays.com\/no\/wp-content\/uploads\/2025\/08\/4e69aeb2-6333-4900-a283-434087253885\"  style=\"object-position:0% 0%\" width=\"5100\"\/> Foto: Thomas Andersen \/ NTB<\/p>\n<ul aria-hidden=\"true\" class=\"_images_1y6fe_106\">\n<li><a class=\"_link_1y6fe_111\" href=\"https:\/\/www.vg.no\/forfatter\/marie-dreyer-bakken\" style=\"z-index:2\" title=\"Marie Dreyer Bakken\" rel=\"nofollow noopener\" target=\"_blank\"><img alt=\"Bilde av Marie Dreyer Bakken\" class=\"_image_1y6fe_88\" fetchpriority=\"low\" loading=\"lazy\" decoding=\"async\" itemprop=\"image\"  src=\"https:\/\/www.europesays.com\/no\/wp-content\/uploads\/2025\/08\/1754919909_581_a58fd05d-9a13-4704-bd0c-ffb8040bb859\"  width=\"480\"\/><\/a><\/li>\n<li><a class=\"_link_1y6fe_111\" href=\"https:\/\/www.vg.no\/forfatter\/oscar-stroem-korsnes\" style=\"z-index:1\" title=\"Oscar Str\u00f8m Korsnes\" rel=\"nofollow noopener\" target=\"_blank\"><img alt=\"Bilde av Oscar Str\u00f8m Korsnes\" class=\"_image_1y6fe_88\" fetchpriority=\"low\" loading=\"lazy\" decoding=\"async\" itemprop=\"image\"  src=\"https:\/\/www.europesays.com\/no\/wp-content\/uploads\/2025\/08\/1754919909_521_42bf26cf-ad4c-4de0-a71e-34ecdab4bb12\"  width=\"480\"\/><\/a><\/li>\n<\/ul>\n<p> Oppdatert mandag 11. august kl. 15:35     <\/p>\n<p class=\"_paragraph_1bvmi_4 _paragraph_xtcu6_10 layout-component text-serif-m layout-normal text-serif-m layout-padded\">P\u00e5r\u00f8rende er informert om at de g\u00e5r ut med navnet, skriver politiet. <\/p>\n<p class=\"_paragraph_1bvmi_4 _paragraph_xtcu6_10 layout-component text-serif-m layout-normal text-serif-m layout-padded\">Det var torsdag morgen at Karlsen ble funnet d\u00f8d p\u00e5 en privatadresse i <a href=\"https:\/\/www.vg.no\/tag\/halden?utm_source=vg-article&amp;utm_medium=auto-tagger&amp;utm_campaign=zAm9X1\" class=\"_link_1bvmi_39\" rel=\"nofollow noopener\" target=\"_blank\">Halden<\/a>. <\/p>\n<p class=\"_paragraph_1bvmi_4 _paragraph_xtcu6_10 layout-component text-serif-m layout-normal text-serif-m layout-padded\">To menn og to kvinner var til stede da politiet kom p\u00e5 stedet. F\u00f8rst ble alle p\u00e5grepet og siktet i saken. <\/p>\n<p class=\"_paragraph_1bvmi_4 _paragraph_xtcu6_10 layout-component text-serif-m layout-normal text-serif-m layout-padded\">Dagen etter ble siktelsene mot to av personene utvidet: En mann og en dame er siktetsiktetN\u00e5r noen er formelt mistenkt for \u00e5 ha gjort noe ulovlig, og politiet har startet en etterforskning mot dem. for drap og medvirkning til drap.<\/p>\n<p class=\"_paragraph_1bvmi_4 _paragraph_xtcu6_10 layout-component text-serif-m layout-normal text-serif-m layout-padded\">En annen kvinne er siktet for hensettelse til hjelpel\u00f8s tilstand. Den fjerde personen, en mann, ble l\u00f8slatt fordi mistanken mot han ble svekket. <\/p>\n<p class=\"_paragraph_1bvmi_4 _paragraph_xtcu6_10 layout-component text-serif-m layout-normal text-serif-m layout-padded\"><strong class=\"_strong_1bvmi_25\">Fredag gjennomf\u00f8rte politiet avh\u00f8r av tre av de siktede. <\/strong><\/p>\n<p class=\"_paragraph_1bvmi_4 _paragraph_xtcu6_10 layout-component text-serif-m layout-normal text-serif-m layout-padded\">\u2013 Det vil i dag bli gjennomf\u00f8rt avh\u00f8r av den fjerde personen, vi kommer med mer informasjon n\u00e5r avh\u00f8ret er gjennomf\u00f8rt, opplyser \u00d8st politidistrikt mandag formiddag. <\/p>\n<p><img alt=\"Foto: Gisle Oddstad \/ VG\" class=\"_image_qp4xg_65 layout-component layout-normal\" data-fullscreen- data-track-element-type=\"Article image fullscreen\" data-track-name=\"ImageFullscreen\" decoding=\"async\" loading=\"lazy\" height=\"4000\" itemprop=\"image\"  src=\"https:\/\/www.europesays.com\/no\/wp-content\/uploads\/2025\/08\/23195db7-f0e3-4326-9359-5d07ad1e9ac1\"  style=\"object-position:0% 0%\" width=\"6000\"\/>Foto: Gisle Oddstad \/ VG<\/p>\n<p class=\"_paragraph_1bvmi_4 _paragraph_xtcu6_10 layout-component text-serif-m layout-normal text-serif-m layout-padded\">De to kvinnene som er siktet i saken forsvares at Christian Flemmen Johansen og Thea Storeheier. Tidligere har de opplyst av ingen av kvinnen erkjenner straffskyld. <\/p>\n<p class=\"_paragraph_1bvmi_4 _paragraph_xtcu6_10 layout-component text-serif-m layout-normal text-serif-m layout-padded\">Forsvareren til den ene mannen som er siktet for drap, Vidar Lind Iversen, har sagt at ogs\u00e5 hans klient nekter straffskyld og begj\u00e6rer seg l\u00f8slatt.<\/p>\n","protected":false},"excerpt":{"rendered":"To personer er siktet for drap etter han ble funnet d\u00f8d. Foto: Thomas Andersen \/ NTB Oppdatert mandag&hellip;\n","protected":false},"author":2,"featured_media":5064,"comment_status":"","ping_status":"","sticky":false,"template":"","format":"standard","meta":{"footnotes":""},"categories":[10],"tags":[20,21,377,24,25,414,15,22,23,13,30,28,29,14,16,415,26,27],"class_list":{"0":"post-5063","1":"post","2":"type-post","3":"status-publish","4":"format-standard","5":"has-post-thumbnail","7":"category-norge","8":"tag-breaking-news","9":"tag-breakingnews","10":"tag-drap","11":"tag-featured-news","12":"tag-featurednews","13":"tag-halden","14":"tag-headlines","15":"tag-latest-news","16":"tag-latestnews","17":"tag-news","18":"tag-no","19":"tag-norge","20":"tag-norway","21":"tag-nyheter","22":"tag-overskrifter","23":"tag-ost-politidistrikt","24":"tag-top-stories","25":"tag-topstories"},"share_on_mastodon":{"url":"","error":""},"_links":{"self":[{"href":"https:\/\/www.europesays.com\/no\/wp-json\/wp\/v2\/posts\/5063","targetHints":{"allow":["GET"]}}],"collection":[{"href":"https:\/\/www.europesays.com\/no\/wp-json\/wp\/v2\/posts"}],"about":[{"href":"https:\/\/www.europesays.com\/no\/wp-json\/wp\/v2\/types\/post"}],"author":[{"embeddable":true,"href":"https:\/\/www.europesays.com\/no\/wp-json\/wp\/v2\/users\/2"}],"replies":[{"embeddable":true,"href":"https:\/\/www.europesays.com\/no\/wp-json\/wp\/v2\/comments?post=5063"}],"version-history":[{"count":0,"href":"https:\/\/www.europesays.com\/no\/wp-json\/wp\/v2\/posts\/5063\/revisions"}],"wp:featuredmedia":[{"embeddable":true,"href":"https:\/\/www.europesays.com\/no\/wp-json\/wp\/v2\/media\/5064"}],"wp:attachment":[{"href":"https:\/\/www.europesays.com\/no\/wp-json\/wp\/v2\/media?parent=5063"}],"wp:term":[{"taxonomy":"category","embeddable":true,"href":"https:\/\/www.europesays.com\/no\/wp-json\/wp\/v2\/categories?post=5063"},{"taxonomy":"post_tag","embeddable":true,"href":"https:\/\/www.europesays.com\/no\/wp-json\/wp\/v2\/tags?post=5063"}],"curies":[{"name":"wp","href":"https:\/\/api.w.org\/{rel}","templated":true}]}}