{"id":50653,"date":"2025-10-02T05:40:08","date_gmt":"2025-10-02T05:40:08","guid":{"rendered":"https:\/\/www.europesays.com\/no\/50653\/"},"modified":"2025-10-02T05:40:08","modified_gmt":"2025-10-02T05:40:08","slug":"enormt-hopp-i-xbox-game-pass-priser","status":"publish","type":"post","link":"https:\/\/www.europesays.com\/no\/50653\/","title":{"rendered":"Enormt hopp i Xbox Game Pass-priser"},"content":{"rendered":"<p>(PressFire.no): Microsoft strammer i dag grepet om lommeb\u00f8kene til Game Pass-abonnentene sine.<\/p>\n<p>Selskapet g\u00e5r over til en ny modell der prislappen blir betydelig stivere for de som \u00f8nsker alt, og endringene er allerede tr\u00e5dt i kraft.<\/p>\n<p><b>Den st\u00f8rste endringen rammer Game Pass Ultimate, som hopper fra 179 til utrolige 309 kroner i m\u00e5neden \u2013 en \u00f8kning p\u00e5 over 70 prosent.<\/b><\/p>\n<p>Prisen for Ultimate har dermed mer enn doblet seg siden juli i fjor, da samme tjeneste kostet 139 kroner.<\/p>\n<p>Samtidig erstattes de gamle niv\u00e5ene med nye: Tidligere Core blir til Essential og vil koste 105 kroner i m\u00e5neden (var 59 kroner), mens tidligere Standard blir til Premium og legger seg p\u00e5 149 kroner (var 139 kroner).<\/p>\n<p>                                                                                    <a href=\"https:\/\/www.europesays.com\/no\/wp-content\/uploads\/2025\/10\/18539_1759380191_EdPPI_original.jpeg\" class=\"\"><br \/>\n                            <img decoding=\"async\" src=\"https:\/\/www.europesays.com\/no\/wp-content\/uploads\/2025\/10\/18539_1759380191_EdPPI_original.jpeg\" alt=\"\" style=\"object-fit: cover;\"\/><br \/>\n                        <\/a><\/p>\n<p>Forskjellene mellom niv\u00e5ene blir ogs\u00e5 tydeligere, og spesielt \u00e9n endring er viktig for spillere:<\/p>\n<p><b>Kun Ultimate-abonnenter er garantert tilgang til nye Xbox-spill fra dag \u00e9n.<\/b><\/p>\n<p>Det er en stor endring fra slik det var f\u00f8r, og de som g\u00e5r for Premium-varianten m\u00e5 belage seg p\u00e5 \u00e5 vente i opp til et \u00e5r f\u00f8r de f\u00e5r nye Xbox-spill.<\/p>\n<p>Microsoft spesifiserer derimot at Premium vil inkludere det kommende \u00abCall of Duty: Black Ops 7\u00bb og andre spill i den serien.<\/p>\n<p>For \u00e5 myke opp prissjokket for Ultimate-kunder, legges det til nye fordeler i potten. B\u00e5de Ubisoft+ Classics og Fortnite Crew (fra november) blir n\u00e5 en del av den pakken.\u00a0<\/p>\n<p>Essential og Premium vil p\u00e5 sin side f\u00e5 tilgang til PC-spill og spilling via nettskyen, noe som tidligere var forbeholdt de dyrere abonnementene. Spilling via skyen skal ogs\u00e5 bli oppgradert i kvalitet, sier Microsoft.<\/p>\n<p>Ogs\u00e5 Game Pass PC jekkes opp i pris fra 119 til 169 kroner \u2013 uten at noe endres eller legges til der.<\/p>\n","protected":false},"excerpt":{"rendered":"(PressFire.no): Microsoft strammer i dag grepet om lommeb\u00f8kene til Game Pass-abonnentene sine. Selskapet g\u00e5r over til en ny&hellip;\n","protected":false},"author":2,"featured_media":50654,"comment_status":"","ping_status":"","sticky":false,"template":"","format":"standard","meta":{"footnotes":""},"categories":[57],"tags":[30,28,29,65,63,64,66,70,69,67,68],"class_list":{"0":"post-50653","1":"post","2":"type-post","3":"status-publish","4":"format-standard","5":"has-post-thumbnail","7":"category-vitenskap-og-teknologi","8":"tag-no","9":"tag-norge","10":"tag-norway","11":"tag-science","12":"tag-science-and-technology","13":"tag-scienceandtechnology","14":"tag-technology","15":"tag-teknologi","16":"tag-vitenskap","17":"tag-vitenskap-og-teknologi","18":"tag-vitenskapteknologi"},"share_on_mastodon":{"url":"","error":""},"_links":{"self":[{"href":"https:\/\/www.europesays.com\/no\/wp-json\/wp\/v2\/posts\/50653","targetHints":{"allow":["GET"]}}],"collection":[{"href":"https:\/\/www.europesays.com\/no\/wp-json\/wp\/v2\/posts"}],"about":[{"href":"https:\/\/www.europesays.com\/no\/wp-json\/wp\/v2\/types\/post"}],"author":[{"embeddable":true,"href":"https:\/\/www.europesays.com\/no\/wp-json\/wp\/v2\/users\/2"}],"replies":[{"embeddable":true,"href":"https:\/\/www.europesays.com\/no\/wp-json\/wp\/v2\/comments?post=50653"}],"version-history":[{"count":0,"href":"https:\/\/www.europesays.com\/no\/wp-json\/wp\/v2\/posts\/50653\/revisions"}],"wp:featuredmedia":[{"embeddable":true,"href":"https:\/\/www.europesays.com\/no\/wp-json\/wp\/v2\/media\/50654"}],"wp:attachment":[{"href":"https:\/\/www.europesays.com\/no\/wp-json\/wp\/v2\/media?parent=50653"}],"wp:term":[{"taxonomy":"category","embeddable":true,"href":"https:\/\/www.europesays.com\/no\/wp-json\/wp\/v2\/categories?post=50653"},{"taxonomy":"post_tag","embeddable":true,"href":"https:\/\/www.europesays.com\/no\/wp-json\/wp\/v2\/tags?post=50653"}],"curies":[{"name":"wp","href":"https:\/\/api.w.org\/{rel}","templated":true}]}}