{"id":50662,"date":"2025-10-02T05:50:08","date_gmt":"2025-10-02T05:50:08","guid":{"rendered":"https:\/\/www.europesays.com\/no\/50662\/"},"modified":"2025-10-02T05:50:08","modified_gmt":"2025-10-02T05:50:08","slug":"person-til-legevakt-etter-ran-i-kristiansand","status":"publish","type":"post","link":"https:\/\/www.europesays.com\/no\/50662\/","title":{"rendered":"Person til legevakt etter ran i Kristiansand"},"content":{"rendered":"\n<p class=\"_lead_1994c_2 _lead_xtcu6_50 layout-component text-serif-m layout-normal text-serif-l layout-component layout-wide layout-padded _wide_17hqh_1 layout-padded\">Politiet i Kristiansand h\u00e5ndterte to ranssaker natt til torsdag. En person er sendt til legevakt for sjekk.<\/p>\n<ul aria-hidden=\"true\" class=\"_images_1y6fe_106\">\n<li><a class=\"_link_1y6fe_111\" href=\"https:\/\/www.vg.no\/forfatter\/ntb\" style=\"z-index:1\" title=\"NTB\" rel=\"nofollow noopener\" target=\"_blank\"><img alt=\"Bilde av NTB\" class=\"_image_1y6fe_88\" fetchpriority=\"low\" loading=\"lazy\" decoding=\"async\" itemprop=\"image\"  src=\"https:\/\/www.europesays.com\/no\/wp-content\/uploads\/2025\/10\/1759384208_280_c33980b0-5d07-4027-84a1-813f90a7c8d6\"  width=\"480\"\/><\/a><\/li>\n<\/ul>\n<p> Oppdatert torsdag 2. oktober kl. 06:16     <\/p>\n<p class=\"_paragraph_1994c_4 _paragraph_xtcu6_10 layout-component text-serif-m layout-normal text-serif-m layout-padded\">Den f\u00f8rste meldingen kom inn til politiet klokken 23.30 onsdag kveld.<\/p>\n<p class=\"_paragraph_1994c_4 _paragraph_xtcu6_10 layout-component text-serif-m layout-normal text-serif-m layout-padded\">\u2013 For politiet fremst\u00e5r dette som et ran av person, skriver operasjonsleder Eyvind Formo i Agder politidistrikt i politiloggen.<\/p>\n<p class=\"_paragraph_1994c_4 _paragraph_xtcu6_10 layout-component text-serif-m layout-normal text-serif-m layout-padded\">Personen er ikke alvorlig skadet, men ble sendt til legevakt for oppf\u00f8lging.<\/p>\n<p class=\"_paragraph_1994c_4 _paragraph_xtcu6_10 layout-component text-serif-m layout-normal text-serif-m layout-padded\">Rett etter klokken 2 kom det inn en ny melding om et ransfors\u00f8k. Denne personen kom seg imidlertid bort fra stedet uskadet.<\/p>\n<p class=\"_paragraph_1994c_4 _paragraph_xtcu6_10 layout-component text-serif-m layout-normal text-serif-m layout-padded\">\u2013 Politiet lette i omr\u00e5det etter de involverte med flere patruljer, og etter hvert ble tre personer p\u00e5grepet og \u00e9n ble innbrakt, sier Formo. <\/p>\n<p class=\"_paragraph_1994c_4 _paragraph_xtcu6_10 layout-component text-serif-m layout-normal text-serif-m layout-padded\">Samtlige er mistenkt for fors\u00f8k p\u00e5 ran og trusler og anmeldes for b\u00e6ring av kniv p\u00e5 offentlig sted.<\/p>\n<p class=\"_paragraph_1994c_4 _paragraph_xtcu6_10 layout-component text-serif-m layout-normal text-serif-m layout-padded\">\u2013 Vi ser ingen forbindelse mellom de to sakene n\u00e5, men det er naturlig \u00e5 unders\u00f8ke det, sier Formo til NTB. <\/p>\n","protected":false},"excerpt":{"rendered":"Politiet i Kristiansand h\u00e5ndterte to ranssaker natt til torsdag. En person er sendt til legevakt for sjekk. Oppdatert&hellip;\n","protected":false},"author":2,"featured_media":50663,"comment_status":"","ping_status":"","sticky":false,"template":"","format":"standard","meta":{"footnotes":""},"categories":[10],"tags":[4686,20,21,24,25,15,331,22,23,13,30,28,29,14,16,3878,26,27],"class_list":{"0":"post-50662","1":"post","2":"type-post","3":"status-publish","4":"format-standard","5":"has-post-thumbnail","7":"category-norge","8":"tag-agder-politidistrikt","9":"tag-breaking-news","10":"tag-breakingnews","11":"tag-featured-news","12":"tag-featurednews","13":"tag-headlines","14":"tag-kristiansand","15":"tag-latest-news","16":"tag-latestnews","17":"tag-news","18":"tag-no","19":"tag-norge","20":"tag-norway","21":"tag-nyheter","22":"tag-overskrifter","23":"tag-ran","24":"tag-top-stories","25":"tag-topstories"},"share_on_mastodon":{"url":"","error":""},"_links":{"self":[{"href":"https:\/\/www.europesays.com\/no\/wp-json\/wp\/v2\/posts\/50662","targetHints":{"allow":["GET"]}}],"collection":[{"href":"https:\/\/www.europesays.com\/no\/wp-json\/wp\/v2\/posts"}],"about":[{"href":"https:\/\/www.europesays.com\/no\/wp-json\/wp\/v2\/types\/post"}],"author":[{"embeddable":true,"href":"https:\/\/www.europesays.com\/no\/wp-json\/wp\/v2\/users\/2"}],"replies":[{"embeddable":true,"href":"https:\/\/www.europesays.com\/no\/wp-json\/wp\/v2\/comments?post=50662"}],"version-history":[{"count":0,"href":"https:\/\/www.europesays.com\/no\/wp-json\/wp\/v2\/posts\/50662\/revisions"}],"wp:featuredmedia":[{"embeddable":true,"href":"https:\/\/www.europesays.com\/no\/wp-json\/wp\/v2\/media\/50663"}],"wp:attachment":[{"href":"https:\/\/www.europesays.com\/no\/wp-json\/wp\/v2\/media?parent=50662"}],"wp:term":[{"taxonomy":"category","embeddable":true,"href":"https:\/\/www.europesays.com\/no\/wp-json\/wp\/v2\/categories?post=50662"},{"taxonomy":"post_tag","embeddable":true,"href":"https:\/\/www.europesays.com\/no\/wp-json\/wp\/v2\/tags?post=50662"}],"curies":[{"name":"wp","href":"https:\/\/api.w.org\/{rel}","templated":true}]}}