{"id":50665,"date":"2025-10-02T05:57:08","date_gmt":"2025-10-02T05:57:08","guid":{"rendered":"https:\/\/www.europesays.com\/no\/50665\/"},"modified":"2025-10-02T05:57:08","modified_gmt":"2025-10-02T05:57:08","slug":"det-ventes-en-halv-million-turister-til-tromso-i-vinter-ronald-vil-helst-ikke-se-noen-av-dem","status":"publish","type":"post","link":"https:\/\/www.europesays.com\/no\/50665\/","title":{"rendered":"Det ventes en halv million turister til Troms\u00f8 i vinter \u2013 Ronald vil helst ikke se noen av dem"},"content":{"rendered":"\n<ul class=\"_list_1994c_3 _list_64s2r_85 _unordered_1994c_105 text-sans-m\">\n<li class=\"_item_1994c_30\">Ronald Torsteinsen er lei av turister<\/li>\n<li class=\"_item_1994c_30\">Han fikk nok etter \u00e5 ha opplevd droner filme inn i stua hans.<\/li>\n<li class=\"_item_1994c_30\">Troms\u00f8 har sett en enorm \u00f8kning i turister, noe som skaper problemer for lokalbefolkningen.<\/li>\n<li class=\"_item_1994c_30\">Torsteinsen har satt opp et skilt for \u00e5 holde turister unna.<\/li>\n<\/ul>\n<p>Vis mer <\/p>\n<p class=\"_paragraph_1994c_4 _paragraph_xtcu6_10 layout-component text-serif-m layout-normal text-serif-m layout-padded\">\u00abWe do not like tourists\u00bb. Beskjeden kan kanskje fremst\u00e5 som noe hard, men den gj\u00f8r definitivt nytten sin.<\/p>\n<p class=\"_paragraph_1994c_4 _paragraph_xtcu6_10 layout-component text-serif-m layout-normal text-serif-m layout-padded\">Det forteller Ronald Torsteinsen p\u00e5 Kval\u00f8ya til iTroms\u00f8.<\/p>\n<p class=\"_paragraph_1994c_4 _paragraph_xtcu6_10 layout-component text-serif-m layout-normal text-serif-m layout-padded\">Han bor ved den naturskj\u00f8nne Rakfjord p\u00e5 vei mot Kval\u00f8yv\u00e5gen, knappe tre mil fra Troms\u00f8 by.<\/p>\n<p class=\"_paragraph_1994c_4 _paragraph_xtcu6_10 layout-component text-serif-m layout-normal text-serif-m layout-padded\">Torsteinsen har full forst\u00e5else for at tilreisende blir lamsl\u00e5tte av naturen, og \u00f8nsker \u00e5 ta bilder. <\/p>\n<p class=\"_paragraph_1994c_4 _paragraph_xtcu6_10 layout-component text-serif-m layout-normal text-serif-m layout-padded\"><strong class=\"_strong_1994c_25\">Men opptredenen til enkelte turister er han lut lei av.<\/strong><\/p>\n<p class=\"_paragraph_1994c_4 _paragraph_xtcu6_10 layout-component text-serif-m layout-normal text-serif-m layout-padded\">Han har opplevd bobilturister som har parkert p\u00e5 trappen hans. Bokstavelig talt. Og gjort seg klare for lengre opphold.<\/p>\n<p class=\"_paragraph_1994c_4 _paragraph_xtcu6_10 layout-component text-serif-m layout-normal text-serif-m layout-padded\">Tall fra Nordnorsk reiseliv viser at antall utenlandske gjested\u00f8gn i Troms\u00f8 <a href=\"https:\/\/www.vg.no\/nyheter\/i\/73kx83\/turiststroemmen-i-tromsoe-vi-staar-overfor-et-problem-med-overturisme\" data-track-element-type=\"Link\" data-track-id=\"link:73kx83\" class=\"_link_1994c_39\" rel=\"nofollow noopener\" target=\"_blank\">har \u00f8kt kraftig de siste \u00e5rene:<\/a> <\/p>\n<ul class=\"_list_1994c_3 _list_xtcu6_9 _unordered_1994c_105 layout-component text-serif-m layout-normal text-serif-m layout-padded\">\n<li class=\"_item_1994c_30\">Vinteren 2005\/06 ble det registrert 70 109 gjested\u00f8gn.<\/li>\n<li class=\"_item_1994c_30\">Vinteren 2023\/24 hadde det steget til hele 731 542.<\/li>\n<li class=\"_item_1994c_30\">Det tilsvarer en \u00f8kning p\u00e5 over 940 prosent.<\/li>\n<\/ul>\n<p class=\"_paragraph_1994c_4 _paragraph_xtcu6_10 layout-component text-serif-m layout-normal text-serif-m layout-padded\">Torsteinsen rister p\u00e5 hodet da iTroms\u00f8 forteller at det ventes <a href=\"https:\/\/www.nrk.no\/tromsogfinnmark\/avinor-mener-smertegrensa-er-nadd_-vil-ikke-ha-flere-turister-til-tromso-1.17038530\" class=\"_link_1994c_39\" rel=\"nofollow noopener\" target=\"_blank\">n\u00e6r en halv million vinterturister<\/a> til Troms\u00f8 denne sesongen, som NRK tidligere har omtalt.<\/p>\n<p class=\"_paragraph_1994c_4 _paragraph_xtcu6_10 layout-component text-serif-m layout-normal text-serif-m layout-padded\">\u2013 Byen \u00f8delegges av AirbnbAirbnbAirbnb er en nettbasert plattform der folk kan leie ut hele eller deler av hjemmet sitt til reisende for korte opphold. og gr\u00e5dighet. Mens de som vil bo og arbeide i byen tvinges bort, sier han.<\/p>\n<p class=\"_paragraph_1994c_4 _paragraph_xtcu6_10 layout-component text-serif-m layout-normal text-serif-m layout-padded\">VG har ogs\u00e5 tidligere <a href=\"https:\/\/www.vg.no\/nyheter\/i\/yEEpXa\/fikk-nok-av-frekke-turister-i-tromsoe-de-eier-ikke-respekt\" data-track-element-type=\"Link\" data-track-id=\"link:yEEpXa\" class=\"_link_1994c_39\" rel=\"nofollow noopener\" target=\"_blank\">skrevet om et lignende skilt<\/a> p\u00e5 fiskebruket i Kval\u00f8yv\u00e5gan:<\/p>\n<p><img alt=\"Foto: Bengt Freddy Pettersen\" class=\"_image_qp4xg_65 layout-component layout-normal\" data-fullscreen- data-track-element-type=\"Article image fullscreen\" data-track-name=\"ImageFullscreen\" decoding=\"async\" loading=\"lazy\" height=\"564\" itemprop=\"image\"  src=\"https:\/\/www.europesays.com\/no\/wp-content\/uploads\/2025\/10\/30f385fd-1e60-43bc-912d-c4df51a4ee1a\"  style=\"object-position:0% 0%\" width=\"720\"\/>Foto: Bengt Freddy Pettersen<\/p>\n<p class=\"_paragraph_1994c_4 _paragraph_xtcu6_10 layout-component text-serif-m layout-normal text-serif-m layout-padded\"><strong class=\"_strong_1994c_25\">Men det var etter en episode med drone at Torsteinsen fikk nok. <\/strong><\/p>\n<p class=\"_paragraph_1994c_4 _paragraph_xtcu6_10 layout-component text-serif-m layout-normal text-serif-m layout-padded\">\u2013 Jeg sto opp en morgen, og trakk fra gardinene. Der stirret jeg rett inn en drone som filmet inn i stua mi. Da ble jeg forbanna, forteller han.<\/p>\n<p class=\"_paragraph_1994c_4 _paragraph_xtcu6_10 layout-component text-serif-m layout-normal text-serif-m layout-padded\">Utenfor husveggen sto to turister og opererte dronen. De ble skremt da Torsteinsen kom stormende ut.<\/p>\n<p class=\"_paragraph_1994c_4 _paragraph_xtcu6_10 layout-component text-serif-m layout-normal text-serif-m layout-padded\">\u2013 Den ene la p\u00e5 sprang, men den andre m\u00e5tte jo ta ned dronen. \u00abSorry, sorry\u00bb, er det eneste de sier.<\/p>\n<p class=\"_paragraph_1994c_4 _paragraph_xtcu6_10 layout-component text-serif-m layout-normal text-serif-m layout-padded\"><strong class=\"_strong_1994c_25\">Turistboomen:<\/strong> <a href=\"https:\/\/www.vg.no\/nyheter\/i\/xm2n0l\/turistboom-i-nord-har-tatt-helt-av\" data-track-element-type=\"Link\" data-track-id=\"link:xm2n0l\" class=\"_link_1994c_39\" rel=\"nofollow noopener\" target=\"_blank\">\u00abHar tatt helt av\u00bb<\/a><\/p>\n<p><img alt=\"PICTURE PERFECT: Folk reiser fra hele verden for \u00e5 ta et bilde av Ersfjorden like utenfor Troms\u00f8 by.  Foto: Anja A. T. Brekke \/ VG\" class=\"_image_qp4xg_65 layout-component layout-normal\" data-fullscreen- data-track-element-type=\"Article image fullscreen\" data-track-name=\"ImageFullscreen\" decoding=\"async\" loading=\"lazy\" height=\"5464\" itemprop=\"image\"  src=\"https:\/\/www.europesays.com\/no\/wp-content\/uploads\/2025\/10\/28b979cb-e86f-46d0-9337-651933530d98\"  style=\"object-position:0% 0%\" width=\"8192\"\/>PICTURE PERFECT: Folk reiser fra hele verden for \u00e5 ta et bilde av Ersfjorden like utenfor Troms\u00f8 by.  Foto: Anja A. T. Brekke \/ VGBlitt en \u00absnakkis\u00bb<\/p>\n<p class=\"_paragraph_1994c_4 _paragraph_xtcu6_10 layout-component text-serif-m layout-normal text-serif-m layout-padded\">Etter dronetilfellet fikk han laget skiltet. Han ble inspirert av skiltet til fiskemottaket p\u00e5 Kval\u00f8yv\u00e5gen.<\/p>\n<p class=\"_paragraph_1994c_4 _paragraph_xtcu6_10 layout-component text-serif-m layout-normal text-serif-m layout-padded\">\u2013 Jeg fikk det levert p\u00e5 en rull, og stiftet det fast p\u00e5 en palle. Det kostet meg 300 kroner, forteller han.<\/p>\n<p class=\"_paragraph_1994c_4 _paragraph_xtcu6_10 layout-component text-serif-m layout-normal text-serif-m layout-padded\">\u2013 Hvordan reagerer folk p\u00e5 skiltet?<\/p>\n<p class=\"_paragraph_1994c_4 _paragraph_xtcu6_10 layout-component text-serif-m layout-normal text-serif-m layout-padded\">\u2013 Jeg sitter ikke med kikkert i vinduet og studerer folks ansiktsuttrykk, men mange biler stopper for \u00e5 ta bilde av det, svarer han.<\/p>\n<p class=\"_paragraph_1994c_4 _paragraph_xtcu6_10 layout-component text-serif-m layout-normal text-serif-m layout-padded\">\u2013 S\u00e5 skiltet har blitt attraksjon i seg selv?<\/p>\n<p class=\"_paragraph_1994c_4 _paragraph_xtcu6_10 layout-component text-serif-m layout-normal text-serif-m layout-padded\">\u2013 Ja, det har blitt en \u00absnakkis\u00bb, flirer han.<\/p>\n<p>\u2013 Parkerer uten \u00e5 sp\u00f8rre<\/p>\n<p class=\"_paragraph_1994c_4 _paragraph_xtcu6_10 layout-component text-serif-m layout-normal text-serif-m layout-padded\">Torsteinsen har tilbrakt et langt liv p\u00e5 Rakfjord g\u00e5rd, og nytt det stille livet utenfor byen. De siste \u00e5renes eksplosjon av vinterturister har han derfor lagt veldig godt merke til, da de gjerne trekker ut av byen for \u00e5 bedre kunne se nordlyset i m\u00f8rket.<\/p>\n<p class=\"_paragraph_1994c_4 _paragraph_xtcu6_10 layout-component text-serif-m layout-normal text-serif-m layout-padded\">\u2013 De kommer n\u00e5r normale folk g\u00e5r og legger seg. Og jeg \u00f8nsker dem ikke rekende langs husveggen n\u00e5r jeg sover, sl\u00e5r han fast.<\/p>\n<p class=\"_paragraph_1994c_4 _paragraph_xtcu6_10 layout-component text-serif-m layout-normal text-serif-m layout-padded\">Men dersom noen tilreisende \u00f8nsker en prat med Torsteinsen, er han ikke fremmed for det.<\/p>\n<p class=\"_paragraph_1994c_4 _paragraph_xtcu6_10 layout-component text-serif-m layout-normal text-serif-m layout-padded\">\u2013 De m\u00e5 gjerne komme og banke p\u00e5 d\u00f8ren min, om de \u00f8nsker det. Det er freidigheten til mange jeg vil til livs. De kj\u00f8rer inn til husveggen, parkerer uten \u00e5 sp\u00f8rre, og lar bilene st\u00e5 i timevis. Det er jo det samme som at jeg kj\u00f8rer til byen, parkerer i oppkj\u00f8rselen din og lar den st\u00e5 der i fire-fem timer.<\/p>\n<p> Telt med dass<\/p>\n<p class=\"_paragraph_1994c_4 _paragraph_xtcu6_10 layout-component text-serif-m layout-normal text-serif-m layout-padded\">Veien til Kval\u00f8yv\u00e5gen er b\u00e5de smal og svingete. Om vinteren er den i tillegg m\u00f8rk og glatt. <\/p>\n<p class=\"_paragraph_1994c_4 _paragraph_xtcu6_10 layout-component text-serif-m layout-normal text-serif-m layout-padded\">Torsteinsen sier det kun er flaks og tilfeldigheter at det ikke har skjedd alvorlige ulykker. Han gruer seg til vinteren.<\/p>\n<p class=\"_paragraph_1994c_4 _paragraph_xtcu6_10 layout-component text-serif-m layout-normal text-serif-m layout-padded\">\u2013 Folk som bare har sett \u00f8rken og kun lest om sn\u00f8 i eventyrb\u00f8ker, f\u00e5r lov til \u00e5 kj\u00f8re p\u00e5 vinterveiene. De stopper og l\u00f8per ut midt i veien om de plutselig oppdager nordlys mens de kj\u00f8rer.<\/p>\n<p class=\"_paragraph_1994c_4 _paragraph_xtcu6_10 layout-component text-serif-m layout-normal text-serif-m layout-padded\"><strong class=\"_strong_1994c_25\">Fikk du med deg?<\/strong> <a href=\"https:\/\/www.vg.no\/nyheter\/i\/73kx83\/turiststroemmen-i-tromsoe-vi-staar-overfor-et-problem-med-overturisme\" data-track-element-type=\"Link\" data-track-id=\"link:73kx83\" class=\"_link_1994c_39\" rel=\"nofollow noopener\" target=\"_blank\">Hevder det er Barcelona-tendenser i Nord-Norge<\/a><\/p>\n<p class=\"_paragraph_1994c_4 _paragraph_xtcu6_10 layout-component text-serif-m layout-normal text-serif-m layout-padded\">Han kaller det \u00abgalimatias\u00bb at myndighetene tillater sj\u00e5f\u00f8rer som aldri har sett sn\u00f8 \u00e5 kj\u00f8re p\u00e5 nordnorske vinterveier.<\/p>\n<p class=\"_paragraph_1994c_4 _paragraph_xtcu6_10 layout-component text-serif-m layout-normal text-serif-m layout-padded\">Han mener det kun b\u00f8r v\u00e6re tillatt \u00e5 leie bil med sj\u00e5f\u00f8r. Eller aller helst at det kun er minibusser som tar med seg grupper med turister.<\/p>\n<p class=\"_paragraph_1994c_4 _paragraph_xtcu6_10 layout-component text-serif-m layout-normal text-serif-m layout-padded\">\u2013 Da kan de ha med seg et telt som de sl\u00e5r opp. Et telt med et dass, s\u00e5 slipper vi ogs\u00e5 det problemet, sier han og henviser til tilfeller der turister gj\u00f8r fra seg i folks hager.<\/p>\n<p class=\"_paragraph_1994c_4 _paragraph_xtcu6_10 layout-component text-serif-m layout-normal text-serif-m layout-padded\">\u2013 S\u00e5 pakker de med seg teltet og dassen n\u00e5r de forlater. Det er et enkelt tiltak for \u00e5 i hvert fall gj\u00f8re situasjonen litt mindre belastende for oss fastboende, sier han.<\/p>\n<p class=\"_paragraph_1994c_4 _paragraph_xtcu6_10 layout-component text-serif-m layout-normal text-serif-m layout-padded\"><strong class=\"_strong_1994c_25\">Overv\u00e5kningskameraet p\u00e5 hytta til Jenny Jensen fanget dotrengte turister: <\/strong><\/p>\n","protected":false},"excerpt":{"rendered":"Ronald Torsteinsen er lei av turister Han fikk nok etter \u00e5 ha opplevd droner filme inn i stua&hellip;\n","protected":false},"author":2,"featured_media":50666,"comment_status":"","ping_status":"","sticky":false,"template":"","format":"standard","meta":{"footnotes":""},"categories":[10],"tags":[1096,20,21,1014,24,25,15,7800,22,23,13,30,28,29,14,16,26,27,263,3138],"class_list":{"0":"post-50665","1":"post","2":"type-post","3":"status-publish","4":"format-standard","5":"has-post-thumbnail","7":"category-norge","8":"tag-airbnb","9":"tag-breaking-news","10":"tag-breakingnews","11":"tag-droner","12":"tag-featured-news","13":"tag-featurednews","14":"tag-headlines","15":"tag-kvaloyvagen","16":"tag-latest-news","17":"tag-latestnews","18":"tag-news","19":"tag-no","20":"tag-norge","21":"tag-norway","22":"tag-nyheter","23":"tag-overskrifter","24":"tag-top-stories","25":"tag-topstories","26":"tag-tromso","27":"tag-turister"},"share_on_mastodon":{"url":"","error":""},"_links":{"self":[{"href":"https:\/\/www.europesays.com\/no\/wp-json\/wp\/v2\/posts\/50665","targetHints":{"allow":["GET"]}}],"collection":[{"href":"https:\/\/www.europesays.com\/no\/wp-json\/wp\/v2\/posts"}],"about":[{"href":"https:\/\/www.europesays.com\/no\/wp-json\/wp\/v2\/types\/post"}],"author":[{"embeddable":true,"href":"https:\/\/www.europesays.com\/no\/wp-json\/wp\/v2\/users\/2"}],"replies":[{"embeddable":true,"href":"https:\/\/www.europesays.com\/no\/wp-json\/wp\/v2\/comments?post=50665"}],"version-history":[{"count":0,"href":"https:\/\/www.europesays.com\/no\/wp-json\/wp\/v2\/posts\/50665\/revisions"}],"wp:featuredmedia":[{"embeddable":true,"href":"https:\/\/www.europesays.com\/no\/wp-json\/wp\/v2\/media\/50666"}],"wp:attachment":[{"href":"https:\/\/www.europesays.com\/no\/wp-json\/wp\/v2\/media?parent=50665"}],"wp:term":[{"taxonomy":"category","embeddable":true,"href":"https:\/\/www.europesays.com\/no\/wp-json\/wp\/v2\/categories?post=50665"},{"taxonomy":"post_tag","embeddable":true,"href":"https:\/\/www.europesays.com\/no\/wp-json\/wp\/v2\/tags?post=50665"}],"curies":[{"name":"wp","href":"https:\/\/api.w.org\/{rel}","templated":true}]}}