{"id":50671,"date":"2025-10-02T06:10:10","date_gmt":"2025-10-02T06:10:10","guid":{"rendered":"https:\/\/www.europesays.com\/no\/50671\/"},"modified":"2025-10-02T06:10:10","modified_gmt":"2025-10-02T06:10:10","slug":"trump-fryser-26-milliarder-dollar-til-demokratiske-stater","status":"publish","type":"post","link":"https:\/\/www.europesays.com\/no\/50671\/","title":{"rendered":"Trump fryser 26 milliarder dollar til demokratiske stater"},"content":{"rendered":"\n<p class=\"_lead_1994c_2 _lead_xtcu6_50 layout-component text-serif-m layout-normal text-serif-l layout-component layout-wide layout-padded _wide_17hqh_1 layout-padded\">Bruker nedstengningen av staten til \u00e5 straffe politiske motstandere.<\/p>\n<p><img alt=\"Donald Trump Foto: Ken Cedeno \/ Reuters \/ NTB\" class=\"_image_qp4xg_65 layout-component layout-wide\" data-fullscreen- data-track-element-type=\"Article image fullscreen\" data-track-name=\"ImageFullscreen\" fetchpriority=\"high\" decoding=\"sync\" loading=\"eager\" height=\"3744\" itemprop=\"image\"  src=\"https:\/\/www.europesays.com\/no\/wp-content\/uploads\/2025\/10\/c6eaed58-4751-434e-b318-aea293af4413\"  style=\"object-position:0% 0%\" width=\"5616\"\/>Donald Trump Foto: Ken Cedeno \/ Reuters \/ NTB<\/p>\n<ul aria-hidden=\"true\" class=\"_images_1y6fe_106\">\n<li><a class=\"_link_1y6fe_111\" href=\"https:\/\/www.vg.no\/forfatter\/kari-aarstad-aase\" style=\"z-index:1\" title=\"Kari Aarstad Aase\" rel=\"nofollow noopener\" target=\"_blank\"><img alt=\"Bilde av Kari Aarstad Aase\" class=\"_image_1y6fe_88\" fetchpriority=\"low\" loading=\"lazy\" decoding=\"async\" itemprop=\"image\"  src=\"https:\/\/www.europesays.com\/no\/wp-content\/uploads\/2025\/10\/1759385409_183_0dbde33e-6d8e-4680-8e4f-e2a64281e2b8\"  width=\"480\"\/><\/a><\/li>\n<\/ul>\n<p> Oppdatert torsdag 2. oktober kl. 02:50     <\/p>\n<p class=\"_paragraph_1994c_4 _paragraph_xtcu6_10 layout-component text-serif-m layout-normal text-serif-m layout-padded\">President Donald Trump f\u00f8lger opp trusselen om \u00e5 bruke nedstengningen til \u00e5 ramme demokratiske prioriteringer. Onsdag fr\u00f8s administrasjonen 26 milliarder dollar til demokratisk-styrte stater, melder Reuters.<\/p>\n<p class=\"_paragraph_1994c_4 _paragraph_xtcu6_10 layout-component text-serif-m layout-normal text-serif-m layout-padded\">De fryste midlene inkluderer 18 milliarder dollar til kollektivtransport-prosjekter i New York, hjemstaten til Kongressens to \u00f8verste demokrater. I tillegg ble 8 milliarder dollar til gr\u00f8nne energiprosjekter i 16 demokratisk-styrte stater fryst, inkludert California og Illinois.<\/p>\n<p><img alt=\"Foto: Nathan Howard \/ Reuters \/ NTB\" class=\"_image_qp4xg_65 layout-component layout-normal\" data-fullscreen- data-track-element-type=\"Article image fullscreen\" data-track-name=\"ImageFullscreen\" decoding=\"async\" loading=\"lazy\" height=\"2596\" itemprop=\"image\"  src=\"https:\/\/www.europesays.com\/no\/wp-content\/uploads\/2025\/10\/6296f2b2-600b-4bfa-87d6-1fe1088dab96\"  style=\"object-position:0% 0%\" width=\"3894\"\/>Foto: Nathan Howard \/ Reuters \/ NTB<\/p>\n<p class=\"_paragraph_1994c_4 _paragraph_xtcu6_10 layout-component text-serif-m layout-normal text-serif-m layout-padded\">Nedstengningen, den 15. siden 1981, har hittil rammet 750.000 f\u00f8derale ansatte. Noen er beordret til ikke \u00e5 jobbe, mens andre som, soldater og grensevakter jobber uten l\u00f8nn.<\/p>\n<p class=\"_paragraph_1994c_4 _paragraph_xtcu6_10 layout-component text-serif-m layout-normal text-serif-m layout-padded\">Visepresident JD Vance truet med masseoppsigelser hvis stansen varer mer enn noen f\u00e5 dager.<\/p>\n<p><img alt=\"J.D Vance  Foto: JIM WATSON \/ AFP \/ NTB\" class=\"_image_qp4xg_65 layout-component layout-normal\" data-fullscreen- data-track-element-type=\"Article image fullscreen\" data-track-name=\"ImageFullscreen\" decoding=\"async\" loading=\"lazy\" height=\"2240\" itemprop=\"image\"  src=\"https:\/\/www.europesays.com\/no\/wp-content\/uploads\/2025\/10\/8c720a1b-fc28-4f55-ab92-5a852146b41c\"  style=\"object-position:0% 0%\" width=\"3360\"\/>J.D Vance  Foto: JIM WATSON \/ AFP \/ NTB<\/p>\n<p class=\"_paragraph_1994c_4 _paragraph_xtcu6_10 layout-component text-serif-m layout-normal text-serif-m layout-padded\">Demokratenes leder i Representantenes hus, Hakeem Jeffries, sa at frysingen av midler til undergrunnsbane- og havneprosjekter i New York vil kaste tusenvis ut av jobb.<\/p>\n<p class=\"_paragraph_1994c_4 _paragraph_xtcu6_10 layout-component text-serif-m layout-normal text-serif-m layout-padded\">Toppdemokrat <a href=\"https:\/\/www.vg.no\/tag\/chuck-schumer?utm_source=vg-article&amp;utm_medium=auto-tagger&amp;utm_campaign=0VP2XB\" class=\"_link_1994c_39\" rel=\"nofollow noopener\" target=\"_blank\">Chuck Schumer<\/a> anklaget Trump for \u00e5 bruke amerikanere som brikker i et politisk spill og \u00e5 true med \u00e5 p\u00e5f\u00f8re dem smerte.<\/p>\n<p class=\"_paragraph_1994c_4 _paragraph_xtcu6_10 layout-component text-serif-m layout-normal text-serif-m layout-padded\">Senatet stemte igjen ned forslag om \u00e5 holde regjeringen i gang. Republikanerne trenger st\u00f8tte fra minst syv demokrater for \u00e5 n\u00e5 den n\u00f8dvendige 60-stemmer-grensen.<\/p>\n","protected":false},"excerpt":{"rendered":"Bruker nedstengningen av staten til \u00e5 straffe politiske motstandere. Donald Trump Foto: Ken Cedeno \/ Reuters \/ NTB&hellip;\n","protected":false},"author":2,"featured_media":50672,"comment_status":"","ping_status":"","sticky":false,"template":"","format":"standard","meta":{"footnotes":""},"categories":[12],"tags":[20,21,7525,55,24,25,15,22,23,97,13,30,28,29,14,16,26,27,42,46,43,44,45],"class_list":{"0":"post-50671","1":"post","2":"type-post","3":"status-publish","4":"format-standard","5":"has-post-thumbnail","7":"category-verden","8":"tag-breaking-news","9":"tag-breakingnews","10":"tag-chuck-schumer","11":"tag-donald-trump","12":"tag-featured-news","13":"tag-featurednews","14":"tag-headlines","15":"tag-latest-news","16":"tag-latestnews","17":"tag-new-york","18":"tag-news","19":"tag-no","20":"tag-norge","21":"tag-norway","22":"tag-nyheter","23":"tag-overskrifter","24":"tag-top-stories","25":"tag-topstories","26":"tag-verden","27":"tag-vgai","28":"tag-world","29":"tag-world-news","30":"tag-worldnews"},"share_on_mastodon":{"url":"","error":""},"_links":{"self":[{"href":"https:\/\/www.europesays.com\/no\/wp-json\/wp\/v2\/posts\/50671","targetHints":{"allow":["GET"]}}],"collection":[{"href":"https:\/\/www.europesays.com\/no\/wp-json\/wp\/v2\/posts"}],"about":[{"href":"https:\/\/www.europesays.com\/no\/wp-json\/wp\/v2\/types\/post"}],"author":[{"embeddable":true,"href":"https:\/\/www.europesays.com\/no\/wp-json\/wp\/v2\/users\/2"}],"replies":[{"embeddable":true,"href":"https:\/\/www.europesays.com\/no\/wp-json\/wp\/v2\/comments?post=50671"}],"version-history":[{"count":0,"href":"https:\/\/www.europesays.com\/no\/wp-json\/wp\/v2\/posts\/50671\/revisions"}],"wp:featuredmedia":[{"embeddable":true,"href":"https:\/\/www.europesays.com\/no\/wp-json\/wp\/v2\/media\/50672"}],"wp:attachment":[{"href":"https:\/\/www.europesays.com\/no\/wp-json\/wp\/v2\/media?parent=50671"}],"wp:term":[{"taxonomy":"category","embeddable":true,"href":"https:\/\/www.europesays.com\/no\/wp-json\/wp\/v2\/categories?post=50671"},{"taxonomy":"post_tag","embeddable":true,"href":"https:\/\/www.europesays.com\/no\/wp-json\/wp\/v2\/tags?post=50671"}],"curies":[{"name":"wp","href":"https:\/\/api.w.org\/{rel}","templated":true}]}}