{"id":50673,"date":"2025-10-02T06:17:12","date_gmt":"2025-10-02T06:17:12","guid":{"rendered":"https:\/\/www.europesays.com\/no\/50673\/"},"modified":"2025-10-02T06:17:12","modified_gmt":"2025-10-02T06:17:12","slug":"knivstakk-naboer-kan-vaere-lege-i-norge","status":"publish","type":"post","link":"https:\/\/www.europesays.com\/no\/50673\/","title":{"rendered":"Knivstakk naboer \u2013 kan v\u00e6re lege i Norge"},"content":{"rendered":"\n<p class=\"_paragraph_1994c_4 _paragraph_xtcu6_10 layout-component text-serif-m layout-normal text-serif-m layout-padded _medium_xtcu6_25\">VG kan avsl\u00f8re at minst 23 leger fortsatt kan jobbe i Norge, til tross for at de er fratatt sin lokale legeautorisasjonlegeautorisasjonEn tillatelse fra myndighetene til \u00e5 jobbe som lege. i andre land.<\/p>\n<p class=\"_paragraph_1994c_4 _paragraph_xtcu6_10 layout-component text-serif-m layout-normal text-serif-m layout-padded\">Legene ble avskiltet i hjemlandet fordi myndighetene der mente at de utgjorde en fare for pasienter. Flere av dem er ogs\u00e5 d\u00f8mt for alvorlig kriminalitet.<\/p>\n<p class=\"_paragraph_1994c_4 _paragraph_xtcu6_10 layout-component text-serif-m layout-normal text-serif-m layout-padded\">Blant dem som likevel har muligheten til \u00e5 jobbe i Norge, er:<\/p>\n<p><img decoding=\"async\" alt=\"Bilde av Mann fra Sverige\" class=\"_image_ygndg_42\" height=\"40\" itemprop=\"image\" loading=\"lazy\"  src=\"https:\/\/www.europesays.com\/no\/wp-content\/uploads\/2025\/10\/d45e25fe-72e7-40ce-8314-b81276bb2118\"  width=\"40\"\/><strong class=\"_name_ygndg_51 title-serif-xs\">Mann fra Sverige<\/strong><\/p>\n<p class=\"_paragraph_1994c_4 text-sans-m _description_ygndg_56\">D\u00f8mt til flere \u00e5rs fengsel for \u00e5 stikke to naboer med kniv i ansiktet og andre deler av kroppen.<\/p>\n<p><img decoding=\"async\" alt=\"Bilde av Svensk gynekolog\" class=\"_image_ygndg_42\" height=\"40\" itemprop=\"image\" loading=\"lazy\"  src=\"https:\/\/www.europesays.com\/no\/wp-content\/uploads\/2025\/10\/e78f4a3c-b4d6-4f70-b10c-ce662d356669\"  width=\"40\"\/><strong class=\"_name_ygndg_51 title-serif-xs\">Svensk gynekolog<\/strong><\/p>\n<p class=\"_paragraph_1994c_4 text-sans-m _description_ygndg_56\">D\u00f8mt for \u00e5 utnytte to pasienter seksuelt under behandling.<\/p>\n<p><img decoding=\"async\" alt=\"Bilde av Britisk barnekreftlege\" class=\"_image_ygndg_42\" height=\"40\" itemprop=\"image\" loading=\"lazy\"  src=\"https:\/\/www.europesays.com\/no\/wp-content\/uploads\/2025\/10\/0f3f4337-ed46-49c9-ace8-326e23f2082b\"  width=\"40\"\/><strong class=\"_name_ygndg_51 title-serif-xs\">Britisk barnekreftlege<\/strong><\/p>\n<p class=\"_paragraph_1994c_4 text-sans-m _description_ygndg_56\">Skremte foreldre til \u00e5 tro at barna deres kunne ha kreft, slik at de skulle kj\u00f8pe dyre unders\u00f8kelser fra hans selskap, if\u00f8lge britiske myndigheter. Har tidligere arbeidet p\u00e5 et norsk sykehus.<\/p>\n<p><img decoding=\"async\" alt=\"Bilde av Fastlege\" class=\"_image_ygndg_42\" height=\"40\" itemprop=\"image\" loading=\"lazy\"  src=\"https:\/\/www.europesays.com\/no\/wp-content\/uploads\/2025\/10\/fd1470f3-070f-47f1-a648-a29fbfe38b29\"  width=\"40\"\/><strong class=\"_name_ygndg_51 title-serif-xs\">Fastlege<\/strong><\/p>\n<p class=\"_paragraph_1994c_4 text-sans-m _description_ygndg_56\">Var under tilsyn av svenske myndigheter da hun ikke klarte \u00e5 f\u00f8lge opp pasientene der p\u00e5 grunn av psykiske problemer. Hadde samtidig fastlegejobber i Norge, if\u00f8lge fastlegeregisteret.<\/p>\n<p class=\"_paragraph_1994c_4 _paragraph_xtcu6_10 layout-component text-serif-m layout-normal text-serif-m layout-padded\">VG har hentet inn opplysninger om de 23 legene fra andre lands helsemyndigheter og dommer.<\/p>\n<p class=\"_paragraph_1994c_4 _paragraph_xtcu6_10 layout-component text-serif-m layout-normal text-serif-m layout-padded\">Blant dem fant vi ogs\u00e5 leger som er avskiltet i utlandet for alvorlig feilbehandling av pasienter eller har skrevet ut store mengder narkotiske legemidler til seg selv og n\u00e6rst\u00e5ende.<\/p>\n<p class=\"_paragraph_1994c_4 _paragraph_xtcu6_10 layout-component text-serif-m layout-normal text-serif-m layout-padded\"><strong class=\"_strong_1994c_25\">VG kan avsl\u00f8re at <a href=\"https:\/\/www.vg.no\/tag\/statens-helsetilsyn?utm_source=vg-article&amp;utm_medium=auto-tagger&amp;utm_campaign=OowbnE\" class=\"_link_1994c_39\" rel=\"nofollow noopener\" target=\"_blank\">Statens helsetilsyn<\/a> ble varslet fortl\u00f8pende om legene som omtales i denne saken. Likevel kunne de fortsatt jobbe med norske pasienter.<\/strong><\/p>\n<p class=\"_paragraph_1994c_4 _paragraph_xtcu6_10 layout-component text-serif-m layout-normal text-serif-m layout-padded\">N\u00e5r en utenlandsk lege vil jobbe i Norge, m\u00e5 vedkommende s\u00f8ke om en egen autorisasjon hos <strong class=\"_strong_1994c_25\">Helsedirektoratet<\/strong>.<\/p>\n<p class=\"_paragraph_1994c_4 _paragraph_xtcu6_10 layout-component text-serif-m layout-normal text-serif-m layout-padded\"><strong class=\"_strong_1994c_25\">Statens helsetilsyn<\/strong> skal passe p\u00e5 at alle leger i Norge f\u00f8lger lover og regler. De kan frata en lege autorisasjonen, dersom de mener at det er fare for pasientenes sikkerhet.<\/p>\n<p class=\"_paragraph_1994c_4 _paragraph_xtcu6_10 layout-component text-serif-m layout-normal text-serif-m layout-padded\">N\u00e5 kan VG dokumentere at flere fortsatte \u00e5 jobbe som leger i Norge etter at de mistet autorisasjonen i utlandet. Blant dem er:<\/p>\n<p><img decoding=\"async\" alt=\"Bilde av Mann fra Sverige\" class=\"_image_ygndg_42\" height=\"40\" itemprop=\"image\" loading=\"lazy\"  src=\"https:\/\/www.europesays.com\/no\/wp-content\/uploads\/2025\/10\/cb04c32b-7f4d-4e33-b639-f88c2b2f6a16\"  width=\"40\"\/><strong class=\"_name_ygndg_51 title-serif-xs\">Mann fra Sverige<\/strong><\/p>\n<p class=\"_paragraph_1994c_4 text-sans-m _description_ygndg_56\">D\u00f8mt for \u00e5 \u00f8delegge en politibil p\u00e5 oppdrag, og for besittelse av narkotika. Mannen bekrefter til VG at han n\u00e5 jobber ved et sykehus i Norge.<\/p>\n<p><img decoding=\"async\" alt=\"Bilde av Mann fra Sverige\" class=\"_image_ygndg_42\" height=\"40\" itemprop=\"image\" loading=\"lazy\"  src=\"https:\/\/www.europesays.com\/no\/wp-content\/uploads\/2025\/10\/5db2279f-867b-42c5-af15-c2a01e2b7794\"  width=\"40\"\/><strong class=\"_name_ygndg_51 title-serif-xs\">Mann fra Sverige<\/strong><\/p>\n<p class=\"_paragraph_1994c_4 text-sans-m _description_ygndg_56\">D\u00f8mt for dokumentforfalsk om falske corona-tester og for \u00f8konomisk kriminalitet. Har de siste \u00e5rene jobbet ved legevakter p\u00e5 \u00d8stlandet og er registrert som fastlege. Var under tilsyn da han sa fra seg sin svenske autorisasjon.<\/p>\n<p class=\"_paragraph_1994c_4 _paragraph_xtcu6_10 layout-component text-serif-m layout-normal text-serif-m layout-padded\">VG har fors\u00f8kt \u00e5 kontakte legene omtalt i denne saken enten direkte eller via deres advokater. Ingen av legene har stilt til intervju.<\/p>\n<p class=\"_paragraph_1994c_4 _paragraph_xtcu6_10 layout-component text-serif-m layout-normal text-serif-m layout-padded\">For dr\u00f8yt to uker siden sendte vi navnene p\u00e5 de avskiltede legene til Helsetilsynet \u2013 og spurte hvorfor de fortsatt har tillatelse til \u00e5 jobbe med pasienter i Norge.<\/p>\n<p class=\"_paragraph_1994c_4 _paragraph_xtcu6_10 layout-component text-serif-m layout-normal text-serif-m layout-padded\">Kort tid etter gikk alarmen p\u00e5 hovedkontoret i M\u00f8llergata i Oslo.<\/p>\n<p><img alt=\"Direkt\u00f8r i Statens helsetilsyn Sjur Lehmann.  Foto: Annemor Larsen \/ VG\" class=\"_image_qp4xg_65 layout-component layout-normal\" data-fullscreen- data-track-element-type=\"Article image fullscreen\" data-track-name=\"ImageFullscreen\" decoding=\"async\" loading=\"lazy\" height=\"5035\" itemprop=\"image\"  src=\"https:\/\/www.europesays.com\/no\/wp-content\/uploads\/2025\/10\/3e102598-0472-4461-b682-84c825a9465f\"  style=\"object-position:0% 0%\" width=\"6711\"\/>Direkt\u00f8r i Statens helsetilsyn Sjur Lehmann.  Foto: Annemor Larsen \/ VG<\/p>\n<p class=\"_paragraph_1994c_4 _paragraph_xtcu6_10 layout-component text-serif-m layout-normal text-serif-m layout-padded\">\u2013 Ut fra v\u00e5r forel\u00f8pige gjennomgang ser vi at varsler i flere tilfeller har v\u00e6rt h\u00e5ndtert feil. Da har vi ikke gjort jobben v\u00e5r godt nok, sier Helsetilsynets direkt\u00f8r <strong class=\"_strong_1994c_25\">Sjur Lehmann til VG.<\/strong><\/p>\n<p class=\"_paragraph_1994c_4 _paragraph_xtcu6_10 layout-component text-serif-m layout-normal text-serif-m layout-padded\">Da VG m\u00f8tte Lehmann og to av hans avdelingsdirekt\u00f8rer mandag, jobbet de fortsatt med \u00e5 finne ut hvilke av legene som faktisk jobber, eller har jobbet, i Norge.<\/p>\n<p class=\"_paragraph_1994c_4 _paragraph_xtcu6_10 layout-component text-serif-m layout-normal text-serif-m layout-padded\">\u2013 Hvis en lege mister autorisasjonen for overgrep, eller for p\u00e5 andre m\u00e5ter \u00e5 ha satt pasienter i fare, vil de v\u00e6re like farlige i et annet land, sier Lehmann.<\/p>\n<p class=\"_paragraph_1994c_4 _paragraph_xtcu6_10 layout-component text-serif-m layout-normal text-serif-m layout-padded\">Disse legene er noen av funnene i prosjektet \u00abBad Practice\u00bb, der VG og 49 andre medier i Europa og Nord-Amerika deltar. Europeiske land skal varsle hverandre n\u00e5r en lege fratas autorisasjonen. Men n\u00e5 avdekkes det at systemet flere steder ikke fungerer.<\/p>\n<p>Slik har VG jobbet med saken<\/p>\n<ul class=\"_list_1994c_3 _list_xtcu6_9 _list_16v91_9 _unordered_1994c_105 layout-component text-serif-m layout-normal text-sans-m layout-padded\">\n<li class=\"_item_1994c_30\">I fjor tok VG initiativ til et samarbeid mellom europeiske medier for \u00e5 unders\u00f8ke hvordan helsepersonell fortsetter \u00e5 jobbe i nye land etter \u00e5 skadet eller forgrepet seg p\u00e5 pasienter.<\/li>\n<li class=\"_item_1994c_30\">Initiativet var inspirert av VGs serie <a href=\"https:\/\/www.vg.no\/spesial\/2021\/grenselos-terapi\/samleside\/\" class=\"_link_1994c_39\" rel=\"nofollow noopener\" target=\"_blank\">\u00abGrensel\u00f8s terapi\u00bb<\/a>, som satte s\u00f8kelyset p\u00e5 hvordan psykologer og psykiatere utnyttet pasienter seksuelt.<\/li>\n<li class=\"_item_1994c_30\">For \u00e5 finne avskiltede leger som jobbet i nye land, samlet journalistene inn over 2,5 millioner legeautorisasjoner, tilsynssaker, dommer og andre dokumenter fra 49 land. Informasjonen ble lagt i en database bygget av Organized Crime and Corruption Reporting Project (OCCRP).<\/li>\n<li class=\"_item_1994c_30\">Prosjektet er ledet av VG, gravenettverket OCCRP og britiske The Times.<\/li>\n<\/ul>\n<p>Vis mer<\/p>\n<p class=\"_paragraph_1994c_4 _paragraph_xtcu6_10 layout-component text-serif-m layout-normal text-serif-m layout-padded\">Situasjonen i Norge er ikke unik. <\/p>\n<p class=\"_paragraph_1994c_4 _paragraph_xtcu6_10 layout-component text-serif-m layout-normal text-serif-m layout-padded\"><strong class=\"_strong_1994c_25\">VG og samarbeidende medier har funnet over 100 avskiltede leger med gyldig autorisasjon i andre land, som har skadet eller feilbehandlet tidligere pasienter, eller kan utgj\u00f8re en fare for fremtidige pasienter.<\/strong><\/p>\n<p class=\"_paragraph_1994c_4 _paragraph_xtcu6_10 layout-component text-serif-m layout-normal text-serif-m layout-padded\">Det fremg\u00e5r av dokumenter fra ulike tilsynsmyndigheter og i dommer.<\/p>\n<p> <img decoding=\"async\" alt=\"Therese Ridar\" class=\"_image_8qg3d_185\" src=\"https:\/\/www.europesays.com\/no\/wp-content\/uploads\/2025\/10\/d26b195e-47bb-47ff-85c3-945a0b41ac96\" width=\"480\"\/>Eiliv Frich Flydal<\/p>\n<p class=\"text-sans-s\">Journalist<\/p>\n<p><img decoding=\"async\" alt=\"Eiliv Frich Flydal\" class=\"_image_8qg3d_185\" src=\"https:\/\/www.europesays.com\/no\/wp-content\/uploads\/2025\/10\/e2127855-a240-4b39-8e43-3ff05ec1f30a\" width=\"480\"\/>Kontakt Eiliv Frich Flydal <\/p>\n<p class=\"_paragraph_1994c_4 _paragraph_xtcu6_10 layout-component text-serif-m layout-normal text-serif-m layout-padded\">Har du tips til denne saken? Send e-post til: bad-practice@vg.no. <\/p>\n<p class=\"_paragraph_1994c_4 _paragraph_xtcu6_10 layout-component text-serif-m layout-normal text-serif-m layout-padded\">Da journalistene kartla legene i sommer jobbet over 50 av dem i andre land med nye pasienter. Noen av dem har allerede f\u00e5tt nye klager mot seg.<\/p>\n<p class=\"_paragraph_1994c_4 _paragraph_xtcu6_10 layout-component text-serif-m layout-normal text-serif-m layout-padded\">Siden da har flere leger mistet jobben, etter at medier tok kontakt med arbeidsgivere og stilte sp\u00f8rsm\u00e5l om bakgrunnen deres.<\/p>\n<p class=\"_paragraph_1994c_4 _paragraph_xtcu6_10 layout-component text-serif-m layout-normal text-serif-m layout-padded\"><strong class=\"_strong_1994c_25\">Funnene utgj\u00f8r trolig bare toppen av isfjellet, fordi mange land nekter \u00e5 dele informasjon om legers autorisasjoner, tilsynssaker og dommer.<\/strong><\/p>\n<p class=\"_paragraph_1994c_4 _paragraph_xtcu6_10 layout-component text-serif-m layout-normal text-serif-m layout-padded\">\u2013 Det er et tall som bekymrer meg, og det er et tall som viser at vi m\u00e5 gj\u00f8re noe med det, sier Lehmann.<\/p>\n<p class=\"_paragraph_1994c_4 _paragraph_xtcu6_10 layout-component text-serif-m layout-normal text-serif-m layout-padded\">Etter at VG la frem dokumentasjon for Statens helsetilsyn, har de igangsatt flere strakstiltak, opplyser direkt\u00f8r Sjur Lehmann.<\/p>\n<p class=\"_paragraph_1994c_4 _paragraph_xtcu6_10 layout-component text-serif-m layout-normal text-serif-m layout-padded\">Tolv advarsler fra utlandet som ble lagt vekk p\u00e5 grunn av saksbehandlingsfeil, er allerede gjen\u00e5pnet. Blant disse legene, som i dag kan jobbe med norske pasienter, er:<\/p>\n<ul class=\"_list_1994c_3 _list_xtcu6_9 _unordered_1994c_105 layout-component text-serif-m layout-normal text-serif-m layout-padded\">\n<li class=\"_item_1994c_30\"><strong class=\"_strong_1994c_25\">To d\u00f8mt og avskiltet<\/strong> etter knivstikking.<\/li>\n<li class=\"_item_1994c_30\"><strong class=\"_strong_1994c_25\">\u00c9n d\u00f8mt <\/strong>for seksuelle overgrep mot pasienter.<\/li>\n<li class=\"_item_1994c_30\"><strong class=\"_strong_1994c_25\">\u00c9n avskiltet for<\/strong> dokumentforfalskning.<\/li>\n<li class=\"_item_1994c_30\"><strong class=\"_strong_1994c_25\">Flere avskiltet<\/strong> for \u00e5 skrive ut store mengder narkotiske legemidler til seg selv eller n\u00e6rst\u00e5ende.<\/li>\n<li class=\"_item_1994c_30\"><strong class=\"_strong_1994c_25\">Flere avskiltet<\/strong> p\u00e5 grunn av grov kunnskapsmangel eller feilbehandling av pasienter.<\/li>\n<\/ul>\n<p class=\"_paragraph_1994c_4 _paragraph_xtcu6_10 layout-component text-serif-m layout-normal text-serif-m layout-padded\">N\u00e5 skal Helsetilsynet avgj\u00f8re om de f\u00e5r beholde deres norske autorisasjon. I tillegg har Helsetilsynet opprettet saker mot en etiopisk og en svensk lege etter at VG opplyste at ogs\u00e5 de var avskiltet i utlandet.<\/p>\n<p class=\"_paragraph_1994c_4 _paragraph_xtcu6_10 layout-component text-serif-m layout-normal text-serif-m layout-padded\">\u2013 Vi vil n\u00e5 g\u00e5 grundig gjennom disse sakene, mottatte varsler, og rutinene for saker p\u00e5 tvers av landegrenser i sin helhet. Vi har satt opp en hurtigarbeidende arbeidsgruppe som skal gi en samlet vurdering og foresl\u00e5 tiltak. Vi har ogs\u00e5 dialog med v\u00e5re nordiske kolleger og vil f\u00f8lge opp dette temaet raskt, sier Lehmann.<\/p>\n<p class=\"_paragraph_1994c_4 _paragraph_xtcu6_10 layout-component text-serif-m layout-normal text-serif-m layout-padded\"><strong class=\"_strong_1994c_25\">For \u00e5 finne avskiltede leger som jobbet i nye land, samlet journalistene inn over 2,5 millioner legeautorisasjoner, tilsynssaker, dommer og andre dokumenter fra 49 land. <\/strong><\/p>\n<p class=\"_paragraph_1994c_4 _paragraph_xtcu6_10 layout-component text-serif-m layout-normal text-serif-m layout-padded\">Informasjonen ble lagt i en database bygget av gravenettverket OCCRPOCCRPSt\u00e5r for Organized Crime and Corruption Reporting Project, et internasjonalt nettverk av journalister som jobber med \u00e5 avdekke organisert kriminalitet og korrupsjon..<\/p>\n<p class=\"_paragraph_1994c_4 _paragraph_xtcu6_10 layout-component text-serif-m layout-normal text-serif-m layout-padded\">Prosjektet \u00abBad practice\u00bb ledes sammen av VG, OCCRP og britiske The Times.<\/p>\n<ul class=\"_list_1994c_3 _list_xtcu6_9 _unordered_1994c_105 layout-component text-serif-m layout-normal text-serif-m layout-padded\">\n<li class=\"_item_1994c_30\"> <a href=\"https:\/\/www.occrp.org\/en\/project\/bad-practice\" class=\"_link_1994c_39\" rel=\"nofollow noopener\" target=\"_blank\">Les flere avsl\u00f8ringer hos OCCRP<\/a><\/li>\n<\/ul>\n<p>Medier i samarbeidet:<\/p>\n<ul class=\"_list_1994c_3 _list_xtcu6_9 _list_16v91_9 _unordered_1994c_105 layout-component text-serif-m layout-normal text-sans-m layout-padded\">\n<li class=\"_item_1994c_30\">Internasjonalt: OCCRP<\/li>\n<li class=\"_item_1994c_30\">Albania: Shteg <\/li>\n<li class=\"_item_1994c_30\">Andorra: InfoLibre (Spain)<\/li>\n<li class=\"_item_1994c_30\">Armenia: Hetq<\/li>\n<li class=\"_item_1994c_30\">Belarus: Belarusian Investigative Center<\/li>\n<li class=\"_item_1994c_30\">Belgia: De Tijd<\/li>\n<li class=\"_item_1994c_30\">Bosnia &amp; Hercegovina: CIN<\/li>\n<li class=\"_item_1994c_30\">Bulgaria: bird.bg<\/li>\n<li class=\"_item_1994c_30\">Canada: Investigative Journalism Bureau at the University of Toronto<\/li>\n<li class=\"_item_1994c_30\">Danmark: Berlingske<\/li>\n<li class=\"_item_1994c_30\">Estland: Eesti Ekspress<\/li>\n<li class=\"_item_1994c_30\">Finland: Yle<\/li>\n<li class=\"_item_1994c_30\">Frankrike: Le Monde<\/li>\n<li class=\"_item_1994c_30\">Hellas: Inside Story<\/li>\n<li class=\"_item_1994c_30\">Irland: Irish Times<\/li>\n<li class=\"_item_1994c_30\">Island: Heimildin<\/li>\n<li class=\"_item_1994c_30\">Italia: L&#8217;Espresso<\/li>\n<li class=\"_item_1994c_30\">Kosovo: Preportr<\/li>\n<li class=\"_item_1994c_30\">Kroatia: O\u0161tro<\/li>\n<li class=\"_item_1994c_30\">Kypros: CIReN<\/li>\n<li class=\"_item_1994c_30\">Latvia: Re:Baltica<\/li>\n<li class=\"_item_1994c_30\">Litauen: 15min<\/li>\n<li class=\"_item_1994c_30\">Luxembourg: Reporter.lu<\/li>\n<li class=\"_item_1994c_30\">Malta: AmphoraMedia<\/li>\n<li class=\"_item_1994c_30\">Moldova: RISE Moldova<\/li>\n<li class=\"_item_1994c_30\">Montenegro: MANS<\/li>\n<li class=\"_item_1994c_30\">Nederland: Follow The Money og Investico<\/li>\n<li class=\"_item_1994c_30\">Nord-Kypros: CIReN<\/li>\n<li class=\"_item_1994c_30\">Nord-Makedonia: IRL<\/li>\n<li class=\"_item_1994c_30\">Norge: VG<\/li>\n<li class=\"_item_1994c_30\">Polen: Fundacja Reporter\u00f3w<\/li>\n<li class=\"_item_1994c_30\">Portugal: Expresso<\/li>\n<li class=\"_item_1994c_30\">Romania: Public Record<\/li>\n<li class=\"_item_1994c_30\">Russland: iStories<\/li>\n<li class=\"_item_1994c_30\">Serbia: KRIK<\/li>\n<li class=\"_item_1994c_30\">Slovakia: Investigative Center of Jan Kuciak (ICJK)<\/li>\n<li class=\"_item_1994c_30\">Slovenia: O\u0161tro<\/li>\n<li class=\"_item_1994c_30\">Spania: InfoLibre<\/li>\n<li class=\"_item_1994c_30\">Storbritannia: The Times<\/li>\n<li class=\"_item_1994c_30\">Sveits: Tamedia<\/li>\n<li class=\"_item_1994c_30\">Sverige: SVT<\/li>\n<li class=\"_item_1994c_30\">Tsjekkia: Investigace<\/li>\n<li class=\"_item_1994c_30\">Tyrkia: DW \u2013 Turkish<\/li>\n<li class=\"_item_1994c_30\">Tyskland: Paper trail media og ZDF,<\/li>\n<li class=\"_item_1994c_30\">Ukraina: Slidstvo<\/li>\n<li class=\"_item_1994c_30\">Ungarn: Atlatszo<\/li>\n<li class=\"_item_1994c_30\">USA Howard Center (University of Maryland) og Kaiser Health News<\/li>\n<li class=\"_item_1994c_30\">\u00d8sterrike: Der Standard<\/li>\n<\/ul>\n<p>Vis mer    <\/p>\n","protected":false},"excerpt":{"rendered":"VG kan avsl\u00f8re at minst 23 leger fortsatt kan jobbe i Norge, til tross for at de er&hellip;\n","protected":false},"author":2,"featured_media":50674,"comment_status":"","ping_status":"","sticky":false,"template":"","format":"standard","meta":{"footnotes":""},"categories":[12],"tags":[7801,20,21,24,25,15,736,22,23,3643,13,30,28,29,14,16,5459,26,27,42,43,44,45],"class_list":{"0":"post-50673","1":"post","2":"type-post","3":"status-publish","4":"format-standard","5":"has-post-thumbnail","7":"category-verden","8":"tag-bad-practice","9":"tag-breaking-news","10":"tag-breakingnews","11":"tag-featured-news","12":"tag-featurednews","13":"tag-headlines","14":"tag-helse","15":"tag-latest-news","16":"tag-latestnews","17":"tag-lege","18":"tag-news","19":"tag-no","20":"tag-norge","21":"tag-norway","22":"tag-nyheter","23":"tag-overskrifter","24":"tag-statens-helsetilsyn","25":"tag-top-stories","26":"tag-topstories","27":"tag-verden","28":"tag-world","29":"tag-world-news","30":"tag-worldnews"},"share_on_mastodon":{"url":"","error":""},"_links":{"self":[{"href":"https:\/\/www.europesays.com\/no\/wp-json\/wp\/v2\/posts\/50673","targetHints":{"allow":["GET"]}}],"collection":[{"href":"https:\/\/www.europesays.com\/no\/wp-json\/wp\/v2\/posts"}],"about":[{"href":"https:\/\/www.europesays.com\/no\/wp-json\/wp\/v2\/types\/post"}],"author":[{"embeddable":true,"href":"https:\/\/www.europesays.com\/no\/wp-json\/wp\/v2\/users\/2"}],"replies":[{"embeddable":true,"href":"https:\/\/www.europesays.com\/no\/wp-json\/wp\/v2\/comments?post=50673"}],"version-history":[{"count":0,"href":"https:\/\/www.europesays.com\/no\/wp-json\/wp\/v2\/posts\/50673\/revisions"}],"wp:featuredmedia":[{"embeddable":true,"href":"https:\/\/www.europesays.com\/no\/wp-json\/wp\/v2\/media\/50674"}],"wp:attachment":[{"href":"https:\/\/www.europesays.com\/no\/wp-json\/wp\/v2\/media?parent=50673"}],"wp:term":[{"taxonomy":"category","embeddable":true,"href":"https:\/\/www.europesays.com\/no\/wp-json\/wp\/v2\/categories?post=50673"},{"taxonomy":"post_tag","embeddable":true,"href":"https:\/\/www.europesays.com\/no\/wp-json\/wp\/v2\/tags?post=50673"}],"curies":[{"name":"wp","href":"https:\/\/api.w.org\/{rel}","templated":true}]}}