{"id":50677,"date":"2025-10-02T06:24:09","date_gmt":"2025-10-02T06:24:09","guid":{"rendered":"https:\/\/www.europesays.com\/no\/50677\/"},"modified":"2025-10-02T06:24:09","modified_gmt":"2025-10-02T06:24:09","slug":"vi-vil-aldri-la-mobben-ta-over-gatene","status":"publish","type":"post","link":"https:\/\/www.europesays.com\/no\/50677\/","title":{"rendered":"\u2013 Vi vil aldri la mobben ta over gatene"},"content":{"rendered":"<p><strong>President Donald Trump gikk hardt ut p\u00e5 Truth Social onsdag kveld med flere innlegg om situasjonen i Portland, Oregon. Han skriver at byen preges av lovl\u00f8shet og vold, og at Nasjonalgarden er satt inn for \u00e5 gjenopprette orden.<\/strong><\/p>\n<p>\u2013 Som jeg bestemte 27. september, da jeg aktiverte og beordret National Guard i Oregon, fortsetter forholdene \u00e5 forverres til lovl\u00f8s galskap. ANTIFA og de radikale venstre-anarkistene har brutalt angrepet v\u00e5re f\u00f8derale politifolk, menn og kvinner som bare gj\u00f8r jobben sin. Vi vil aldri tillate at mobber tar over gatene v\u00e5re, brenner byene v\u00e5re eller \u00f8delegger Amerika. National Guard er n\u00e5 p\u00e5 plass og dedikert til \u00e5 gjenopprette LOV OG ORDEN, <a href=\"https:\/\/truthsocial.com\/@realDonaldTrump\/posts\/115300118756896774\" rel=\"nofollow noopener\" target=\"_blank\">skrev<\/a> Trump.<\/p>\n<p>I et nytt <a href=\"https:\/\/truthsocial.com\/@realDonaldTrump\/posts\/115300121637799728\" rel=\"nofollow noopener\" target=\"_blank\">innlegg<\/a> langet han ut mot delstatens ledelse:<br \/>\u2013 Oregons guvern\u00f8r m\u00e5 leve i en dr\u00f8mmeverden. Portland er en uendelig katastrofe. Mange mennesker er blitt alvorlig skadet og til og med drept. Byen drives som et tredjeverdensland. Vi har ikke noe valg, vi m\u00e5 g\u00e5 inn. LOV OG ORDEN M\u00c5 SEIRE, skrev presidenten.<\/p>\n<p>If\u00f8lge <a href=\"https:\/\/www.foxnews.com\/politics\/national-guard-now-place-oregon-amid-chaos-death-destruction-trump\" rel=\"nofollow noopener\" target=\"_blank\">Fox News<\/a> bekrefter et notat fra Oregon Military Department at 200 soldater er mobilisert under f\u00f8deral myndighet for operasjoner i Portland-omr\u00e5det, etter en foresp\u00f8rsel fra Department of War. Oppdraget ble omtalt som \u00abrett fram: \u00e5 beskytte f\u00f8derale bygninger og de ansatte som jobber der\u00bb.<\/p>\n<p>Brigadegeneral Alan R. Gronewold understreket i notatet at oppdraget er et sp\u00f8rsm\u00e5l om plikt, ikke om popularitet:<br \/>\u2013 Jeg vet noen av dere kan ha sterke f\u00f8lelser om dette oppdraget. Det er greit. Dere er borgere f\u00f8rst, men dere er ogs\u00e5 soldater som har avlagt en ed om \u00e5 forsvare grunnloven og f\u00f8lge presidentens og guvern\u00f8rens ordre. Den eden kommer ikke med en stjernefotnote som sier \u2018bare n\u00e5r jeg er enig i oppdraget\u2019. Vi f\u00e5r ikke velge og vrake, skrev han.<\/p>\n<p>Gronewold la til at han er klar over at mange i Oregon kan v\u00e6re uenige eller til og med fiendtlige til innsatsen:<br \/>\u2013 Men vi har v\u00e6rt gjennom t\u00f8ffe situasjoner f\u00f8r. Vi gj\u00f8r jobben v\u00e5r uansett hvordan den mottas. Vi tjener ikke fordi det er lett eller popul\u00e6rt. Vi tjener fordi det er v\u00e5r plikt og fordi vi avla en ed, skrev generalen if\u00f8lge Fox News.<\/p>\n<p>Lederen advarte ogs\u00e5 soldatene mot \u00e5 delta i politiske diskusjoner p\u00e5 nett:<br \/>\u2013 Ikke legg ut om enhetens bevegelser eller detaljer om mobiliseringen. Ikke g\u00e5 inn i politiske diskusjoner p\u00e5 nettet mens du b\u00e6rer uniform eller identifiserer deg som medlem av Oregon Guard. Dere representerer noe st\u00f8rre enn dere selv, og offentligheten f\u00f8lger med, het det i notatet.<\/p>\n<p>Portlands ordf\u00f8rer Keith Wilson svarte med \u00e5 avvise presidentens framstilling. Han hevdet at videoene som viste voldelige scener i byen var resirkulert fra fem \u00e5r tilbake.<br \/>\u2013 Hvis president Trump kom til Portland i dag, ville han finne folk som sykler, spiller sport, handler dagligvarer eller bes\u00f8ker bondens marked. Vi har gjort viktig arbeid de siste \u00e5rene og reformert v\u00e5rt sikkerhetssystem, sa Wilson til Fox News.<\/p>\n<p>Bakgrunnen er at byen siden juni har opplevd gjentatte demonstrasjoner ved et ICE-anlegg. If\u00f8lge Fox News har bygningen blitt tagget med anti-ICE-graffiti, og sammenst\u00f8t mellom demonstranter og f\u00f8derale agenter har f\u00f8rt til voldelige episoder. Portland har siden 2017 hatt status som \u00absanctuary city\u00bb og motarbeidet f\u00f8deral innvandringskontroll, til tross for advarsler fra justisminister Pam Bondi om at dette undergraver amerikanske interesser.<\/p>\n","protected":false},"excerpt":{"rendered":"President Donald Trump gikk hardt ut p\u00e5 Truth Social onsdag kveld med flere innlegg om situasjonen i Portland,&hellip;\n","protected":false},"author":2,"featured_media":50678,"comment_status":"","ping_status":"","sticky":false,"template":"","format":"standard","meta":{"footnotes":""},"categories":[12],"tags":[20,21,24,25,15,22,23,4563,13,30,28,29,14,7805,16,7380,26,27,766,42,43,44,45],"class_list":{"0":"post-50677","1":"post","2":"type-post","3":"status-publish","4":"format-standard","5":"has-post-thumbnail","7":"category-verden","8":"tag-breaking-news","9":"tag-breakingnews","10":"tag-featured-news","11":"tag-featurednews","12":"tag-headlines","13":"tag-latest-news","14":"tag-latestnews","15":"tag-nasjonalgarden","16":"tag-news","17":"tag-no","18":"tag-norge","19":"tag-norway","20":"tag-nyheter","21":"tag-oregon","22":"tag-overskrifter","23":"tag-portland","24":"tag-top-stories","25":"tag-topstories","26":"tag-trump","27":"tag-verden","28":"tag-world","29":"tag-world-news","30":"tag-worldnews"},"share_on_mastodon":{"url":"","error":""},"_links":{"self":[{"href":"https:\/\/www.europesays.com\/no\/wp-json\/wp\/v2\/posts\/50677","targetHints":{"allow":["GET"]}}],"collection":[{"href":"https:\/\/www.europesays.com\/no\/wp-json\/wp\/v2\/posts"}],"about":[{"href":"https:\/\/www.europesays.com\/no\/wp-json\/wp\/v2\/types\/post"}],"author":[{"embeddable":true,"href":"https:\/\/www.europesays.com\/no\/wp-json\/wp\/v2\/users\/2"}],"replies":[{"embeddable":true,"href":"https:\/\/www.europesays.com\/no\/wp-json\/wp\/v2\/comments?post=50677"}],"version-history":[{"count":0,"href":"https:\/\/www.europesays.com\/no\/wp-json\/wp\/v2\/posts\/50677\/revisions"}],"wp:featuredmedia":[{"embeddable":true,"href":"https:\/\/www.europesays.com\/no\/wp-json\/wp\/v2\/media\/50678"}],"wp:attachment":[{"href":"https:\/\/www.europesays.com\/no\/wp-json\/wp\/v2\/media?parent=50677"}],"wp:term":[{"taxonomy":"category","embeddable":true,"href":"https:\/\/www.europesays.com\/no\/wp-json\/wp\/v2\/categories?post=50677"},{"taxonomy":"post_tag","embeddable":true,"href":"https:\/\/www.europesays.com\/no\/wp-json\/wp\/v2\/tags?post=50677"}],"curies":[{"name":"wp","href":"https:\/\/api.w.org\/{rel}","templated":true}]}}