{"id":50681,"date":"2025-10-02T06:26:24","date_gmt":"2025-10-02T06:26:24","guid":{"rendered":"https:\/\/www.europesays.com\/no\/50681\/"},"modified":"2025-10-02T06:26:24","modified_gmt":"2025-10-02T06:26:24","slug":"erling-braut-haaland-apner-opp-om-tapet-av-ivar-eggja-og-frykten-for-doden","status":"publish","type":"post","link":"https:\/\/www.europesays.com\/no\/50681\/","title":{"rendered":"Erling Braut Haaland \u00e5pner opp om tapet av Ivar Eggja og frykten for d\u00f8den"},"content":{"rendered":"<p class=\"kicker \" style=\"\">Erling Braut Haaland:\u00a0<\/p>\n<p>  Fotballstjernen deler \u00e5penhjertig om tapet av familievennen &#8211; og sine egne tanker om d\u00f8den.<\/p>\n<p>\n    FAMILIEVENN: Erling Braut Haaland sammen med familien sin og Ivar Eggja etter at Manchester City vant Premier League i 2023. Foto: CARL RECINE\/NTB\n  <\/p>\n<p>I september i fjor kom den triste nyheten om at fotballstjerne<a href=\"https:\/\/www.seher.no\/kjendis\/hun-sjekket-opp-meg\/83659791\" rel=\"nofollow noopener\" target=\"_blank\"> Erling Braut Haaland (25)<\/a> hadde mistet en av de som sto ham aller n\u00e6rmest.<\/p>\n<p> <a href=\"https:\/\/www.seher.no\/kjendis\/reservepappa-er-dod\/81929810\" rel=\"nofollow noopener\" target=\"_blank\">Ivar Eggja<\/a> ble bare 59 \u00e5r gammel. Han var en n\u00e6r venn av familien Haaland i lang tid, og spilte en viktig rolle for 25-\u00e5ringen, b\u00e5de som st\u00f8ttespiller og i teamet hans.\u00a0<\/p>\n<p>    <a itemprop=\"url\" href=\"https:\/\/www.seher.no\/kjendis\/reservepappa-er-dod\/81929810\" rel=\"nofollow noopener\" target=\"_blank\"><\/p>\n<p>      <img loading=\"lazy\" decoding=\"async\" src=\"https:\/\/www.europesays.com\/no\/wp-content\/uploads\/2025\/10\/81929685.webp\" width=\"147\" height=\"98\" title=\"Reservepappa er d\u00f8d\" alt=\"\" class=\"lazyload\" style=\"--aspect-ratio-image: 1.50; \"\/><\/p>\n<p>        Reservepappa er d\u00f8d<\/p>\n<p>    <\/a><\/p>\n<p>\u00abFor en legende du er Ivar. Ord klarer ikke \u00e5 beskrive hvor mye du har betydd for meg. Ord klarer ikke beskrive hvor mye du kommer til \u00e5 bli savnet. Gi mer faen. Akkurat det skal jeg gj\u00f8re. Tusen takk for alt din galning. M\u00e5tte vi treffes igjen. Hvil i fred, Ivar\u00bb, skrev 25-\u00e5ringen p\u00e5 Instagram.\u00a0<\/p>\n<p>        AVSL\u00d8RER: \u00abA-laget\u00bb f\u00e5r den ellers s\u00e5 private Erling Braut Haaland til \u00e5 lette p\u00e5 sl\u00f8ret om han og kj\u00e6resten Isabel Haugseng Johansen. Video: NRK TV\/ Thea Hope\/ R\u00f8d L\u00f8per<\/p>\n<p>I NRKs \u00abA-laget\u00bb deler Haaland n\u00e5 \u00e5penhjertig om tiden etter d\u00f8dsfallet. I episoden beskriver han Ivar som b\u00e5de \u00abonkelen\u00bb sin og en god venn.\u00a0\u00a0<\/p>\n<p class=\"font-weight-bold m-font-weight-bold\" data-lab-font_weight=\"font-weight-bold\">&#8211; Jeg kommer til \u00e5 savne ham resten av livet. Jeg snakket med ham rett f\u00f8r han d\u00f8de. Det han sa til meg var: \u00abG\u00e5 ut og knus alt p\u00e5 banen. Kos deg\u00bb. Han ville at jeg skulle leve mitt aller beste liv, selv uten ham. Det er viktig \u00e5 tenke p\u00e5, han vil ikke at du skal legge deg ned og v\u00e6re lei deg hele veien, sier Haaland i episoden og legger til:\u00a0<\/p>\n<p>&#8211; Det er utrolig trist og helt forferdelig. Det er ikke g\u00f8y i det hele tatt, men s\u00e5nn er livet &#8211; det er trist.\u00a0<\/p>\n<p>        STJERNEM\u00d8TE: N\u00e5r to verdener kolliderer, s\u00e5 smeller det. Slik gikk det da Kim Kardashian m\u00f8tte Norges Erling Braut Haaland. Video: NTB, GQ Sports, \u00d8rjan Ryland \/ Dagbladet<\/p>\n<p>I episoden f\u00e5r Haaland ogs\u00e5 sp\u00f8rsm\u00e5l fra en av \u00abA-lagets\u00bb reportere om hva han er redd for &#8211; hvor d\u00f8den ogs\u00e5 blir et tema.\u00a0<\/p>\n<p>    <a itemprop=\"url\" href=\"https:\/\/www.seher.no\/sport\/slik-ser-hun-ikke-ut-lenger\/83502206\" rel=\"nofollow noopener\" target=\"_blank\"><\/p>\n<p>      <img loading=\"lazy\" decoding=\"async\" src=\"https:\/\/www.europesays.com\/no\/wp-content\/uploads\/2025\/10\/83502490.webp\" width=\"147\" height=\"98\" title=\"Slik ser hun ikke ut lenger\" alt=\"\" class=\"lazyload\" style=\"--aspect-ratio-image: 1.50; \"\/><\/p>\n<p>        Slik ser hun ikke ut lenger<\/p>\n<p>    <\/a><\/p>\n<p>&#8211; Jeg er faktisk litt redd for d\u00f8den, siden jeg vet ikke hva som skjer. Det er litt skummelt \u00e5 ligge alene i senga f\u00f8r du sovner og tenke p\u00e5 s\u00e5nn: \u00abHva skjer den dagen jeg d\u00f8r? G\u00e5r du til himmelen, eller g\u00e5r du til helvete? Hvor g\u00e5r man hen? Hvor g\u00e5r du eller sover man bare?\u00bb. Jeg er litt redd for d\u00f8den faktisk, deler han \u00e6rlig.\u00a0<\/p>\n<p class=\"italic m-italic\" data-lab-italic=\"italic\">\u00a0\u00abA-laget\u00bb har sesongpremiere 1. oktober p\u00e5 NRK.\u00a0<\/p>\n","protected":false},"excerpt":{"rendered":"Erling Braut Haaland:\u00a0 Fotballstjernen deler \u00e5penhjertig om tapet av familievennen &#8211; og sine egne tanker om d\u00f8den. FAMILIEVENN:&hellip;\n","protected":false},"author":2,"featured_media":50682,"comment_status":"","ping_status":"","sticky":false,"template":"","format":"standard","meta":{"footnotes":""},"categories":[5],"tags":[5368,20,21,810,24,25,15,19,7806,479,2543,22,23,17,18,13,30,28,29,14,16,26,27],"class_list":{"0":"post-50681","1":"post","2":"type-post","3":"status-publish","4":"format-standard","5":"has-post-thumbnail","7":"category-overskrifter","8":"tag-a-laget","9":"tag-breaking-news","10":"tag-breakingnews","11":"tag-erling-braut-haaland","12":"tag-featured-news","13":"tag-featurednews","14":"tag-headlines","15":"tag-hovedoppslag","16":"tag-ivar-eggja","17":"tag-kjendis","18":"tag-kjendisdesken","19":"tag-latest-news","20":"tag-latestnews","21":"tag-main-news","22":"tag-mainnews","23":"tag-news","24":"tag-no","25":"tag-norge","26":"tag-norway","27":"tag-nyheter","28":"tag-overskrifter","29":"tag-top-stories","30":"tag-topstories"},"share_on_mastodon":{"url":"","error":""},"_links":{"self":[{"href":"https:\/\/www.europesays.com\/no\/wp-json\/wp\/v2\/posts\/50681","targetHints":{"allow":["GET"]}}],"collection":[{"href":"https:\/\/www.europesays.com\/no\/wp-json\/wp\/v2\/posts"}],"about":[{"href":"https:\/\/www.europesays.com\/no\/wp-json\/wp\/v2\/types\/post"}],"author":[{"embeddable":true,"href":"https:\/\/www.europesays.com\/no\/wp-json\/wp\/v2\/users\/2"}],"replies":[{"embeddable":true,"href":"https:\/\/www.europesays.com\/no\/wp-json\/wp\/v2\/comments?post=50681"}],"version-history":[{"count":0,"href":"https:\/\/www.europesays.com\/no\/wp-json\/wp\/v2\/posts\/50681\/revisions"}],"wp:featuredmedia":[{"embeddable":true,"href":"https:\/\/www.europesays.com\/no\/wp-json\/wp\/v2\/media\/50682"}],"wp:attachment":[{"href":"https:\/\/www.europesays.com\/no\/wp-json\/wp\/v2\/media?parent=50681"}],"wp:term":[{"taxonomy":"category","embeddable":true,"href":"https:\/\/www.europesays.com\/no\/wp-json\/wp\/v2\/categories?post=50681"},{"taxonomy":"post_tag","embeddable":true,"href":"https:\/\/www.europesays.com\/no\/wp-json\/wp\/v2\/tags?post=50681"}],"curies":[{"name":"wp","href":"https:\/\/api.w.org\/{rel}","templated":true}]}}