{"id":50686,"date":"2025-10-02T06:36:09","date_gmt":"2025-10-02T06:36:09","guid":{"rendered":"https:\/\/www.europesays.com\/no\/50686\/"},"modified":"2025-10-02T06:36:09","modified_gmt":"2025-10-02T06:36:09","slug":"desta-marie-beeder-avslorer-skade-for-skal-vi-danse-premieren","status":"publish","type":"post","link":"https:\/\/www.europesays.com\/no\/50686\/","title":{"rendered":"Desta Marie Beeder avsl\u00f8rer skade f\u00f8r Skal vi danse-premieren"},"content":{"rendered":"<p class=\"kicker \" style=\"\">Desta Marie Beeder:<\/p>\n<p>  \u00abGod morgen Norge\u00bb-programleder r\u00f8per drama f\u00f8r \u00abSkal vi danse\u00bb-premieren.<\/p>\n<p>\n    ENDELIG: Etter \u00e5 ha dr\u00f8mt om \u00abSkal vi danse\u00bb i mange \u00e5r, er det endelig Desta Marie Beeder sin tur til \u00e5 svinge seg p\u00e5 parketten. Foto: Andreas Fadum \/ Se og H\u00f8r\n  <\/p>\n<p>Det n\u00e6rmer seg sesongpremiere p\u00e5 \u00e5rets \u00abSkal vi danse\u00bb, og deltakerne har allerede ligget i hardtrening en god stund.<\/p>\n<p>For \u00abGod morgen Norge\u00bb-programleder Desta Marie Beeder (37) har deltakelsen v\u00e6rt en dr\u00f8m i mange \u00e5r. N\u00e5 har imidlertid opplevelsen f\u00e5tt en litt annerledes start enn f\u00f8rst antatt.<\/p>\n<p>    <a itemprop=\"url\" href=\"https:\/\/www.seher.no\/kjendis\/etter-kritikken-forventer-et-visst-niva\/83648248\" rel=\"nofollow noopener\" target=\"_blank\"><\/p>\n<p>      <img loading=\"lazy\" decoding=\"async\" src=\"https:\/\/www.europesays.com\/no\/wp-content\/uploads\/2025\/10\/82102169.webp\" width=\"980\" height=\"441\" title=\"Etter kritikken: - Forventer et visst niv\u00e5\" alt=\"\" class=\"lazyload\" style=\"--aspect-ratio-image: 2.22; \"\/><\/p>\n<p>        Etter kritikken: &#8211; Forventer et visst niv\u00e5<\/p>\n<p>    <\/a><\/p>\n<p>I et Instagram-innlegg kan Beeder nemlig avsl\u00f8re en aldri s\u00e5 liten skade kort tid f\u00f8r premieren.\u00a0<\/p>\n<p> \u00abStartet turen med \u00e5 falle ned flytrappen. Tror ikke noe er brukket, hadde passet d\u00e5rlig\u00bb, skriver TV-profilen.<\/p>\n<p>        GOD MORGEN NORGE: R\u00f8d L\u00f8per er P\u00c5 den r\u00f8de l\u00f8peren i forbindelse med 30-\u00e5rs jubileet til \u00abGod Morgen Norge\u00bb. Reporter: Sanne Holt \/ Trond Markus Gravdal \/ Edward Stenlund<\/p>\n<p>Overfor <a href=\"https:\/\/www.tv2.no\/underholdning\/gikk-nesten-galt-rett-for-premieren-livet-passerte-i-revy\/18151044\/\" target=\"_blank\" rel=\"nofollow noopener\">TV 2<\/a> forteller Beeder at hun fryktet det aller verste da hendelsen inntraff.\u00a0<\/p>\n<p>&#8211; Det var s\u00e5 flaut, for jeg skulle inn p\u00e5 et fly med vesken min, et blad i h\u00e5nden, og jeg hadde kj\u00f8pt meg en stor kaffekopp. Og jeg gikk med veldig glatte sko og det var veldig v\u00e5tt, s\u00e5 skled jeg nedover trappen, sier hun og legger til:<\/p>\n<p>    <a itemprop=\"url\" href=\"https:\/\/www.seher.no\/kjendis\/foler-meg-avdanka-og-motbydelig\/83665007\" rel=\"nofollow noopener\" target=\"_blank\"><\/p>\n<p>      <img loading=\"lazy\" decoding=\"async\" src=\"https:\/\/www.europesays.com\/no\/wp-content\/uploads\/2025\/10\/83668059.webp\" width=\"980\" height=\"441\" title=\"- F\u00f8ler meg avdanka og motbydelig\" alt=\"\" class=\"lazyload\" style=\"--aspect-ratio-image: 2.22; \"\/><\/p>\n<p>        &#8211; F\u00f8ler meg avdanka og motbydelig<\/p>\n<p>    <\/a><\/p>\n<p class=\"font-weight-bold m-font-weight-bold\" data-lab-font_weight=\"font-weight-bold\">&#8211;\u00a0\u00a0Jeg s\u00e5 hele \u00abSkal vi danse\u00bb-eventyret passere i revy. Og tidligere har folk\u00a0skadet seg hvor de m\u00e5tte trekke seg fra programmet. S\u00e5 jeg var veldig redd for at det skulle bli s\u00e5nn.<\/p>\n<p>Heldigvis kom hun seg unna i relativt god behold, takket v\u00e6re en hjelpende h\u00e5nd fra kjendismanager David Eriksen (58) som fikk henne p\u00e5 beina igjen.<\/p>\n<p>        BLEMME: I premiereepisoden av \u00abSpillet\u00bb sesong 3 m\u00e5 en deltaker forlate konkurransen, men ikke alle forst\u00e5r reglene under avstemningen. Video: TV 2 \/ Nora Skavhaug \/ Kine Falch<\/p>\n<p>37-\u00e5ringen har tidligere v\u00e6rt \u00e5pen om at \u00abSkal vi danse\u00bb har v\u00e6rt en dr\u00f8m i lang tid. I et intervju med Nettavisen i 2022 la hun ikke skjul p\u00e5 skuffelsen over \u00e5 ikke ha f\u00e5tt v\u00e6rt med enda.<\/p>\n<p> &#8211; Jeg er selvf\u00f8lgelig bitter for at jeg ikke skal v\u00e6re med &#8211; for tiende \u00e5ret p\u00e5 rad, <a href=\"https:\/\/www.seher.no\/kjendis\/tenkte-kanskje-dette-var-mitt-ar\/76977172\" target=\"_blank\" rel=\"nofollow noopener\">sa hun p\u00e5 det tidspunktet.<\/a><\/p>\n<p>N\u00e5 er det heldigvis hennes tur, og allerede l\u00f8rdag 4. oktober braker det l\u00f8s.<\/p>\n","protected":false},"excerpt":{"rendered":"Desta Marie Beeder: \u00abGod morgen Norge\u00bb-programleder r\u00f8per drama f\u00f8r \u00abSkal vi danse\u00bb-premieren. ENDELIG: Etter \u00e5 ha dr\u00f8mt om&hellip;\n","protected":false},"author":2,"featured_media":50687,"comment_status":"","ping_status":"","sticky":false,"template":"","format":"standard","meta":{"footnotes":""},"categories":[58],"tags":[7472,71,479,2543,30,28,29,2280,72],"class_list":{"0":"post-50686","1":"post","2":"type-post","3":"status-publish","4":"format-standard","5":"has-post-thumbnail","7":"category-underholdning","8":"tag-desta-marie-beeder","9":"tag-entertainment","10":"tag-kjendis","11":"tag-kjendisdesken","12":"tag-no","13":"tag-norge","14":"tag-norway","15":"tag-skal-vi-danse","16":"tag-underholdning"},"share_on_mastodon":{"url":"","error":""},"_links":{"self":[{"href":"https:\/\/www.europesays.com\/no\/wp-json\/wp\/v2\/posts\/50686","targetHints":{"allow":["GET"]}}],"collection":[{"href":"https:\/\/www.europesays.com\/no\/wp-json\/wp\/v2\/posts"}],"about":[{"href":"https:\/\/www.europesays.com\/no\/wp-json\/wp\/v2\/types\/post"}],"author":[{"embeddable":true,"href":"https:\/\/www.europesays.com\/no\/wp-json\/wp\/v2\/users\/2"}],"replies":[{"embeddable":true,"href":"https:\/\/www.europesays.com\/no\/wp-json\/wp\/v2\/comments?post=50686"}],"version-history":[{"count":0,"href":"https:\/\/www.europesays.com\/no\/wp-json\/wp\/v2\/posts\/50686\/revisions"}],"wp:featuredmedia":[{"embeddable":true,"href":"https:\/\/www.europesays.com\/no\/wp-json\/wp\/v2\/media\/50687"}],"wp:attachment":[{"href":"https:\/\/www.europesays.com\/no\/wp-json\/wp\/v2\/media?parent=50686"}],"wp:term":[{"taxonomy":"category","embeddable":true,"href":"https:\/\/www.europesays.com\/no\/wp-json\/wp\/v2\/categories?post=50686"},{"taxonomy":"post_tag","embeddable":true,"href":"https:\/\/www.europesays.com\/no\/wp-json\/wp\/v2\/tags?post=50686"}],"curies":[{"name":"wp","href":"https:\/\/api.w.org\/{rel}","templated":true}]}}