{"id":50689,"date":"2025-10-02T06:39:11","date_gmt":"2025-10-02T06:39:11","guid":{"rendered":"https:\/\/www.europesays.com\/no\/50689\/"},"modified":"2025-10-02T06:39:11","modified_gmt":"2025-10-02T06:39:11","slug":"disse-kjendisene-er-med-i-ny-sesong-av-16-ukers-helvete","status":"publish","type":"post","link":"https:\/\/www.europesays.com\/no\/50689\/","title":{"rendered":"Disse kjendisene er med i ny sesong av \u00ab16 ukers helvete\u00bb"},"content":{"rendered":"\n<p class=\"_lead_1994c_2 _lead_xtcu6_50 layout-component text-serif-m layout-normal text-serif-l layout-component layout-wide layout-padded _wide_17hqh_1 layout-padded\">Andreas \u00abTIX\u00bb Haukeland og Per Sandberg er blant kjendisene som skal endre livsstil i neste sesong av programmet. <\/p>\n<p><img alt=\" Foto: Warner Bros Discovery \" class=\"_image_qp4xg_65 layout-component layout-wide\" data-fullscreen- data-track-element-type=\"Article image fullscreen\" data-track-name=\"ImageFullscreen\" fetchpriority=\"high\" decoding=\"sync\" loading=\"eager\" height=\"5219\" itemprop=\"image\"  src=\"https:\/\/www.europesays.com\/no\/wp-content\/uploads\/2025\/10\/e3656920-857e-4372-a676-d047e501fb5a\"  style=\"object-position:0% 0%\" width=\"7829\"\/> Foto: Warner Bros Discovery <\/p>\n<ul aria-hidden=\"true\" class=\"_images_1y6fe_106\">\n<li><a class=\"_link_1y6fe_111\" href=\"https:\/\/www.vg.no\/forfatter\/marie-dreyer-bakken\" style=\"z-index:1\" title=\"Marie Dreyer Bakken\" rel=\"nofollow noopener\" target=\"_blank\"><img alt=\"Bilde av Marie Dreyer Bakken\" class=\"_image_1y6fe_88\" fetchpriority=\"low\" loading=\"lazy\" decoding=\"async\" itemprop=\"image\"  src=\"https:\/\/www.europesays.com\/no\/wp-content\/uploads\/2025\/10\/1759387149_985_a58fd05d-9a13-4704-bd0c-ffb8040bb859\"  width=\"480\"\/><\/a><\/li>\n<\/ul>\n<p> Oppdatert torsdag 2. oktober kl. 08:14     <\/p>\n<p class=\"_paragraph_1994c_4 _paragraph_xtcu6_10 layout-component text-serif-m layout-normal text-serif-m layout-padded\">\u2013 Jeg har gjennom mange \u00e5r latt kroppen forfalle, og har manglet det n\u00f8dvendige pushet for \u00e5 starte oppbyggingen av form og helse, sier tidligere politiker <a href=\"https:\/\/www.vg.no\/tag\/per-sandberg?utm_source=vg-article&amp;utm_medium=auto-tagger&amp;utm_campaign=5E9xJm\" class=\"_link_1994c_39\" rel=\"nofollow noopener\" target=\"_blank\">Per Sandberg<\/a> i en pressemelding. <\/p>\n<p class=\"_paragraph_1994c_4 _paragraph_xtcu6_10 layout-component text-serif-m layout-normal text-serif-m layout-padded\">Han er blant de seks kjendisene som har takket ja til \u00e5 bli med i neste sesong av \u00ab16 ukers helvete\u00bb: <\/p>\n<ul class=\"_list_1994c_3 _list_xtcu6_9 _unordered_1994c_105 layout-component text-serif-m layout-normal text-serif-m layout-padded\">\n<li class=\"_item_1994c_30\">Andreas \u00abTIX\u00bb Haukeland \u2013 Artist og l\u00e5tskriver<\/li>\n<li class=\"_item_1994c_30\">Lise Karlsnes \u2013 Artist<\/li>\n<li class=\"_item_1994c_30\">Per Sandberg \u2013 Tidligere politiker<\/li>\n<li class=\"_item_1994c_30\">Kasper Wikestad \u2013 Fotballkommentator<\/li>\n<li class=\"_item_1994c_30\">Henrik Overaa Bj\u00f8rnsson \u2013 Komiker<\/li>\n<li class=\"_item_1994c_30\">Aurora Hoff \u2013 Influencer<\/li>\n<\/ul>\n<p class=\"_paragraph_1994c_4 _paragraph_xtcu6_10 layout-component text-serif-m layout-normal text-serif-m layout-padded\">Programmet g\u00e5r ut p\u00e5 at kjendisene f\u00e5r hjelp av mentorene Martin Johnsrud Sundby (40) og Anette Skarpaas Ramm (45), til \u00e5 endre b\u00e5de kosthold og aktivitetsniv\u00e5. <\/p>\n<p class=\"_paragraph_1994c_4 _paragraph_xtcu6_10 layout-component text-serif-m layout-normal text-serif-m layout-padded\">Den femte sesongen kommer p\u00e5 TV v\u00e5ren 2026. Gjengen er i skrivende stund i gang med innspilling. <\/p>\n<p class=\"_paragraph_1994c_4 _paragraph_xtcu6_10 layout-component text-serif-m layout-normal text-serif-m layout-padded\">\u2013 Jeg vet at jeg ikke er den stereotypiske deltageren, men helse handler om mer enn bare tallet p\u00e5 baderomsvekten, sier Andreas \u00abTIX\u00bb Haukeland. <\/p>\n<p>       <img decoding=\"async\" alt=\"Tips oss illustrasjon\" width=\"62px\" height=\"auto\" src=\"https:\/\/www.europesays.com\/no\/wp-content\/uploads\/2025\/08\/1754784428_95_W9avJzE.png\"\/>    <\/p>\n<p class=\"title-serif-s\">Har du tips til oss?<\/p>\n<p class=\"text-sans-m\">Send oss informasjon, bilder eller video<\/p>\n<p>  <a href=\"https:\/\/www.vg.no\/tips-oss\" rel=\"nofollow noopener\" target=\"_blank\"> Tips oss <\/a>      <\/p>\n","protected":false},"excerpt":{"rendered":"Andreas \u00abTIX\u00bb Haukeland og Per Sandberg er blant kjendisene som skal endre livsstil i neste sesong av programmet.&hellip;\n","protected":false},"author":2,"featured_media":50690,"comment_status":"","ping_status":"","sticky":false,"template":"","format":"standard","meta":{"footnotes":""},"categories":[12],"tags":[5645,7808,31,20,21,24,25,15,829,2497,22,23,7807,13,30,28,29,14,16,1677,26,27,42,43,44,45],"class_list":{"0":"post-50689","1":"post","2":"type-post","3":"status-publish","4":"format-standard","5":"has-post-thumbnail","7":"category-verden","8":"tag-16-ukers-helvete","9":"tag-andreas-tix-haukeland","10":"tag-breaking","11":"tag-breaking-news","12":"tag-breakingnews","13":"tag-featured-news","14":"tag-featurednews","15":"tag-headlines","16":"tag-influencer","17":"tag-kjendiser","18":"tag-latest-news","19":"tag-latestnews","20":"tag-martin-johnsrud-sundby","21":"tag-news","22":"tag-no","23":"tag-norge","24":"tag-norway","25":"tag-nyheter","26":"tag-overskrifter","27":"tag-per-sandberg","28":"tag-top-stories","29":"tag-topstories","30":"tag-verden","31":"tag-world","32":"tag-world-news","33":"tag-worldnews"},"share_on_mastodon":{"url":"","error":""},"_links":{"self":[{"href":"https:\/\/www.europesays.com\/no\/wp-json\/wp\/v2\/posts\/50689","targetHints":{"allow":["GET"]}}],"collection":[{"href":"https:\/\/www.europesays.com\/no\/wp-json\/wp\/v2\/posts"}],"about":[{"href":"https:\/\/www.europesays.com\/no\/wp-json\/wp\/v2\/types\/post"}],"author":[{"embeddable":true,"href":"https:\/\/www.europesays.com\/no\/wp-json\/wp\/v2\/users\/2"}],"replies":[{"embeddable":true,"href":"https:\/\/www.europesays.com\/no\/wp-json\/wp\/v2\/comments?post=50689"}],"version-history":[{"count":0,"href":"https:\/\/www.europesays.com\/no\/wp-json\/wp\/v2\/posts\/50689\/revisions"}],"wp:featuredmedia":[{"embeddable":true,"href":"https:\/\/www.europesays.com\/no\/wp-json\/wp\/v2\/media\/50690"}],"wp:attachment":[{"href":"https:\/\/www.europesays.com\/no\/wp-json\/wp\/v2\/media?parent=50689"}],"wp:term":[{"taxonomy":"category","embeddable":true,"href":"https:\/\/www.europesays.com\/no\/wp-json\/wp\/v2\/categories?post=50689"},{"taxonomy":"post_tag","embeddable":true,"href":"https:\/\/www.europesays.com\/no\/wp-json\/wp\/v2\/tags?post=50689"}],"curies":[{"name":"wp","href":"https:\/\/api.w.org\/{rel}","templated":true}]}}