{"id":5069,"date":"2025-08-11T13:51:15","date_gmt":"2025-08-11T13:51:15","guid":{"rendered":"https:\/\/www.europesays.com\/no\/5069\/"},"modified":"2025-08-11T13:51:15","modified_gmt":"2025-08-11T13:51:15","slug":"eagle-s-saken-tiltalt-for-grov-sabotasje","status":"publish","type":"post","link":"https:\/\/www.europesays.com\/no\/5069\/","title":{"rendered":"Eagle S-saken: Tiltalt for grov sabotasje"},"content":{"rendered":"\n<p class=\"_lead_1bvmi_2 _lead_xtcu6_50 layout-component text-serif-m layout-normal text-serif-l layout-component layout-wide layout-padded _wide_17hqh_1 layout-padded\">Finske myndigheter mener skipet Eagle S kuttet fem undersj\u00f8iske kabler med ankeret i desember.<\/p>\n<p><img alt=\"Dette bildet tatt 29. desember viser skader p\u00e5 Eagle S.  Foto: Den finske grensevakten \" class=\"_image_qp4xg_65 layout-component layout-wide\" data-fullscreen- data-track-element-type=\"Article image fullscreen\" data-track-name=\"ImageFullscreen\" fetchpriority=\"high\" decoding=\"sync\" loading=\"eager\" height=\"994\" itemprop=\"image\"  src=\"https:\/\/www.europesays.com\/no\/wp-content\/uploads\/2025\/08\/5dfe23a6-0116-4b69-bc42-359d601afdd4\"  style=\"object-position:0% 0%\" width=\"1258\"\/>Dette bildet tatt 29. desember viser skader p\u00e5 Eagle S.  Foto: Den finske grensevakten <\/p>\n<ul aria-hidden=\"true\" class=\"_images_1y6fe_106\">\n<li><a class=\"_link_1y6fe_111\" href=\"https:\/\/www.vg.no\/forfatter\/vilde-elgaaen\" style=\"z-index:2\" title=\"Vilde Elgaaen\" rel=\"nofollow noopener\" target=\"_blank\"><img alt=\"Bilde av Vilde Elgaaen\" class=\"_image_1y6fe_88\" fetchpriority=\"low\" loading=\"lazy\" decoding=\"async\" itemprop=\"image\"  src=\"https:\/\/www.europesays.com\/no\/wp-content\/uploads\/2025\/08\/1754920272_578_d7abc11e-e453-4b15-b473-933209ff5fea\"  width=\"480\"\/><\/a><\/li>\n<li><a class=\"_link_1y6fe_111\" href=\"https:\/\/www.vg.no\/forfatter\/isak-loeve-pilskog-loe\" style=\"z-index:1\" title=\"Isak L\u00f8ve Pilskog Loe\" rel=\"nofollow noopener\" target=\"_blank\"><img alt=\"Bilde av Isak L\u00f8ve Pilskog Loe\" class=\"_image_1y6fe_88\" fetchpriority=\"low\" loading=\"lazy\" decoding=\"async\" itemprop=\"image\"  src=\"https:\/\/www.europesays.com\/no\/wp-content\/uploads\/2025\/08\/1754920272_948_8b0354e3-bf53-460c-9c1c-790321a0c923\"  width=\"480\"\/><\/a><\/li>\n<\/ul>\n<p> Oppdatert mandag 11. august kl. 12:51     <\/p>\n<p class=\"_paragraph_1bvmi_4 _paragraph_xtcu6_10 layout-component text-serif-m layout-normal text-serif-m layout-padded\">Kapteinen og to styrmenn p\u00e5 skipet Eagle S er tiltalt for grov sabotasje og grov forstyrrelse av tele\u00adkommunikasjon.<\/p>\n<p class=\"_paragraph_1bvmi_4 _paragraph_xtcu6_10 layout-component text-serif-m layout-normal text-serif-m layout-padded\">Det skriver finsk p\u00e5talemyndighet i en pressemelding.<\/p>\n<p class=\"_paragraph_1bvmi_4 _paragraph_xtcu6_10 layout-component text-serif-m layout-normal text-serif-m layout-padded\">Skipet, som er anklaget for \u00e5 tilh\u00f8re Russlands s\u00e5kalte skyggefl\u00e5teskyggefl\u00e5teskip som seiler under andre lands flagg for \u00e5 omg\u00e5 sanksjoner mot Russland, skal <a href=\"https:\/\/www.vg.no\/nyheter\/i\/eMXWBg\/estlink-2-sabotasjen-nye-bilder-viser-ferske-skader-paa-oljetankskipet-eagle-s\" data-track-element-type=\"Link\" data-track-id=\"link:eMXWBg\" class=\"_link_1bvmi_39\" rel=\"nofollow noopener\" target=\"_blank\">ha kuttet fem undersj\u00f8iske kabler <\/a>i \u00d8stersj\u00f8en ved \u00e5 slepe ankeret sitt langs havbunnen i 90 kilometer i juledagene 2024.<\/p>\n<p>        <img decoding=\"async\" src=\"https:\/\/www.europesays.com\/no\/wp-content\/uploads\/2025\/08\/finskebukta.jpg\" alt=\"\"\/><br \/>\n        &#13;<br \/>\n          &#13;<\/p>\n<p>        &#13;<br \/>\n          &#13;<\/p>\n<p>        &#13;<br \/>\n          &#13;<\/p>\n<p>        &#13;<br \/>\n          &#13;<\/p>\n<p>Finland<\/p>\n<p>Estland<\/p>\n<p>Helsinki<\/p>\n<p>Tallinn<\/p>\n<p>Estlink 1<\/p>\n<p>Estlink 2<\/p>\n<p>&#13;<br \/>\n          25. des. kl. 12.26:&#13;<br \/>\n          Kabelen \u00abEstlink 2\u00bb brytes samtidig som \u00abEagle S\u00bb krysser.&#13;\n        <\/p>\n<p>&#13;<br \/>\n          25. des. kl. 18.30:&#13;<br \/>\n          Finske grensevakter tar kontakt med \u00abEagle S\u00bb. Siden har skipet blitt holdt her.&#13;\n        <\/p>\n<p>&#13;<br \/>\n        Grafikk: Jonas Nilsson. Kilder: Wikipedia, YLE. Kartgrunnlag: Bing Maps&#13;\n      <\/p>\n<p class=\"_paragraph_1bvmi_4 _paragraph_xtcu6_10 layout-component text-serif-m layout-normal text-serif-m layout-padded\">De tre tiltalte nekter straffskyld og mener <a href=\"https:\/\/www.vg.no\/tag\/finland?utm_source=vg-article&amp;utm_medium=auto-tagger&amp;utm_campaign=bmpQEl\" class=\"_link_1bvmi_39\" rel=\"nofollow noopener\" target=\"_blank\">Finland<\/a> ikke har jurisdiksjon i saken, siden skadene skjedde utenfor finsk farvann.<\/p>\n<p><img alt=\"Politiet mistenker Eagle S for \u00e5 v\u00e6re en del av den russiske skyggefl\u00e5ten.  Foto: Jussi Nukari \/ Reuters \/ NTB\" class=\"_image_qp4xg_65 layout-component layout-normal\" data-fullscreen- data-track-element-type=\"Article image fullscreen\" data-track-name=\"ImageFullscreen\" decoding=\"async\" loading=\"lazy\" height=\"960\" itemprop=\"image\"  src=\"https:\/\/www.europesays.com\/no\/wp-content\/uploads\/2025\/08\/ac16c88a-0def-4099-bf89-7a24ad479ef4\"  style=\"object-position:0% 0%\" width=\"1440\"\/>Politiet mistenker Eagle S for \u00e5 v\u00e6re en del av den russiske skyggefl\u00e5ten.  Foto: Jussi Nukari \/ Reuters \/ NTB<\/p>\n<p class=\"_paragraph_1bvmi_4 _paragraph_xtcu6_10 layout-component text-serif-m layout-normal text-serif-m layout-padded\">Skipet, som er registrert p\u00e5 Cook\u00f8yene, forlot den russiske havnen Ust-Luga med en last av oljeprodukter. <\/p>\n<p class=\"_paragraph_1bvmi_4 _paragraph_xtcu6_10 layout-component text-serif-m layout-normal text-serif-m layout-padded\">If\u00f8lge tiltalen skal Eagle S ha dratt ankeret sitt langs havbunnen i rundt 90 kilometer og dermed kuttet kablene.<\/p>\n<p> Millionskader<\/p>\n<p class=\"_paragraph_1bvmi_4 _paragraph_xtcu6_10 layout-component text-serif-m layout-normal text-serif-m layout-padded\">Kabelbruddene for\u00e5rsaket skader for minst 60 millioner euro bare i reparasjonskostnader. <\/p>\n<p class=\"_paragraph_1bvmi_4 _paragraph_xtcu6_10 layout-component text-serif-m layout-normal text-serif-m layout-padded\">I tillegg skapte hendelsen alvorlig fare for Finlands energiforsyning og telekommunikasjon, selv om tjenestene ble opprettholdt gjennom alternative forbindelser.<\/p>\n<p class=\"_paragraph_1bvmi_4 _paragraph_xtcu6_10 layout-component text-serif-m layout-normal text-serif-m layout-padded\">Politiet hadde opprinnelig ni mistenkte for de alvorlige forbrytelsene, men antallet ble senere redusert til tre.<\/p>\n<p><img alt=\"Foto: Den finske grensevakten\" class=\"_image_qp4xg_65 layout-component layout-normal\" data-fullscreen- data-track-element-type=\"Article image fullscreen\" data-track-name=\"ImageFullscreen\" decoding=\"async\" loading=\"lazy\" height=\"599\" itemprop=\"image\"  src=\"https:\/\/www.europesays.com\/no\/wp-content\/uploads\/2025\/08\/7a0a94fe-7632-4c61-85f2-cba508db784c\"  style=\"object-position:0% 0%\" width=\"734\"\/>Foto: Den finske grensevakten<\/p>\n<p class=\"_paragraph_1bvmi_4 _paragraph_xtcu6_10 layout-component text-serif-m layout-normal text-serif-m layout-padded\">Stevningsbegj\u00e6ringen er sendt til Helsinki tingrett, som fastsetter dato for hovedforhandling og eventuelt avgj\u00f8r sp\u00f8rsm\u00e5let om finsk jurisdiksjon.<\/p>\n<p> Anker funnet<\/p>\n<p class=\"_paragraph_1bvmi_4 _paragraph_xtcu6_10 layout-component text-serif-m layout-normal text-serif-m layout-padded\">Da politiet f\u00f8rst beslagla Eagle S, la de merke til at et anker var forsvunnet.<\/p>\n<p class=\"_paragraph_1bvmi_4 _paragraph_xtcu6_10 layout-component text-serif-m layout-normal text-serif-m layout-padded\">Dette reiste mistanken om at skipet og ankeret ble brukt til \u00e5 \u00f8delegge kabelen i \u00d8stersj\u00f8en.<\/p>\n<p class=\"_paragraph_1bvmi_4 _paragraph_xtcu6_10 layout-component text-serif-m layout-normal text-serif-m layout-padded\">I en offentlig uttalelse p\u00e5pekte politiet at skaden trolig var for\u00e5rsaket av nettopp en ankerkjetting.<\/p>\n<p class=\"_paragraph_1bvmi_4 _paragraph_xtcu6_10 layout-component text-serif-m layout-normal text-serif-m layout-padded\">\u2013 S\u00e5 langt har vi kartlagt slepemerket fra start til m\u00e5l, men vi har enn\u00e5 ikke kunnet bekrefte stedet der ankeret l\u00f8snet, sa etterforskningsleder, Sami Paila, da.<\/p>\n<p class=\"_paragraph_1bvmi_4 _paragraph_xtcu6_10 layout-component text-serif-m layout-normal text-serif-m layout-padded\">7. januar i \u00e5r, gjorde politiet beslag i et anker som blir en del av bevismaterialet i etterforskningen. Ankeret ble funnet havbunnen i \u00d8stersj\u00f8en.<\/p>\n<p>    <img decoding=\"async\" alt=\"Tips oss illustrasjon\" width=\"62px\" height=\"auto\" src=\"https:\/\/www.europesays.com\/no\/wp-content\/uploads\/2025\/08\/1754784428_95_W9avJzE.png\"\/>    <\/p>\n<p class=\"title-serif-s\">Har du tips til oss?<\/p>\n<p class=\"text-sans-m\">Send oss informasjon, bilder eller video<\/p>\n<p>  <a href=\"https:\/\/www.vg.no\/tips-oss\" rel=\"nofollow noopener\" target=\"_blank\"> Tips oss <\/a>      <\/p>\n","protected":false},"excerpt":{"rendered":"Finske myndigheter mener skipet Eagle S kuttet fem undersj\u00f8iske kabler med ankeret i desember. Dette bildet tatt 29.&hellip;\n","protected":false},"author":2,"featured_media":5070,"comment_status":"","ping_status":"","sticky":false,"template":"","format":"standard","meta":{"footnotes":""},"categories":[12],"tags":[31,20,21,24,25,1255,15,22,23,13,30,28,29,14,16,1256,188,26,27,42,43,44,45],"class_list":{"0":"post-5069","1":"post","2":"type-post","3":"status-publish","4":"format-standard","5":"has-post-thumbnail","7":"category-verden","8":"tag-breaking","9":"tag-breaking-news","10":"tag-breakingnews","11":"tag-featured-news","12":"tag-featurednews","13":"tag-finland","14":"tag-headlines","15":"tag-latest-news","16":"tag-latestnews","17":"tag-news","18":"tag-no","19":"tag-norge","20":"tag-norway","21":"tag-nyheter","22":"tag-overskrifter","23":"tag-ostersjoen","24":"tag-russland","25":"tag-top-stories","26":"tag-topstories","27":"tag-verden","28":"tag-world","29":"tag-world-news","30":"tag-worldnews"},"share_on_mastodon":{"url":"","error":""},"_links":{"self":[{"href":"https:\/\/www.europesays.com\/no\/wp-json\/wp\/v2\/posts\/5069","targetHints":{"allow":["GET"]}}],"collection":[{"href":"https:\/\/www.europesays.com\/no\/wp-json\/wp\/v2\/posts"}],"about":[{"href":"https:\/\/www.europesays.com\/no\/wp-json\/wp\/v2\/types\/post"}],"author":[{"embeddable":true,"href":"https:\/\/www.europesays.com\/no\/wp-json\/wp\/v2\/users\/2"}],"replies":[{"embeddable":true,"href":"https:\/\/www.europesays.com\/no\/wp-json\/wp\/v2\/comments?post=5069"}],"version-history":[{"count":0,"href":"https:\/\/www.europesays.com\/no\/wp-json\/wp\/v2\/posts\/5069\/revisions"}],"wp:featuredmedia":[{"embeddable":true,"href":"https:\/\/www.europesays.com\/no\/wp-json\/wp\/v2\/media\/5070"}],"wp:attachment":[{"href":"https:\/\/www.europesays.com\/no\/wp-json\/wp\/v2\/media?parent=5069"}],"wp:term":[{"taxonomy":"category","embeddable":true,"href":"https:\/\/www.europesays.com\/no\/wp-json\/wp\/v2\/categories?post=5069"},{"taxonomy":"post_tag","embeddable":true,"href":"https:\/\/www.europesays.com\/no\/wp-json\/wp\/v2\/tags?post=5069"}],"curies":[{"name":"wp","href":"https:\/\/api.w.org\/{rel}","templated":true}]}}