{"id":50705,"date":"2025-10-02T06:49:47","date_gmt":"2025-10-02T06:49:47","guid":{"rendered":"https:\/\/www.europesays.com\/no\/50705\/"},"modified":"2025-10-02T06:49:47","modified_gmt":"2025-10-02T06:49:47","slug":"sport-kickboksing-imponerte-i-kickboksing","status":"publish","type":"post","link":"https:\/\/www.europesays.com\/no\/50705\/","title":{"rendered":"Sport, Kickboksing | Imponerte i kickboksing"},"content":{"rendered":"\n<p>Nordm\u00f8ringer hadde tatt turen til Bj\u00f8lsenhallen i Oslo for \u00e5 v\u00e6re med i fullkontakt kickboksing-stevnet. Det var ut\u00f8vere fra en rekke nasjoner med.<\/p>\n<p>Emil Istad, som varmet opp til Scandinavian Battle med \u00e5 vinne Fight Night i Molde f\u00f8rste helga i september, gikk i seniorklassen. Han m\u00f8tte en to ganger ukrainsk mester.<\/p>\n<p>\u2013 Det ble en t\u00f8ff kamp mellom to ut\u00f8vere som liker \u00e5 gi gass. Emil traff med flere gode h\u00f8yreslag og hadde et solid forsvar, mens motstander tok en del poeng p\u00e5 spark til kropp, sier Liab\u00f8.<\/p>\n<p>De to kickbokserne fulgte hverandre hele veien. Til slutt mente dommerne at ukraineren hadde v\u00e6rt best og ga ham seieren. If\u00f8lge Liab\u00f8 var det ikke \u00e5penbart at kampen skulle vippes den veien. B\u00e5de Liab\u00f8 og andre mente at Istad like gjerne kunne ha blitt tildelt seieren.<\/p>\n<p>\u2013 Men Emil viser at han har tatt store steg. Han m\u00f8ter en sterk og merittert motstander. Knallgod innsats og masse god l\u00e6ring med i kofferten hjem, er attesten fra treneren.<\/p>\n<p>Istad vant tidligere i \u00e5r to gull i NM. Han var best i \u2013 69 kilo lettkontakt og \u2013 69 kilo kick light (lettkontakt kickboksing med spark til beina).<\/p>\n<p>Suveren seier<\/p>\n<p>I Scandinavian Battle var det alts\u00e5 kun fullkontakt kickboksing. 15-\u00e5ringen \u00c5dne Kindsb\u00e6kken fra Tingvoll debuterte p\u00e5 dette niv\u00e5et. Han m\u00f8tte en ut\u00f8ver fra \u00d8stlandet som var den samme han slo da han ble norgesmester i kick light tidligere i \u00e5r.<\/p>\n<p>Det var aldri tvil om hvem som var best selv om Kindsb\u00e6kken var sm\u00e5nerv\u00f8s i oppvarmingsrommet f\u00f8r dommeren bl\u00e5ste kampen i gang.<\/p>\n<p>\u2013 Det var tydelig at \u00c5dne hadde gledet seg til \u00e5 vise at det ikke var noe tilfeldighet at han vant sist gang. Han gikk ut i h\u00f8yt tempo og hadde kontroll p\u00e5 stort sett alt. Tempoet og arbeidsmoralen holdt han oppe gjennom hele kampen og han fikk vist at ting vi har \u00f8vd p\u00e5 trening ogs\u00e5 funket veldig bra i kamp. Gode kombinasjoner og variasjon i treffpunkt gjorde at \u00c5dne var langt foran p\u00e5 scorekortet da dommer stoppet kampen for full tid. En veldig fortjent seier, sier Liab\u00f8.<\/p>\n<p>   <img decoding=\"async\" width=\"2048\" height=\"1365\" fetchpriority=\"low\"  loading=\"lazy\"  src=\"https:\/\/www.europesays.com\/no\/wp-content\/uploads\/2025\/10\/geir.jpg\" alt=\"\" class=\"brick-c-cFOWSL\" style=\"--brick-image-ratio: 2048 \/ 1365;\"\/><\/p>\n<p>    Geir Ove Liab\u00f8 har treneransvaret for Emil Istad og ut\u00f8verne i Kristiansund Kampsport.<br \/>\n    Foto: Privat\n  <\/p>\n<p>  <a href=\"https:\/\/www.tk.no\/5-51-1678452\" class=\"related-teaser has-image default-story-teaser article--c-eRUmMG article--c-eRUmMG-jKCPdD-design-default\" rel=\"nofollow noopener\" target=\"_blank\"><\/p>\n<p>    <img decoding=\"async\" loading=\"lazy\"  src=\"https:\/\/www.europesays.com\/no\/wp-content\/uploads\/2025\/10\/bildekamp.jpg\" alt=\"\" class=\"brick-c-cFOWSL\" style=\"\"\/><\/p>\n<p>\n            Les ogs\u00e5<\/p>\n<p>              Imponerende medaljefangst i NM\n        <\/p>\n<p>  <\/a><\/p>\n<p>  <a href=\"https:\/\/www.tk.no\/5-51-1645755\" class=\"related-teaser has-image default-story-teaser article--c-eRUmMG article--c-eRUmMG-jKCPdD-design-default\" rel=\"nofollow noopener\" target=\"_blank\"><\/p>\n<p>    <img decoding=\"async\" loading=\"lazy\"  src=\"https:\/\/www.europesays.com\/no\/wp-content\/uploads\/2025\/10\/Bilde+NC+Bergen+hele+gjengen.JPG\" alt=\"\" class=\"brick-c-cFOWSL\" style=\"\"\/><\/p>\n<p>\n            Les ogs\u00e5<\/p>\n<p>              Solid medaljefangst i norgescupen\n        <\/p>\n<p>  <\/a><\/p>\n<p>  <a href=\"https:\/\/www.tk.no\/5-51-1519672\" class=\"related-teaser has-image default-story-teaser article--c-eRUmMG article--c-eRUmMG-jKCPdD-design-default\" rel=\"nofollow noopener\" target=\"_blank\"><\/p>\n<p>    <img decoding=\"async\" loading=\"lazy\"  src=\"https:\/\/www.europesays.com\/no\/wp-content\/uploads\/2025\/10\/boksere.jpg\" alt=\"\" class=\"brick-c-cFOWSL\" style=\"\"\/><\/p>\n<p>\n            Les ogs\u00e5<\/p>\n<p>              Kickboksere fra Kristiansund hjem med medaljer fra NM\n        <\/p>\n<p>  <\/a><\/p>\n<p>  <a href=\"https:\/\/www.tk.no\/5-51-1423542\" class=\"related-teaser has-image default-story-teaser article--c-eRUmMG article--c-eRUmMG-jKCPdD-design-default\" rel=\"nofollow noopener\" target=\"_blank\"><\/p>\n<p>    <img decoding=\"async\" loading=\"lazy\"  src=\"https:\/\/www.europesays.com\/no\/wp-content\/uploads\/2025\/10\/karatn.jpg\" alt=\"\" class=\"brick-c-cFOWSL\" style=\"\"\/><\/p>\n<p>\n            Les ogs\u00e5<\/p>\n<p>              Debutant p\u00e5 pallen\n        <\/p>\n<p>  <\/a><\/p>\n","protected":false},"excerpt":{"rendered":"Nordm\u00f8ringer hadde tatt turen til Bj\u00f8lsenhallen i Oslo for \u00e5 v\u00e6re med i fullkontakt kickboksing-stevnet. Det var ut\u00f8vere&hellip;\n","protected":false},"author":2,"featured_media":50706,"comment_status":"","ping_status":"","sticky":false,"template":"","format":"standard","meta":{"footnotes":""},"categories":[59],"tags":[36,843,7809,298,30,28,29,83,82,1510,7810],"class_list":{"0":"post-50705","1":"post","2":"type-post","3":"status-publish","4":"format-standard","5":"has-post-thumbnail","7":"category-sport","8":"tag-art","9":"tag-kampsport","10":"tag-kickboksing","11":"tag-kristiansund","12":"tag-no","13":"tag-norge","14":"tag-norway","15":"tag-sport","16":"tag-sports","17":"tag-story","18":"tag-tingvoll"},"share_on_mastodon":{"url":"","error":""},"_links":{"self":[{"href":"https:\/\/www.europesays.com\/no\/wp-json\/wp\/v2\/posts\/50705","targetHints":{"allow":["GET"]}}],"collection":[{"href":"https:\/\/www.europesays.com\/no\/wp-json\/wp\/v2\/posts"}],"about":[{"href":"https:\/\/www.europesays.com\/no\/wp-json\/wp\/v2\/types\/post"}],"author":[{"embeddable":true,"href":"https:\/\/www.europesays.com\/no\/wp-json\/wp\/v2\/users\/2"}],"replies":[{"embeddable":true,"href":"https:\/\/www.europesays.com\/no\/wp-json\/wp\/v2\/comments?post=50705"}],"version-history":[{"count":0,"href":"https:\/\/www.europesays.com\/no\/wp-json\/wp\/v2\/posts\/50705\/revisions"}],"wp:featuredmedia":[{"embeddable":true,"href":"https:\/\/www.europesays.com\/no\/wp-json\/wp\/v2\/media\/50706"}],"wp:attachment":[{"href":"https:\/\/www.europesays.com\/no\/wp-json\/wp\/v2\/media?parent=50705"}],"wp:term":[{"taxonomy":"category","embeddable":true,"href":"https:\/\/www.europesays.com\/no\/wp-json\/wp\/v2\/categories?post=50705"},{"taxonomy":"post_tag","embeddable":true,"href":"https:\/\/www.europesays.com\/no\/wp-json\/wp\/v2\/tags?post=50705"}],"curies":[{"name":"wp","href":"https:\/\/api.w.org\/{rel}","templated":true}]}}