{"id":50713,"date":"2025-10-02T06:59:10","date_gmt":"2025-10-02T06:59:10","guid":{"rendered":"https:\/\/www.europesays.com\/no\/50713\/"},"modified":"2025-10-02T06:59:10","modified_gmt":"2025-10-02T06:59:10","slug":"elon-musk-blir-verdens-forste-halv-billionaer-med-tesla-og-spacex","status":"publish","type":"post","link":"https:\/\/www.europesays.com\/no\/50713\/","title":{"rendered":"Elon Musk blir verdens f\u00f8rste halv-billion\u00e6r med Tesla og SpaceX"},"content":{"rendered":"<p class=\"kicker text-red color_mobile_text-red\" style=\"\">\u00d8konomi:<\/p>\n<p>  Tesla-sjefen passerer vanvittig formuestall og forbi g\u00e5r alle andre milliard\u00e6rer.<\/p>\n<p>\n    ALDRI SKJEDD F\u00d8R: Elon Musk blir verdens f\u00f8rste halv-billion\u00e6r. Foto: Allison ROBBERT \/ AFP \/ NTB\n  <\/p>\n<p>Elon Musk har blitt den f\u00f8rste personen i historien med en formue p\u00e5 over 500 milliarder dollar &#8211; omtrent 4.900 milliarder kroner &#8211;\u00a0 melder Forbes\u2019 milliard\u00e6rindeks, if\u00f8lge<a href=\"https:\/\/www.bbc.com\/news\/articles\/c89d3547npjo\" rel=\"nofollow noopener\" target=\"_blank\"> BBC<\/a>.\u00a0<\/p>\n<p>Det gj\u00f8r han til verdens f\u00f8rste halv-billion\u00e6r.<\/p>\n<p>Det skjedde onsdag ettermiddag amerikansk tid, da Musks verdi n\u00e5dde 500,1 milliarder dollar, f\u00f8r den sank noe til rett over 499 milliarder senere p\u00e5 dagen.<\/p>\n<p>    <a itemprop=\"url\" href=\"https:\/\/sol.no\/nyheter\/ut-mot-millitaermote-en-vanvittig-fornaermelse\/83664786\" rel=\"nofollow noopener\" target=\"_blank\"><\/p>\n<p>      <img loading=\"lazy\" decoding=\"async\" src=\"https:\/\/www.europesays.com\/no\/wp-content\/uploads\/2025\/10\/83665088.webp\" width=\"980\" height=\"441\" title=\"Ut mot millit\u00e6rm\u00f8te: - En vanvittig forn\u00e6rmelse\" alt=\"\" class=\"lazyload\" style=\"--aspect-ratio-image: 2.22; \"\/><\/p>\n<p>        Ut mot millit\u00e6rm\u00f8te: &#8211; En vanvittig forn\u00e6rmelse<\/p>\n<p>sol.no<\/p>\n<p>    <\/a><\/p>\n<p>\u00d8kt verdi\t<\/p>\n<p>Formuen hans er n\u00e6rt knyttet til en eierandel p\u00e5 over 12 prosent i Tesla, som har steget kraftig p\u00e5 b\u00f8rsen i \u00e5r. Aksjen var opp mer enn 3,3 prosent onsdag, og er hittil opp over 20 prosent i 2025.<\/p>\n<p>I tillegg har verdien av Musks andre selskaper som SpaceX og det nye AI-selskapet xAI ogs\u00e5 \u00f8kt markant de siste m\u00e5nedene.\u00a0<\/p>\n<p>If\u00f8lge BBC befester dette hans posisjon som verdens rikeste, langt foran konkurrentene i teknologibransjen.<\/p>\n<p>Nest rikest i verden er Oracle-grunnlegger Larry Ellison, med en estimert formue p\u00e5 rundt 350,7 milliarder dollar.\u00a0<\/p>\n<p>Han overtok kortvarig f\u00f8rsteplassen tidligere i \u00e5r etter en kraftig kurs\u00f8kning i Oracle, men ble raskt passert igjen.<\/p>\n<p>    <a itemprop=\"url\" href=\"https:\/\/sol.no\/nyheter\/raser-mot-feite-generaler-uakseptabelt\/83662470\" rel=\"nofollow noopener\" target=\"_blank\"><\/p>\n<p>      <img loading=\"lazy\" decoding=\"async\" src=\"https:\/\/www.europesays.com\/no\/wp-content\/uploads\/2025\/10\/1759388350_572_83662498.webp\" width=\"980\" height=\"441\" title=\"Raser mot \u00abfeite generaler\u00bb: - Uakseptabelt\" alt=\"\" class=\"lazyload\" style=\"--aspect-ratio-image: 2.22; \"\/><\/p>\n<p>        Raser mot \u00abfeite generaler\u00bb: &#8211; Uakseptabelt <\/p>\n<p>sol.no<\/p>\n<p>    <\/a><\/p>\n<p>Kan f\u00e5 l\u00f8nnspakke\u00a0\t<\/p>\n<p>Tesla har f\u00e5tt medvind etter at Musk i st\u00f8rre grad har fokusert p\u00e5 selskapene sine, og mindre p\u00e5 politikk.\u00a0<\/p>\n<p>Tidligere i \u00e5r ble han kritisert for sin rolle i Trumps administrasjon, der han ledet Department of Government Efficiency (DOGE).<\/p>\n<p>Tesla-styrets leder Robyn Denholm uttalte i september at Musk n\u00e5 er \u00abmidtpunktet\u00bb i selskapet.\u00a0<\/p>\n<p>Styret har \u00e5pnet for en l\u00f8nnspakke verdt over 1000 milliarder dollar dersom Musk n\u00e5r en rekke ambisi\u00f8se m\u00e5l. Blant annet \u00e5tte-doble Teslas verdi og selge \u00e9n million AI-roboter, skriver BBC.<\/p>\n<p>Musk kj\u00f8pte nylig Tesla-aksjer for \u00e9n milliard dollar, noe mange investorer tolker som en tillitserkl\u00e6ring til selskapet, som n\u00e5 er i ferd med \u00e5 omstille seg fra bilprodusent til et AI- og robotikkfirma.<\/p>\n<p>Tesla m\u00f8ter fortsatt t\u00f8ff konkurranse, blant annet fra kinesiske BYD.<\/p>\n","protected":false},"excerpt":{"rendered":"\u00d8konomi: Tesla-sjefen passerer vanvittig formuestall og forbi g\u00e5r alle andre milliard\u00e6rer. ALDRI SKJEDD F\u00d8R: Elon Musk blir verdens&hellip;\n","protected":false},"author":2,"featured_media":50714,"comment_status":"","ping_status":"","sticky":false,"template":"","format":"standard","meta":{"footnotes":""},"categories":[56],"tags":[60,61,129,62,30,28,29,14,572,50],"class_list":{"0":"post-50713","1":"post","2":"type-post","3":"status-publish","4":"format-standard","5":"has-post-thumbnail","7":"category-naeringsliv","8":"tag-business","9":"tag-economy","10":"tag-elon-musk","11":"tag-naeringsliv","12":"tag-no","13":"tag-norge","14":"tag-norway","15":"tag-nyheter","16":"tag-okonomi","17":"tag-usa"},"share_on_mastodon":{"url":"","error":""},"_links":{"self":[{"href":"https:\/\/www.europesays.com\/no\/wp-json\/wp\/v2\/posts\/50713","targetHints":{"allow":["GET"]}}],"collection":[{"href":"https:\/\/www.europesays.com\/no\/wp-json\/wp\/v2\/posts"}],"about":[{"href":"https:\/\/www.europesays.com\/no\/wp-json\/wp\/v2\/types\/post"}],"author":[{"embeddable":true,"href":"https:\/\/www.europesays.com\/no\/wp-json\/wp\/v2\/users\/2"}],"replies":[{"embeddable":true,"href":"https:\/\/www.europesays.com\/no\/wp-json\/wp\/v2\/comments?post=50713"}],"version-history":[{"count":0,"href":"https:\/\/www.europesays.com\/no\/wp-json\/wp\/v2\/posts\/50713\/revisions"}],"wp:featuredmedia":[{"embeddable":true,"href":"https:\/\/www.europesays.com\/no\/wp-json\/wp\/v2\/media\/50714"}],"wp:attachment":[{"href":"https:\/\/www.europesays.com\/no\/wp-json\/wp\/v2\/media?parent=50713"}],"wp:term":[{"taxonomy":"category","embeddable":true,"href":"https:\/\/www.europesays.com\/no\/wp-json\/wp\/v2\/categories?post=50713"},{"taxonomy":"post_tag","embeddable":true,"href":"https:\/\/www.europesays.com\/no\/wp-json\/wp\/v2\/tags?post=50713"}],"curies":[{"name":"wp","href":"https:\/\/api.w.org\/{rel}","templated":true}]}}