{"id":50750,"date":"2025-10-02T07:46:09","date_gmt":"2025-10-02T07:46:09","guid":{"rendered":"https:\/\/www.europesays.com\/no\/50750\/"},"modified":"2025-10-02T07:46:09","modified_gmt":"2025-10-02T07:46:09","slug":"kim-kardashian-og-kris-jenner-saksoker-ray-j-for-aerekrenkelse","status":"publish","type":"post","link":"https:\/\/www.europesays.com\/no\/50750\/","title":{"rendered":"Kim Kardashian og Kris Jenner saks\u00f8ker Ray J for \u00e6rekrenkelse"},"content":{"rendered":"\n<p class=\"_lead_1994c_2 _lead_xtcu6_50 layout-component text-serif-m layout-normal text-serif-l layout-component layout-wide layout-padded _wide_17hqh_1 layout-padded\">Artisten hevder de er under FBI-etterforskning for organisert kriminalitet.<\/p>\n<p><img alt=\"S\u00f8ksm\u00e5l: Kim Kardashian og Kris Jenner retter s\u00f8ksm\u00e5l mot artisten Ray J.  Foto: ETIENNE LAURENT \/ AFP \/ NTB\" class=\"_image_qp4xg_65 layout-component layout-wide\" data-fullscreen- data-track-element-type=\"Article image fullscreen\" data-track-name=\"ImageFullscreen\" fetchpriority=\"high\" decoding=\"sync\" loading=\"eager\" height=\"3872\" itemprop=\"image\"  src=\"https:\/\/www.europesays.com\/no\/wp-content\/uploads\/2025\/10\/d66149b9-ed7f-4255-8b5b-940a103807d4\"  style=\"object-position:0% 0%\" width=\"5808\"\/>S\u00f8ksm\u00e5l: Kim Kardashian og Kris Jenner retter s\u00f8ksm\u00e5l mot artisten Ray J.  Foto: ETIENNE LAURENT \/ AFP \/ NTB Oppdatert torsdag 2. oktober kl. 09:16     <\/p>\n<p class=\"_paragraph_1994c_4 _paragraph_xtcu6_10 layout-component text-serif-m layout-normal text-serif-m layout-padded\"><a href=\"https:\/\/www.vg.no\/tag\/kim-kardashian?utm_source=vg-article&amp;utm_medium=auto-tagger&amp;utm_campaign=8qe2rd\" class=\"_link_1994c_39\" rel=\"nofollow noopener\" target=\"_blank\">Kim Kardashian<\/a> og moren Kris Jenner har saks\u00f8kt R&amp;B-artisten Ray J for \u00e6rekrenkelse\u00e6rekrenkelse\u00c6rekrenkelse betyr \u00e5 skade noens omd\u00f8mme gjennom ytringer.. <\/p>\n<p class=\"_paragraph_1994c_4 _paragraph_xtcu6_10 layout-component text-serif-m layout-normal text-serif-m layout-padded\">Det if\u00f8lge flere medier, som <a href=\"https:\/\/variety.com\/2025\/tv\/news\/kim-kardashian-kris-jenner-sue-ray-j-defamation-racketeering-1236536491\/\" class=\"_link_1994c_39\" rel=\"nofollow noopener\" target=\"_blank\">Variety<\/a>, <a href=\"https:\/\/people.com\/kim-kardashian-and-kris-jenner-sue-ray-j-defamation-11822564\" class=\"_link_1994c_39\" rel=\"nofollow noopener\" target=\"_blank\">People <\/a>og <a href=\"https:\/\/www.hollywoodreporter.com\/news\/general-news\/kim-kardashian-kris-jenner-defamation-suit-against-ray-j-1236391611\/\" class=\"_link_1994c_39\" rel=\"nofollow noopener\" target=\"_blank\">The Hollywood Reporter<\/a>.<\/p>\n<p class=\"_paragraph_1994c_4 _paragraph_xtcu6_10 layout-component text-serif-m layout-normal text-serif-m layout-padded\">De anklager ham for \u00e5 spre falske p\u00e5stander om at de er under f\u00f8deral etterforskning for organisert kriminalitet.<\/p>\n<p class=\"_paragraph_1994c_4 _paragraph_xtcu6_10 layout-component text-serif-m layout-normal text-serif-m layout-padded\">S\u00f8ksm\u00e5let hevder at Ray J har fors\u00f8kt \u00e5 utnytte Kardashian-familiens ber\u00f8mmelse siden han hadde et \u00abkortvarig forhold\u00bb med Kim for 20 \u00e5r siden, skriver Variety.<\/p>\n<p class=\"_paragraph_1994c_4 _paragraph_xtcu6_10 layout-component text-serif-m layout-normal text-serif-m layout-padded\">Mor og datter mener imidlertid anklagene \u00abg\u00e5r over streken,\u00bb og kan \u00f8delegge karrierene og ryktene deres, if\u00f8lge The Hollywood Reporter.<\/p>\n<p><img alt=\"R&amp;B-stjernen Ray-J  Foto: Jordan Strauss \/ AP \/ NTB\" class=\"_image_qp4xg_65 layout-component layout-normal\" data-fullscreen- data-track-element-type=\"Article image fullscreen\" data-track-name=\"ImageFullscreen\" decoding=\"async\" loading=\"lazy\" height=\"2624\" itemprop=\"image\"  src=\"https:\/\/www.europesays.com\/no\/wp-content\/uploads\/2025\/10\/fdc68173-fbf8-4e13-ba50-b6deb9eaf087\"  style=\"object-position:0% 0%\" width=\"3936\"\/>R&amp;B-stjernen Ray-J  Foto: Jordan Strauss \/ AP \/ NTB Kom med p\u00e5stander p\u00e5 direktesending<\/p>\n<p class=\"_paragraph_1994c_4 _paragraph_xtcu6_10 layout-component text-serif-m layout-normal text-serif-m layout-padded\">If\u00f8lge <a href=\"https:\/\/people.com\/kim-kardashian-and-kris-jenner-sue-ray-j-defamation-11822564\" class=\"_link_1994c_39\" rel=\"nofollow noopener\" target=\"_blank\">People<\/a> kom Ray J med p\u00e5standene i et dokumentaprogram p\u00e5 TMZ TMZ TMZ er et amerikansk nettsted for kjendisnyheter.tidligere i \u00e5r, der han skal ha sagt:<\/p>\n<p class=\"_paragraph_1994c_4 _paragraph_xtcu6_10 layout-component text-serif-m layout-normal text-serif-m layout-padded\">\u2013 Hvis du hadde fortalt meg at Kardashian-familien var anklaget for organisert kriminalitet, kunne jeg kanskje ha trodd det.<\/p>\n<p class=\"_paragraph_1994c_4 _paragraph_xtcu6_10 layout-component text-serif-m layout-normal text-serif-m layout-padded\">Deretter hevdet han i en direktesending p\u00e5 sosiale medier foran millioner av f\u00f8lgere i september at Kardashian-familien var under f\u00f8deral etterforskning for organisert kriminalitet, skriver det amerikanske kjendisbladet. <\/p>\n<p><img alt=\"Kjendis-mor og datter-duo: Kim Kardashian og Kris Jenner.  Foto: Piroschka Van De Wouw \/ Reuters \/ NTB\" class=\"_image_qp4xg_65 layout-component layout-normal\" data-fullscreen- data-track-element-type=\"Article image fullscreen\" data-track-name=\"ImageFullscreen\" decoding=\"async\" loading=\"lazy\" height=\"1229\" itemprop=\"image\"  src=\"https:\/\/www.europesays.com\/no\/wp-content\/uploads\/2025\/10\/3d3d4e02-0d62-4bc2-9217-47bbaae35735\"  style=\"object-position:0% 0%\" width=\"1843\"\/>Kjendis-mor og datter-duo: Kim Kardashian og Kris Jenner.  Foto: Piroschka Van De Wouw \/ Reuters \/ NTB<\/p>\n<p class=\"_paragraph_1994c_4 _paragraph_xtcu6_10 layout-component text-serif-m layout-normal text-serif-m layout-padded\">Kim og Kris\u2019 advokat, Alex Spiro omtaler artistens p\u00e5stander som \u00abfalske og alvorlige\u00bb.<\/p>\n<p class=\"_paragraph_1994c_4 _paragraph_xtcu6_10 layout-component text-serif-m layout-normal text-serif-m layout-padded\">S\u00f8ksm\u00e5let hevder at Ray Js kommentarer under direktesendingen ble fremsatt som \u00abfaktiske p\u00e5stander\u00bb, ikke som spekulasjon.<\/p>\n<p class=\"_paragraph_1994c_4 _paragraph_xtcu6_10 layout-component text-serif-m layout-normal text-serif-m layout-padded\">Advokat Spiro understreker at det ikke finnes noen f\u00f8deral etterforskning, straffesak eller etterforskning av organisert kriminalitet rettet mot Kardashian eller Jenner, ei heller troverdig dokumentasjon som st\u00f8tter disse grove anklagene.<\/p>\n<p class=\"_paragraph_1994c_4 _paragraph_xtcu6_10 layout-component text-serif-m layout-normal text-serif-m layout-padded\">For at en uttalelse skal regnes som \u00e6reskrenkelse, m\u00e5 den g\u00e5 lenger enn \u00e5 v\u00e6re en fiendtlig mening &#8211; den m\u00e5 v\u00e6re en konkret og beviselig falsk p\u00e5stand. <\/p>\n<p> Klarte ikke akseptere bruddet<\/p>\n<p class=\"_paragraph_1994c_4 _paragraph_xtcu6_10 layout-component text-serif-m layout-normal text-serif-m layout-padded\">I rettsdokumentene, omtalt av People, skriver advokat Alex Spiro at R&amp;B-stjernen Ray J \u00abaldri har klart \u00e5 akseptere slutten p\u00e5 sitt korte forhold til Kim Kardashian.\u00bb <\/p>\n<p class=\"_paragraph_1994c_4 _paragraph_xtcu6_10 layout-component text-serif-m layout-normal text-serif-m layout-padded\">Ray J og Kim Kardashian skal ha gjort det slutt i 2005, og de har siden kommet med negative uttalelser om hverandre i offentligheten en rekke gange.<\/p>\n<p class=\"_paragraph_1994c_4 _paragraph_xtcu6_10 layout-component text-serif-m layout-normal text-serif-m layout-padded\">De datet p\u00e5 1990-tallet, og det var en lekket sexvideo mellom dem som skal ha bidratt til Kims kjendisstatus.<\/p>\n<p class=\"_paragraph_1994c_4 _paragraph_xtcu6_10 layout-component text-serif-m layout-normal text-serif-m layout-padded\">Kardashian-familien er blant annet kjent fra reality-serien \u00abKeeping up with the Kardashians,\u00bb og til sammen har de en estimert formue p\u00e5 over 2 milliarder dollar.<\/p>\n","protected":false},"excerpt":{"rendered":"Artisten hevder de er under FBI-etterforskning for organisert kriminalitet. S\u00f8ksm\u00e5l: Kim Kardashian og Kris Jenner retter s\u00f8ksm\u00e5l mot&hellip;\n","protected":false},"author":2,"featured_media":50751,"comment_status":"","ping_status":"","sticky":false,"template":"","format":"standard","meta":{"footnotes":""},"categories":[58],"tags":[71,1861,479,3586,30,28,29,1713,72,46],"class_list":{"0":"post-50750","1":"post","2":"type-post","3":"status-publish","4":"format-standard","5":"has-post-thumbnail","7":"category-underholdning","8":"tag-entertainment","9":"tag-kim-kardashian","10":"tag-kjendis","11":"tag-kris-jenner","12":"tag-no","13":"tag-norge","14":"tag-norway","15":"tag-soksmal","16":"tag-underholdning","17":"tag-vgai"},"share_on_mastodon":{"url":"","error":""},"_links":{"self":[{"href":"https:\/\/www.europesays.com\/no\/wp-json\/wp\/v2\/posts\/50750","targetHints":{"allow":["GET"]}}],"collection":[{"href":"https:\/\/www.europesays.com\/no\/wp-json\/wp\/v2\/posts"}],"about":[{"href":"https:\/\/www.europesays.com\/no\/wp-json\/wp\/v2\/types\/post"}],"author":[{"embeddable":true,"href":"https:\/\/www.europesays.com\/no\/wp-json\/wp\/v2\/users\/2"}],"replies":[{"embeddable":true,"href":"https:\/\/www.europesays.com\/no\/wp-json\/wp\/v2\/comments?post=50750"}],"version-history":[{"count":0,"href":"https:\/\/www.europesays.com\/no\/wp-json\/wp\/v2\/posts\/50750\/revisions"}],"wp:featuredmedia":[{"embeddable":true,"href":"https:\/\/www.europesays.com\/no\/wp-json\/wp\/v2\/media\/50751"}],"wp:attachment":[{"href":"https:\/\/www.europesays.com\/no\/wp-json\/wp\/v2\/media?parent=50750"}],"wp:term":[{"taxonomy":"category","embeddable":true,"href":"https:\/\/www.europesays.com\/no\/wp-json\/wp\/v2\/categories?post=50750"},{"taxonomy":"post_tag","embeddable":true,"href":"https:\/\/www.europesays.com\/no\/wp-json\/wp\/v2\/tags?post=50750"}],"curies":[{"name":"wp","href":"https:\/\/api.w.org\/{rel}","templated":true}]}}