{"id":50754,"date":"2025-10-02T07:51:13","date_gmt":"2025-10-02T07:51:13","guid":{"rendered":"https:\/\/www.europesays.com\/no\/50754\/"},"modified":"2025-10-02T07:51:13","modified_gmt":"2025-10-02T07:51:13","slug":"slar-alarm-om-droneberedskap-forstar-ikke-trusselen","status":"publish","type":"post","link":"https:\/\/www.europesays.com\/no\/50754\/","title":{"rendered":"Sl\u00e5r alarm om droneberedskap: &#8211; Forst\u00e5r ikke trusselen"},"content":{"rendered":"<p>  Droneekspert mener norske myndigheter har for slappe krav til sikkerhet mot droner, og at det s\u00e6rlig svikter p\u00e5 to sentrale omr\u00e5der.\u00a0<\/p>\n<p>\n    SABOTASJEUTSATT: P\u00e5 Edvard Grieg-feltet i Nordsj\u00f8en, vest for Stavanger, har Aker BP tatt i bruk kinesiske droner til \u00e5 inspisere installasjoner, som gj\u00f8r dem s\u00e5rbare for kinesisk etterretning. Bildet er tatt i forbindelse med den offisielle \u00e5pningen av feltet i 2016. Foto: H\u00e5kon Mosvold Larsen \/ NTB\n  <\/p>\n<p>&#8211; Den norske staten forst\u00e5r overhodet ikke dronetrusselen vi st\u00e5r overfor, sier Nils H\u00e5heim-Saers til Dagbladet.<\/p>\n<p>Han\u00a0er overingeni\u00f8r i dronegruppa ved forskningsinstituttet Norce, og bekymret over Norges droneberedskap.<\/p>\n<p>Den siste uka er det meldt om droneobservasjoner ved flere flyplasser, forsvarsanlegg og oljeinstallasjoner. At det ikke er avklart hvorvidt det faktisk har v\u00e6rt droner p\u00e5 disse stedene, mener han bekrefter at det ikke stilles h\u00f8ye nok krav til beredskap.<\/p>\n<p>Overingeni\u00f8ren peker p\u00e5 to omr\u00e5der der han mener det svikter:<\/p>\n<ul>\n<li>Det m\u00e5 stilles h\u00f8yere krav til eiere av kritisk infrastruktur.<\/li>\n<li>Politiet er ikke dimensjonert for \u00e5 h\u00e5ndtere denne typen kriminalitet.<\/li>\n<\/ul>\n<p>Kinesiske droner p\u00e5 norsk sokkel\t<\/p>\n<p>Spesielt det f\u00f8rste tar fra ham nattes\u00f8vnen.<\/p>\n<p>&#8211; Objektseiere b\u00f8r v\u00e6re i stand til \u00e5 oppdage og identifisere droner, og st\u00f8tte politiet i \u00e5 finne ut hvem som st\u00e5r bak. Det m\u00e5 stilles krav til at de gj\u00f8r seg i stand til dette gjennom egne investeringer, sier H\u00e5heim-Saers.<\/p>\n<p>Det beste eksempelet p\u00e5 manglende krav til selskapene som eier og drifter kritisk infrastruktur, mener han er bruk av kinesiske droner til overv\u00e5king og inspeksjon i olje- og gassn\u00e6ringen, omtalt av nettstedet\u00a0 <a href=\"https:\/\/montelnews.com\/nordic\/news\/ef6d6b17-0c28-4ad5-a81e-259488cd5b9a\/kinesiske-droner-i-full-sving-pa-norsk-sokkel\" rel=\"nofollow noopener\" target=\"_blank\">Montel News<\/a>\u00a0i sommer.<\/p>\n<p>Aker Solutions har selv\u00a0<a href=\"https:\/\/www.akersolutions.com\/news\/news-archive\/2025\/aker-solutions-autonomous-drones-pass-crucial-milestone\/\" rel=\"nofollow noopener\" target=\"_blank\">vist fram<\/a>\u00a0sitt kinesiske dronesystem, nylig tatt i bruk av Aker BP ved Edvard Grieg-plattformen i Nordsj\u00f8en:<\/p>\n<p>          <img loading=\"lazy\" decoding=\"async\" src=\"https:\/\/www.europesays.com\/no\/wp-content\/uploads\/2025\/10\/1759391472_438_83662710.webp\" width=\"980\" height=\"559\" title=\"KINESISK DRONE: Aker Solutions publiserte i sommer dette bildet i en nettsak om selskapets nye autonome dronesystem. If\u00f8lge drone-ekspert Nils H\u00e5heim-Saers er dronen og boksen p\u00e5 bildet produsert av det kinesiske selskapet DJI.\" alt=\"\" class=\"\" style=\"--aspect-ratio-image: 1.75; \"\/><\/p>\n<p>\n          KINESISK DRONE: Aker Solutions publiserte i sommer dette bildet i en nettsak om selskapets nye autonome dronesystem. If\u00f8lge drone-ekspert Nils H\u00e5heim-Saers er dronen og boksen p\u00e5 bildet produsert av det kinesiske selskapet DJI.\n      <\/p>\n<p>Problemet med det, er at et kinesisk selskap sitter p\u00e5 krypteringsn\u00f8kkelen for radiotrafikken mellom boksen og dronen p\u00e5 bildet. Hvis de vil, kan kinesiske myndigheter vri om n\u00f8kkelen, se alt dronen ser og har sett, og til og med overta styringen av den.<\/p>\n<p>&#8211; Dette har ingenting \u00e5 gj\u00f8re som sikkerhetsverkt\u00f8y for kritisk infrastruktur. Vi har aktivt bygget inn en s\u00e5rbarhet som gj\u00f8r at Kina, Russlands beste venn, kan bruke slike droner til det de \u00f8nsker, sier H\u00e5heim-Saers.<\/p>\n<p>        <img loading=\"lazy\" decoding=\"async\" itemprop=\"image\" src=\"https:\/\/www.europesays.com\/no\/wp-content\/uploads\/2025\/10\/1759391473_147_83666503.webp\" width=\"180\" height=\"180\" alt=\"Nils H\u00e5heim-Saers\"\/><\/p>\n<p>            Nils H\u00e5heim-Saers<br \/>\n            Nils<br \/>\n            H\u00e5heim-Saers        <\/p>\n<p>Overingeni\u00f8r i dronegruppa ved forskningsinstituttet Norce<\/p>\n<p class=\"italic m-italic\" data-lab-italic=\"italic\">Dagbladet har spurt Aker BP om de vil kommentere saken. Henvendelsen er onsdag kveld ikke besvart.<\/p>\n<p><a href=\"https:\/\/www.regjeringen.no\/contentassets\/6290dec36c374ee191e5c7dbba18a258\/nasjonal-trusselvurdering-2025_no_web.pdf\" rel=\"nofollow noopener\" target=\"_blank\">PST<\/a> vurderer det som sannsynlig at russisk etterretning vil pr\u00f8ve \u00e5 utf\u00f8re sabotasjesaksjoner mot m\u00e5l i Norge i \u00e5r, og har trukket fram norskeid energiinfrastruktur som et mulig m\u00e5l. Norge vurderes ogs\u00e5 som et etterretningsm\u00e5l for Kina.\u00a0<\/p>\n<p>Etter eksplosjonene p\u00e5 gassr\u00f8rene Nord Stream 1 og 2 h\u00f8sten 2022 ble Equinor, landets st\u00f8rste operat\u00f8r av olje- og gassanlegg, og Gassco, som driver det norske r\u00f8rledningssystemet, underlagt sikkerhetsloven. Det ga selskapene \u00f8kt ansvar for objektsikring.<\/p>\n<p>Avinor, som drifter landets flyplasser, er ogs\u00e5 underlagt sikkerhetsloven. De siste \u00e5ra har de tatt i bruk et dronedetekteringssystem ved Gardermoen og flere andre flyplasser, men det har tilsynelatende ikke bidratt til \u00e5 bekrefte eller avkrefte den siste ukas mulige observasjoner ved flere flyplasser.<\/p>\n<p>    <a itemprop=\"url\" href=\"https:\/\/www.dagbladet.no\/nyheter\/mer-rystet\/83654829\" rel=\"nofollow noopener\" target=\"_blank\"><\/p>\n<p>      <img loading=\"lazy\" decoding=\"async\" src=\"https:\/\/www.europesays.com\/no\/wp-content\/uploads\/2025\/10\/1759391473_293_83656981.webp\" width=\"980\" height=\"441\" title=\"- Mer rystet\" alt=\"\" class=\"lazyload\" style=\"--aspect-ratio-image: 2.22; \"\/><\/p>\n<p>        &#8211; Mer rystet<\/p>\n<p>    <\/a><\/p>\n<p>Vil ha\u00a0\u00abdronemur\u00bb\t<\/p>\n<p>Stortinget behandlet i mai et forslag om \u00e5 forby statlige virksomheter \u00e5 bruke kinesiske droner. Et solid flertall stemte nei, etter en <a href=\"https:\/\/www.dronemag.no\/nytt-flertall-i-stortinget-vil-ikke-lenger-stenge-ute-droneteknologi-basert-pa-opprinnelsesland-risiko-skal-avgjore\/?_gl=1*ahzmnm*_up*MQ..*_ga*MTk5NTMzNzI2Ni4xNzQ4NDQ4MDEy*_ga_8NW2H9J34N*czE3NDg0NDgwMTEkbzEkZzAkdDE3NDg0NDgwMTEkajYwJGwwJGgw\" rel=\"nofollow noopener\" target=\"_blank\">rask snuoperasjon i transportkomiteen<\/a>. Politiet er blant de statlige akt\u00f8rene som bruker kinesiske droner.<\/p>\n<p>&#8211; Politiet er veldig bevisst p\u00e5 problemstillingen, og hva disse dronene kan brukes til og ikke, sier H\u00e5heim-Saers, som seinest i sommer <a href=\"https:\/\/www.aftenposten.no\/norge\/i\/1MAkWX\/politiet-bruker-kinesiske-droner-paa-grensen-til-russland-kina-kan-misbruke-dronene\" rel=\"nofollow noopener\" target=\"_blank\">kritiserte politiets bruk av slike droner ved grensa til Russland<\/a>.\u00a0<\/p>\n<p>Politiet er i ferd med \u00e5 trappe opp sitt antidronearbeid, men melder at de mangler ressurser til \u00e5 h\u00e5ndtere utfordringene som dagens sikkerhetssitusjon medf\u00f8rer. I fredstid er det politiet som har ansvar for \u00e5 h\u00e5ndtere sammensatte trusler mot kritisk infrastruktur og samfunnsfunksjoner &#8211; som droner og cyberangrep.<\/p>\n<p>&#8211; Dette er viktig, fordi hvis du ikke f\u00e5r tatt de som st\u00e5r bak, finner du heller ikke ut om det er guttestreker, skurkestreker eller en stat som st\u00e5r bak, sier H\u00e5heim-Saers.\u00a0<\/p>\n<p>        STENGT: 100 fly ble innstilt og forsinket etter at flere droner ble observert rundt K\u00f8benhavn lufthavn mandag kveld. En video publisert i sosiale medier skal vise en av dronene som f\u00f8rte til stengingen. <\/p>\n<p>Mens ingenting er avklart her til lands, mener dansk politi \u00e5 ha opplysninger som tyder p\u00e5 at <a href=\"https:\/\/www.dagbladet.no\/nyheter\/har-trykket-pa-en-stor-knapp\/83630168\" rel=\"nofollow noopener\" target=\"_blank\">\u00aben kompetent akt\u00f8r\u00bb st\u00e5r bak<\/a> droner som nylig er observert ved danske flyplasser. Tirsdag ble det kjent at norsk forsvar og politi sender personell og utstyr for \u00e5 bist\u00e5 danskene.<\/p>\n<p>&#8211; Det er bra. Da vil de kunne l\u00e6re av danskene. Det finnes veldig flinke folk i politiet som jobber med dette, som ogs\u00e5 kan bidra med kunnskap. De m\u00e5 styrkes, sier H\u00e5heim-Saers.\u00a0<\/p>\n<p>EU-kommisjonens president Ursula von der Leyen tok tirsdag til orde for \u00e5 skape en \u00abdronemur\u00bb mot Russland, i samarbeid med Nato. Forsvarsminister Tore O. Sandvik (Ap) har bekreftet at regjeringen \u00f8nsker at Norge skal bli med p\u00e5 dette.<\/p>\n","protected":false},"excerpt":{"rendered":"Droneekspert mener norske myndigheter har for slappe krav til sikkerhet mot droner, og at det s\u00e6rlig svikter p\u00e5&hellip;\n","protected":false},"author":2,"featured_media":50755,"comment_status":"","ping_status":"","sticky":false,"template":"","format":"standard","meta":{"footnotes":""},"categories":[5],"tags":[20,21,24,25,15,19,2539,22,23,17,18,13,30,28,29,14,16,26,27],"class_list":{"0":"post-50754","1":"post","2":"type-post","3":"status-publish","4":"format-standard","5":"has-post-thumbnail","7":"category-overskrifter","8":"tag-breaking-news","9":"tag-breakingnews","10":"tag-featured-news","11":"tag-featurednews","12":"tag-headlines","13":"tag-hovedoppslag","14":"tag-innenriks","15":"tag-latest-news","16":"tag-latestnews","17":"tag-main-news","18":"tag-mainnews","19":"tag-news","20":"tag-no","21":"tag-norge","22":"tag-norway","23":"tag-nyheter","24":"tag-overskrifter","25":"tag-top-stories","26":"tag-topstories"},"share_on_mastodon":{"url":"","error":""},"_links":{"self":[{"href":"https:\/\/www.europesays.com\/no\/wp-json\/wp\/v2\/posts\/50754","targetHints":{"allow":["GET"]}}],"collection":[{"href":"https:\/\/www.europesays.com\/no\/wp-json\/wp\/v2\/posts"}],"about":[{"href":"https:\/\/www.europesays.com\/no\/wp-json\/wp\/v2\/types\/post"}],"author":[{"embeddable":true,"href":"https:\/\/www.europesays.com\/no\/wp-json\/wp\/v2\/users\/2"}],"replies":[{"embeddable":true,"href":"https:\/\/www.europesays.com\/no\/wp-json\/wp\/v2\/comments?post=50754"}],"version-history":[{"count":0,"href":"https:\/\/www.europesays.com\/no\/wp-json\/wp\/v2\/posts\/50754\/revisions"}],"wp:featuredmedia":[{"embeddable":true,"href":"https:\/\/www.europesays.com\/no\/wp-json\/wp\/v2\/media\/50755"}],"wp:attachment":[{"href":"https:\/\/www.europesays.com\/no\/wp-json\/wp\/v2\/media?parent=50754"}],"wp:term":[{"taxonomy":"category","embeddable":true,"href":"https:\/\/www.europesays.com\/no\/wp-json\/wp\/v2\/categories?post=50754"},{"taxonomy":"post_tag","embeddable":true,"href":"https:\/\/www.europesays.com\/no\/wp-json\/wp\/v2\/tags?post=50754"}],"curies":[{"name":"wp","href":"https:\/\/api.w.org\/{rel}","templated":true}]}}