{"id":50756,"date":"2025-10-02T07:53:37","date_gmt":"2025-10-02T07:53:37","guid":{"rendered":"https:\/\/www.europesays.com\/no\/50756\/"},"modified":"2025-10-02T07:53:37","modified_gmt":"2025-10-02T07:53:37","slug":"16-ukers-helvete-sesong-5-disse-deltar","status":"publish","type":"post","link":"https:\/\/www.europesays.com\/no\/50756\/","title":{"rendered":"16 ukers helvete sesong 5: Disse deltar"},"content":{"rendered":"<p class=\"kicker \" style=\"\">\u00ab16 ukers helvete\u00bb:<\/p>\n<p>  Ny gjeng er klar for en livsstilsforandring.\u00a0<\/p>\n<p>\n    BLIR MED: Lege Harald Meling Doubloug blir med i den nye sesongen. Her med kona Katarina Flatland i 2023. Foto: Espen Solli\/Se og H\u00f8r\n  <\/p>\n<p>Sesong fem av \u00ab16 ukers helvete\u00bb er i n\u00e5 gang med innspillingen, og et helt nytt knippe kjendiser skal gjennomg\u00e5 en drastisk livsstilsendring. Det avsl\u00f8rer programmet i en pressemelding.<\/p>\n<p>    <a itemprop=\"url\" href=\"https:\/\/www.seher.no\/kjendis\/motes-i-tv-rettssak\/83669671\" rel=\"nofollow noopener\" target=\"_blank\"><\/p>\n<p>      <img loading=\"lazy\" decoding=\"async\" src=\"https:\/\/www.europesays.com\/no\/wp-content\/uploads\/2025\/10\/83669609.webp\" width=\"147\" height=\"98\" title=\"M\u00f8tes i TV-rettssak\" alt=\"\" class=\"lazyload\" style=\"--aspect-ratio-image: 1.50; \"\/><\/p>\n<p>        M\u00f8tes i TV-rettssak<\/p>\n<p>    <\/a><\/p>\n<p class=\"font-weight-bold m-font-weight-bold italic m-italic\" data-lab-font_weight=\"font-weight-bold\" data-lab-italic=\"italic\">Her er deltakerne i sesong fem:<\/p>\n<p>Andreas \u00abTIX\u00bb Haukeland &#8211; Artist og l\u00e5tskriver<\/p>\n<p>Lise Karlsnes &#8211; Artist<\/p>\n<p>Per Sandberg &#8211; Tidligere politiker<\/p>\n<p>Kasper Wikestad &#8211; Fotballkommentator<\/p>\n<p>Henrik Overaa Bj\u00f8rnsson &#8211; Komiker<\/p>\n<p>Aurora Hoff &#8211; Influenser<\/p>\n<p>          <img loading=\"lazy\" decoding=\"async\" src=\"https:\/\/www.europesays.com\/no\/wp-content\/uploads\/2025\/10\/83670079.webp\" width=\"686\" height=\"385\" title=\"Foto: Warner Bros. Discovery\" alt=\"\" class=\"\" style=\"--aspect-ratio-image: 1.78; \"\/><\/p>\n<p>\n          Foto: Warner Bros. Discovery\n      <\/p>\n<p>Nytt for sesongen er at produksjonen f\u00e5r hjelp av legen Harald Meling Dobloug (36). Han er p\u00e5 plass for \u00e5 f\u00e5 en helhetlig og medisinsk vurdering av deltakernes helsetilstand.<\/p>\n<p>Blant deltakerne er Andreas \u00abTIX\u00bb Haukeland (32), som innr\u00f8mmer at han har levd p\u00e5 frossenpizza i ti \u00e5r og \u00f8nsker hjelp til \u00e5 f\u00e5 til en livsstilsendring.<\/p>\n<p>        M\u00d8RKT: Det tar ikke lang tid f\u00f8r desperasjonen tar overh\u00e5nd og det rett og slett blir m\u00f8rkt i \u00abIkke lov \u00e5 le p\u00e5 hytta\u00bb. Video: VGTV\/ Nora Skavhaug\/Thea Hope<\/p>\n<p>&#8211; Jeg vet at jeg ikke er den stereotypiske deltakeren, men helse handler om mer enn bare tallet p\u00e5 baderomsvekten. Jeg har alltid h\u00f8rt at jeg er slank, og tenkt at jeg er privilegert som ikke trenger \u00e5 ta helsen min helt p\u00e5 alvor. Derfor har tillatt meg \u00e5 spise frossenpizza daglig i over 10 \u00e5r, og jeg lever p\u00e5 energidrikke og under 4 timer s\u00f8vn. N\u00e5 \u00f8nsker jeg \u00e5 finne frem til en mer b\u00e6rekraftig hverdag og utforske hvor godt jeg kan prestere hvis jeg faktisk g\u00e5r 100% inn for \u00e5 bruke den kroppen jeg har v\u00e6rt s\u00e5 heldig \u00e5 tildeles. Til dette trenger jeg proff hjelp, og 16 ukers helvete har v\u00e6rt p\u00e5 \u00f8nskelisten lenge, sier Andreas \u00abTIX\u00bb Haukeland.<\/p>\n<p>\u00ab16 ukers helvete\u00bb femte sesong kommer p\u00e5 TVNorge v\u00e5ren 2026. Sesong 3 av \u00ab16 ukers helvete bootcamp\u00bb g\u00e5r n\u00e5 p\u00e5 TVNorge og str\u00f8mmetjenesten HBO Max.<\/p>\n","protected":false},"excerpt":{"rendered":"\u00ab16 ukers helvete\u00bb: Ny gjeng er klar for en livsstilsforandring.\u00a0 BLIR MED: Lege Harald Meling Doubloug blir med&hellip;\n","protected":false},"author":2,"featured_media":50757,"comment_status":"","ping_status":"","sticky":false,"template":"","format":"standard","meta":{"footnotes":""},"categories":[58],"tags":[5645,71,479,2543,30,28,29,72],"class_list":{"0":"post-50756","1":"post","2":"type-post","3":"status-publish","4":"format-standard","5":"has-post-thumbnail","7":"category-underholdning","8":"tag-16-ukers-helvete","9":"tag-entertainment","10":"tag-kjendis","11":"tag-kjendisdesken","12":"tag-no","13":"tag-norge","14":"tag-norway","15":"tag-underholdning"},"share_on_mastodon":{"url":"","error":""},"_links":{"self":[{"href":"https:\/\/www.europesays.com\/no\/wp-json\/wp\/v2\/posts\/50756","targetHints":{"allow":["GET"]}}],"collection":[{"href":"https:\/\/www.europesays.com\/no\/wp-json\/wp\/v2\/posts"}],"about":[{"href":"https:\/\/www.europesays.com\/no\/wp-json\/wp\/v2\/types\/post"}],"author":[{"embeddable":true,"href":"https:\/\/www.europesays.com\/no\/wp-json\/wp\/v2\/users\/2"}],"replies":[{"embeddable":true,"href":"https:\/\/www.europesays.com\/no\/wp-json\/wp\/v2\/comments?post=50756"}],"version-history":[{"count":0,"href":"https:\/\/www.europesays.com\/no\/wp-json\/wp\/v2\/posts\/50756\/revisions"}],"wp:featuredmedia":[{"embeddable":true,"href":"https:\/\/www.europesays.com\/no\/wp-json\/wp\/v2\/media\/50757"}],"wp:attachment":[{"href":"https:\/\/www.europesays.com\/no\/wp-json\/wp\/v2\/media?parent=50756"}],"wp:term":[{"taxonomy":"category","embeddable":true,"href":"https:\/\/www.europesays.com\/no\/wp-json\/wp\/v2\/categories?post=50756"},{"taxonomy":"post_tag","embeddable":true,"href":"https:\/\/www.europesays.com\/no\/wp-json\/wp\/v2\/tags?post=50756"}],"curies":[{"name":"wp","href":"https:\/\/api.w.org\/{rel}","templated":true}]}}