{"id":50767,"date":"2025-10-02T08:07:08","date_gmt":"2025-10-02T08:07:08","guid":{"rendered":"https:\/\/www.europesays.com\/no\/50767\/"},"modified":"2025-10-02T08:07:08","modified_gmt":"2025-10-02T08:07:08","slug":"legger-realityserie-pa-hyllen-etter-dodsfall","status":"publish","type":"post","link":"https:\/\/www.europesays.com\/no\/50767\/","title":{"rendered":"Legger realityserie p\u00e5 hyllen etter d\u00f8dsfall"},"content":{"rendered":"\n<p class=\"_lead_1994c_2 _lead_xtcu6_50 layout-component text-serif-m layout-normal text-serif-l layout-component layout-wide layout-padded _wide_17hqh_1 layout-padded\">Den svenske utgaven av \u00abVokteren\u00bb stoppes etter fjor\u00e5rets tragiske hendelse.<\/p>\n<p><img alt=\"En realitydeltager omkom under innspillingen av reality-serien \u00abBerget\u00bb i Narvik i fjor. Foto: Trym Ivar Bergsmo \/ Trym Ivar Bergsmo\" class=\"_image_qp4xg_65 layout-component layout-wide\" data-fullscreen- data-track-element-type=\"Article image fullscreen\" data-track-name=\"ImageFullscreen\" fetchpriority=\"high\" decoding=\"sync\" loading=\"eager\" height=\"801\" itemprop=\"image\"  src=\"https:\/\/www.europesays.com\/no\/wp-content\/uploads\/2025\/10\/e325df51-65d4-4792-a327-9929e5d2e09b\"  style=\"object-position:0% 0%\" width=\"1200\"\/>En realitydeltager omkom under innspillingen av reality-serien \u00abBerget\u00bb i Narvik i fjor. Foto: Trym Ivar Bergsmo \/ Trym Ivar Bergsmo<\/p>\n<ul aria-hidden=\"true\" class=\"_images_1y6fe_106\">\n<li><a class=\"_link_1y6fe_111\" href=\"https:\/\/www.vg.no\/forfatter\/nora-holm-aftret\" style=\"z-index:1\" title=\"Nora Holm Aftret\" rel=\"nofollow noopener\" target=\"_blank\"><img alt=\"Bilde av Nora Holm Aftret\" class=\"_image_1y6fe_88\" fetchpriority=\"low\" loading=\"lazy\" decoding=\"async\" itemprop=\"image\"  src=\"https:\/\/www.europesays.com\/no\/wp-content\/uploads\/2025\/10\/f305139e-f923-41c4-8052-e05527fc0152\"  width=\"480\"\/><\/a><\/li>\n<\/ul>\n<p> Oppdatert torsdag 2. oktober kl. 09:49    <\/p>\n<ul class=\"_list_1994c_3 _list_64s2r_85 _unordered_1994c_105 text-sans-m\">\n<li class=\"_item_1994c_30\">TV4 stopper den svenske realityserien \u00abBerget\u00bb etter en deltager d\u00f8de under innspillingen i fjor.<\/li>\n<li class=\"_item_1994c_30\">Deltageren  fikk hjertestans under en oppgave, til tross for tidligere helsesjekk.<\/li>\n<li class=\"_item_1994c_30\">TV4s Fredrik Arefalk beskriver hendelsen som \u00absmertefull\u00bb.<\/li>\n<li class=\"_item_1994c_30\"> Han sier serien kan komme tilbake p\u00e5 et senere tidspunkt.<\/li>\n<\/ul>\n<p>Vis mer <\/p>\n<p class=\"_paragraph_1994c_4 _paragraph_xtcu6_10 layout-component text-serif-m layout-normal text-serif-m layout-padded\">I august i fjor <a href=\"https:\/\/www.vg.no\/rampelys\/i\/vglVrX\/doede-under-tv-innspilling-i-norge-tankene-vaare-gaar-til-familien\" data-track-element-type=\"Link\" data-track-id=\"link:vglVrX\" class=\"_link_1994c_39\" rel=\"nofollow noopener\" target=\"_blank\">omkom svenske Markus Holmer under innspillingen av realityserien \u00abBerget\u00bb i Norge<\/a>.<\/p>\n<p class=\"_paragraph_1994c_4 _paragraph_xtcu6_10 layout-component text-serif-m layout-normal text-serif-m layout-padded\">Holmer d\u00f8de av akutt sykdom, og kanalen <a href=\"https:\/\/www.vg.no\/tag\/tv4?utm_source=vg-article&amp;utm_medium=auto-tagger&amp;utm_campaign=Oowv3E\" class=\"_link_1994c_39\" rel=\"nofollow noopener\" target=\"_blank\">TV4<\/a> <a href=\"https:\/\/www.vg.no\/rampelys\/i\/yEly2a\/svensk-tv4-stanser-innspillingen-av-berget\" data-track-element-type=\"Link\" data-track-id=\"link:yEly2a\" class=\"_link_1994c_39\" rel=\"nofollow noopener\" target=\"_blank\">stanset i ettertid innspillingen som f\u00f8lge av den tragiske hendelsen<\/a>.<\/p>\n<p class=\"_paragraph_1994c_4 _paragraph_xtcu6_10 layout-component text-serif-m layout-normal text-serif-m layout-padded\"><strong class=\"_strong_1994c_25\">N\u00e5 legger TV4 realitysatsningen p\u00e5 is, skriver <a href=\"https:\/\/www.aftonbladet.se\/nojesbladet\/a\/rPkQo0\/efter-dodsolyckan-tv4-sander-inte-berget\" class=\"_link_1994c_39\" rel=\"nofollow noopener\" target=\"_blank\">Aftonbladet<\/a>.<\/strong><\/p>\n<p class=\"_paragraph_1994c_4 _paragraph_xtcu6_10 layout-component text-serif-m layout-normal text-serif-m layout-padded\">Innspillingen av serien ble ikke tatt opp igjen etter pausen, og Fredrik Arefalk, TV4s kanal- og innholdsdirekt\u00f8r beskriver det som skjedde som en \u00absmertefull historie\u00bb, skriver avisen.<\/p>\n<p class=\"_paragraph_1994c_4 _paragraph_xtcu6_10 layout-component text-serif-m layout-normal text-serif-m layout-padded\">\u2013 Det som skjedde har preget alle som var involvert p\u00e5 mange m\u00e5ter, og ikke minst familien som ble rammet i st\u00f8rst grad. S\u00e5 det har v\u00e6rt vanskelig \u00e5 finne noen slags positiv energi rundt \u00abBerget\u00bb. Enn s\u00e5 lenge i alle fall, sier Arefalk til Aftonbladet, og legger vekt p\u00e5 at serien kan komme tilbake p\u00e5 et senere tidspunkt. <\/p>\n<p> Kritisk til deltagelsen<\/p>\n<p class=\"_paragraph_1994c_4 _paragraph_xtcu6_10 layout-component text-serif-m layout-normal text-serif-m layout-padded\">If\u00f8lge Aftenbladet skulle \u00abBerget\u00bb bli TV4s nye, store realitysatsning, med den svenske rapperen Petter som programleder. <\/p>\n<p class=\"_paragraph_1994c_4 _paragraph_xtcu6_10 layout-component text-serif-m layout-normal text-serif-m layout-padded\">Realityserien er den svenske utgaven av \u00abVokteren,\u00bb som tidligere i \u00e5r ble sendt p\u00e5 TV 2, der deltagerne puljevis skal ta seg opp til Stetind i Narvik. <\/p>\n<p class=\"_paragraph_1994c_4 _paragraph_xtcu6_10 layout-component text-serif-m layout-normal text-serif-m layout-padded\"><a href=\"https:\/\/www.vg.no\/rampelys\/i\/Xj9p9m\/vokteren-fjellet-gir-fjellet-tar-tv-2-endrer-navn-paa-serien\" data-track-element-type=\"Link\" data-track-id=\"link:Xj9p9m\" class=\"_link_1994c_39\" rel=\"nofollow noopener\" target=\"_blank\">TV 2 valgte \u00e5 fjerne deler av tittelen p\u00e5 sin serie etter d\u00f8dsfallet<\/a>, av hensyn til det tragiske d\u00f8dsfallet under den svenske produksjonen.<\/p>\n<p class=\"_paragraph_1994c_4 _paragraph_xtcu6_10 layout-component text-serif-m layout-normal text-serif-m layout-padded\">Holmers egen familie <a href=\"https:\/\/www.vg.no\/nyheter\/i\/alv4kO\/svt-markus-51-omkom-under-berget-innspillingen\" data-track-element-type=\"Link\" data-track-id=\"link:alv4kO\" class=\"_link_1994c_39\" rel=\"nofollow noopener\" target=\"_blank\">har i etterkant av d\u00f8dsfallet v\u00e6rt kritisk til at trebarnsfaren fikk lov til \u00e5 delta i realityserien<\/a>, da helsesjekken viste at han hadde h\u00f8yt blodtrykk.<\/p>\n<p class=\"_paragraph_1994c_4 _paragraph_xtcu6_10 layout-component text-serif-m layout-normal text-serif-m layout-padded\">51-\u00e5ringen fikk hjertestans under en av oppgavene i serien, og leger p\u00e5 stedet klarte ikke \u00e5 redde livet hans. <\/p>\n<p class=\"_paragraph_1994c_4 _paragraph_xtcu6_10 layout-component text-serif-m layout-normal text-serif-m layout-padded\">Kommunikasjonssjef i TV4 Karin Nyman sa til SVT at det er gjort flere vurderinger av leger, og at hun ikke kunne uttale seg om resultatene av helsesjekkene.<\/p>\n","protected":false},"excerpt":{"rendered":"Den svenske utgaven av \u00abVokteren\u00bb stoppes etter fjor\u00e5rets tragiske hendelse. En realitydeltager omkom under innspillingen av reality-serien \u00abBerget\u00bb&hellip;\n","protected":false},"author":2,"featured_media":50768,"comment_status":"","ping_status":"","sticky":false,"template":"","format":"standard","meta":{"footnotes":""},"categories":[58],"tags":[71,30,28,29,2177,1130,7815,72],"class_list":{"0":"post-50767","1":"post","2":"type-post","3":"status-publish","4":"format-standard","5":"has-post-thumbnail","7":"category-underholdning","8":"tag-entertainment","9":"tag-no","10":"tag-norge","11":"tag-norway","12":"tag-reality-tv","13":"tag-tv2","14":"tag-tv4","15":"tag-underholdning"},"share_on_mastodon":{"url":"","error":""},"_links":{"self":[{"href":"https:\/\/www.europesays.com\/no\/wp-json\/wp\/v2\/posts\/50767","targetHints":{"allow":["GET"]}}],"collection":[{"href":"https:\/\/www.europesays.com\/no\/wp-json\/wp\/v2\/posts"}],"about":[{"href":"https:\/\/www.europesays.com\/no\/wp-json\/wp\/v2\/types\/post"}],"author":[{"embeddable":true,"href":"https:\/\/www.europesays.com\/no\/wp-json\/wp\/v2\/users\/2"}],"replies":[{"embeddable":true,"href":"https:\/\/www.europesays.com\/no\/wp-json\/wp\/v2\/comments?post=50767"}],"version-history":[{"count":0,"href":"https:\/\/www.europesays.com\/no\/wp-json\/wp\/v2\/posts\/50767\/revisions"}],"wp:featuredmedia":[{"embeddable":true,"href":"https:\/\/www.europesays.com\/no\/wp-json\/wp\/v2\/media\/50768"}],"wp:attachment":[{"href":"https:\/\/www.europesays.com\/no\/wp-json\/wp\/v2\/media?parent=50767"}],"wp:term":[{"taxonomy":"category","embeddable":true,"href":"https:\/\/www.europesays.com\/no\/wp-json\/wp\/v2\/categories?post=50767"},{"taxonomy":"post_tag","embeddable":true,"href":"https:\/\/www.europesays.com\/no\/wp-json\/wp\/v2\/tags?post=50767"}],"curies":[{"name":"wp","href":"https:\/\/api.w.org\/{rel}","templated":true}]}}