{"id":50777,"date":"2025-10-02T08:14:12","date_gmt":"2025-10-02T08:14:12","guid":{"rendered":"https:\/\/www.europesays.com\/no\/50777\/"},"modified":"2025-10-02T08:14:12","modified_gmt":"2025-10-02T08:14:12","slug":"john-northug-skreddersyr-ditt-julebord-en-unik-opplevelse","status":"publish","type":"post","link":"https:\/\/www.europesays.com\/no\/50777\/","title":{"rendered":"John Northug skreddersyr ditt julebord: En unik opplevelse"},"content":{"rendered":"<p class=\"kicker \" style=\"\">Ny julebordskonge?<\/p>\n<p>  Tar julebordsesongen til nye h\u00f8yder.<\/p>\n<p>\n    JULEBORDSKONGE: John Northug tester nye beiter. S\u00f8nnen Petter er p\u00e5 h\u00f8ydetrening og f\u00e5r trolig ikke blitt med p\u00e5 feiringen. Foto: Anders Martinsen\/Se og H\u00f8r\n  <\/p>\n<p>Det er ikke lenger bare i langrennssporet familien Northug setter fart. N\u00e5 har tr\u00f8nderne, som hele nasjonen kjenner for sine r\u00e5e rykk, sine gull\u00f8yeblikk og sine uforglemmelige one-linere, bestemt seg for \u00e5 innta et nytt terreng: julebordsesongen.<\/p>\n<p class=\"font-weight-bold m-font-weight-bold\" data-lab-font_weight=\"font-weight-bold\">\u00a0Ja, du leste riktig \u2013 pappa Northug kan nemlig skreddersy julebordet ditt!<\/p>\n<p>    <a itemprop=\"url\" href=\"https:\/\/www.seher.no\/kjendis\/kolliderte-med-politibil-innlagt-pa-sykehus\/83658981\" rel=\"nofollow noopener\" target=\"_blank\"><\/p>\n<p>      <img loading=\"lazy\" decoding=\"async\" src=\"https:\/\/www.europesays.com\/no\/wp-content\/uploads\/2025\/10\/83658955.webp\" width=\"980\" height=\"441\" title=\"Kolliderte med politibil: Innlagt p\u00e5 sykehus\" alt=\"\" class=\"lazyload\" style=\"--aspect-ratio-image: 2.22; \"\/><\/p>\n<p>        Kolliderte med politibil: Innlagt p\u00e5 sykehus<\/p>\n<p>    <\/a><\/p>\n<p>Julebord er for mange \u00e5rets h\u00f8ydepunkt, men samtidig en utfordring \u00e5 planlegge: Skal man satse p\u00e5 pinnekj\u00f8tt eller ribbe? Skal underholdningen v\u00e6re trubadur eller quiz? Skal det v\u00e6re fri bar eller en halvstram\u00a0linje? Her kommer Northug inn som en personlig trener &#8211; ikke for kondisjon, men for kosen.<\/p>\n<p class=\"font-weight-bold m-font-weight-bold\" data-lab-font_weight=\"font-weight-bold\">Familien Northug tilbyr et julebordopplegg der ingen detaljer overlates til tilfeldighetene.\u00a0<\/p>\n<p>          <img loading=\"lazy\" decoding=\"async\" src=\"https:\/\/www.europesays.com\/no\/wp-content\/uploads\/2025\/10\/82544443.webp\" width=\"980\" height=\"559\" title=\"JULEKONGENE: Petter Northug hjemme p\u00e5 g\u00e5rden i Mosvik sammen med pappa John. Dukker skikongen opp som skjult underholdning? Foto: Anders Martinsen\/Se og H\u00f8r\" alt=\"\" class=\"\" style=\"--aspect-ratio-image: 1.75; \"\/><\/p>\n<p>\n          JULEKONGENE: Petter Northug hjemme p\u00e5 g\u00e5rden i Mosvik sammen med pappa John. Dukker skikongen opp som skjult underholdning? Foto: Anders Martinsen\/Se og H\u00f8r\n      <\/p>\n<p>\u00abPlanlegger du julebord? Ta kontakt med oss! Vi skreddersyr et annerledes julebord til dere\u00bb, heter det i <a href=\"https:\/\/visitinnherred.com\/opplevelser\/northug-opplevelser\" rel=\"nofollow noopener\" target=\"_blank\">annonsen.<\/a><\/p>\n<p class=\"font-weight-bold m-font-weight-bold\" data-lab-font_weight=\"font-weight-bold\">Videre fremkommer det at de kan tilby en omvisning i sm\u00f8reboden og skihotellet p\u00e5 Northugg\u00e5rden, ispedd litt skihistorie med fakkeltog ned til Naustet &#8211; hvor de festglade julenissene kan bli m\u00f8tt med gl\u00f8gg og god stemning!<\/p>\n<p>        FLYTTER: Petter Northug avsl\u00f8rer flytteplaner. Reporter: Nora Skavhaug<\/p>\n<p>&#8211; Det er f\u00f8rste gang vi gj\u00f8r dette her, s\u00e5 det er klart at vi er litt nerv\u00f8se, men responsen s\u00e5 langt har v\u00e6rt god. Vi er spent p\u00e5 hvordan dette skal foreg\u00e5, forteller en oppgl\u00f8dd John Northug (66) til Se og H\u00f8r.<\/p>\n<p>Kanskje er det dette som skal til for \u00e5 l\u00f8fte julebordene til nye h\u00f8yder. Fra krampe i l\u00e5rene til latterkrampe ved langbordet &#8211; John Northug har vist oss at han kan vinne i sm\u00f8reboden i Holmenkollen, men n\u00e5 er sp\u00f8rsm\u00e5let:\u00a0<\/p>\n<p class=\"italic m-italic\" data-lab-italic=\"italic\">Kan han vinne julebordet ogs\u00e5?<\/p>\n<p>    <a itemprop=\"url\" href=\"https:\/\/www.seher.no\/kjendis\/vi-krangler-sa-busta-fyker\/83600251\" rel=\"nofollow noopener\" target=\"_blank\"><\/p>\n<p>      <img loading=\"lazy\" decoding=\"async\" src=\"https:\/\/www.europesays.com\/no\/wp-content\/uploads\/2025\/10\/83600340.webp\" width=\"980\" height=\"441\" title=\"- Vi krangler s\u00e5&#10;busta fyker\" alt=\"\" class=\"lazyload\" style=\"--aspect-ratio-image: 2.22; \"\/><\/p>\n<p>        &#8211; Vi krangler s\u00e5<br \/>\nbusta fyker<\/p>\n<p>    <\/a><\/p>\n<p class=\"font-weight-bold m-font-weight-bold\" data-lab-font_weight=\"font-weight-bold\">&#8211; Vi h\u00e5per iallefall det. Om vi klarer det, gjenst\u00e5r \u00e5 se, legger en sm\u00f8rblid John til.<\/p>\n<p class=\"italic m-italic\" data-lab-italic=\"italic\">&#8211; Er det sjans for at Petter dukker opp som et underholdningsinnslag?<\/p>\n<p>        PROGRAMLEDERDUO: \u00abOslolosen\u00bb og Petter Northug leder \u00abVinnerschkalle\u00bb\u00a0p\u00e5 TV 2. Hva kan g\u00e5 galt?<\/p>\n<p>&#8211; Tja, Petter er nok p\u00e5 h\u00f8ydesamling store deler av julebordssesongen, men vi gj\u00f8r det vi kan for \u00e5 lage det utifra kundens \u00f8nske. Men vi kan friste med trubadurer og standup-komikere av h\u00f8y klasse!<\/p>\n<p>Familiebedrift\t<\/p>\n<p>Det er Johns eget firma, \u00abNorthug Opplevelser\u00bb som sl\u00e5r p\u00e5 stortromma. Sammen p\u00e5 laget har han ogs\u00e5 med seg s\u00f8nnen Tomas Northug (33) og kj\u00e6resten Beate Nords\u00e6ther (44).<\/p>\n<p>          <img loading=\"lazy\" decoding=\"async\" src=\"https:\/\/www.europesays.com\/no\/wp-content\/uploads\/2025\/10\/83659807.webp\" width=\"980\" height=\"559\" title=\"FANT TONEN: John og Beate kjente hverandre lenge f\u00f8r de ble et par. Foto: Morten Eik\/Se og H\u00f8r\" alt=\"\" class=\"\" style=\"--aspect-ratio-image: 1.75; \"\/><\/p>\n<p>\n          FANT TONEN: John og Beate kjente hverandre lenge f\u00f8r de ble et par. Foto: Morten Eik\/Se og H\u00f8r\n      <\/p>\n<p>Til Se og H\u00f8r har en lykkelig forelsket John tidligere skrytt hemningsl\u00f8st av sin kj\u00e6re &#8211; og lagt til at hun kan lage mat og diske opp til fest.<\/p>\n<p class=\"font-weight-bold m-font-weight-bold\" data-lab-font_weight=\"font-weight-bold\">&#8211; Maten er en b\u00e6rebjelke i det vi holder p\u00e5 med i \u00abNorthug Opplevelser\u00bb, og det hadde ikke g\u00e5tt uten Beate, fortalte John til <a href=\"https:\/\/www.seher.no\/kjendis\/har-funnet-kjaerligheten\/80581436\" rel=\"nofollow noopener\" target=\"_blank\">Se og H\u00f8r<\/a> den gang.<\/p>\n<p>    <a itemprop=\"url\" href=\"https:\/\/www.seher.no\/kjendis\/har-funnet-kjaerligheten\/80581436\" rel=\"nofollow noopener\" target=\"_blank\"><\/p>\n<p>      <img loading=\"lazy\" decoding=\"async\" src=\"https:\/\/www.europesays.com\/no\/wp-content\/uploads\/2025\/10\/80581670.webp\" width=\"980\" height=\"441\" title=\"Har funnet kj\u00e6rligheten\" alt=\"\" class=\"lazyload\" style=\"--aspect-ratio-image: 2.22; \"\/><\/p>\n<p>        Har funnet kj\u00e6rligheten<\/p>\n<p>    <\/a><\/p>\n<p>Travel mann\t<\/p>\n<p>John er daglig leder i Northug Holding \u2013 s\u00f8nnen Petters moderselskap, har administrative oppgaver i Team Northug AS som st\u00e5r bak den nye storsatsingen Team Janteloppet, tar seg av sponsorkontraktene til landslagss\u00f8nnen Even (28), velger konkurranse-ski for s\u00f8nnene &#8211;\u00a0og siden 2019 har han drevet \u00abNorthugOpplevelser\u00bb, hvor han blant annet har arrangert g\u00e5rdskonserter og pop-up-restauranter. <\/p>\n<p>        \u00abSKAL VI DANSE\u00bb: Vi har tatt en titt p\u00e5 noen av de villeste \u00f8yeblikkene fra inn- og utland. Video: \u00abDancing with the Stars\u00bb\/ABC, \u00abSkal vi danse\u00bb\/TV 2, \u00abLet&#8217;s Dance\u00bb &#8211; TV 4, \u00abBailando por un Sue\u00f1o\u00bb &#8211; El Trece.<\/p>\n<p>Selv om arbeidsmengden er stor, lar ikke den spreke 66-\u00e5ringen seg vippes av pinnen av den grunn.<\/p>\n<p>          <img loading=\"lazy\" decoding=\"async\" src=\"https:\/\/www.europesays.com\/no\/wp-content\/uploads\/2025\/10\/80581693.webp\" width=\"980\" height=\"559\" title=\"B\u00c6REBJELKE: John har tidligere beskrevet det kulinariske bidraget Beate kommer med som en b\u00e6rebjelke. Foto: Morten Eik\/Se og H\u00f8r\" alt=\"\" class=\"\" style=\"--aspect-ratio-image: 1.75; \"\/><\/p>\n<p>\n          B\u00c6REBJELKE: John har tidligere beskrevet det kulinariske bidraget Beate kommer med som en b\u00e6rebjelke. Foto: Morten Eik\/Se og H\u00f8r\n      <\/p>\n<p>&#8211; Vi er heldigvis glade i \u00e5 jobbe og st\u00e5 p\u00e5 begge to. Vi har det like moro sammen uansett om vi lager mat, skuffer kum\u00f8kk eller rydder skog. Beate er et arbeidsmenneske av en annen verden, har John tidligere fortalt Se og H\u00f8r.<\/p>\n<p>    <a itemprop=\"url\" href=\"https:\/\/www.seher.no\/kjendis\/fant-hverandre-i-sorgen\/80592795\" rel=\"nofollow noopener\" target=\"_blank\"><\/p>\n<p>      <img loading=\"lazy\" decoding=\"async\" src=\"https:\/\/www.europesays.com\/no\/wp-content\/uploads\/2025\/10\/77677718.webp\" width=\"147\" height=\"98\" title=\"Fant hverandre i sorgen\" alt=\"\" class=\"lazyload\" style=\"--aspect-ratio-image: 1.50; \"\/><\/p>\n<p>        Fant hverandre i sorgen<\/p>\n<p>    <\/a><\/p>\n","protected":false},"excerpt":{"rendered":"Ny julebordskonge? Tar julebordsesongen til nye h\u00f8yder. JULEBORDSKONGE: John Northug tester nye beiter. S\u00f8nnen Petter er p\u00e5 h\u00f8ydetrening&hellip;\n","protected":false},"author":2,"featured_media":50778,"comment_status":"","ping_status":"","sticky":false,"template":"","format":"standard","meta":{"footnotes":""},"categories":[58],"tags":[4104,71,7816,479,398,30,28,29,397,72],"class_list":{"0":"post-50777","1":"post","2":"type-post","3":"status-publish","4":"format-standard","5":"has-post-thumbnail","7":"category-underholdning","8":"tag-eksklusivt","9":"tag-entertainment","10":"tag-john-northug","11":"tag-kjendis","12":"tag-langrenn","13":"tag-no","14":"tag-norge","15":"tag-norway","16":"tag-petter-northug","17":"tag-underholdning"},"share_on_mastodon":{"url":"","error":""},"_links":{"self":[{"href":"https:\/\/www.europesays.com\/no\/wp-json\/wp\/v2\/posts\/50777","targetHints":{"allow":["GET"]}}],"collection":[{"href":"https:\/\/www.europesays.com\/no\/wp-json\/wp\/v2\/posts"}],"about":[{"href":"https:\/\/www.europesays.com\/no\/wp-json\/wp\/v2\/types\/post"}],"author":[{"embeddable":true,"href":"https:\/\/www.europesays.com\/no\/wp-json\/wp\/v2\/users\/2"}],"replies":[{"embeddable":true,"href":"https:\/\/www.europesays.com\/no\/wp-json\/wp\/v2\/comments?post=50777"}],"version-history":[{"count":0,"href":"https:\/\/www.europesays.com\/no\/wp-json\/wp\/v2\/posts\/50777\/revisions"}],"wp:featuredmedia":[{"embeddable":true,"href":"https:\/\/www.europesays.com\/no\/wp-json\/wp\/v2\/media\/50778"}],"wp:attachment":[{"href":"https:\/\/www.europesays.com\/no\/wp-json\/wp\/v2\/media?parent=50777"}],"wp:term":[{"taxonomy":"category","embeddable":true,"href":"https:\/\/www.europesays.com\/no\/wp-json\/wp\/v2\/categories?post=50777"},{"taxonomy":"post_tag","embeddable":true,"href":"https:\/\/www.europesays.com\/no\/wp-json\/wp\/v2\/tags?post=50777"}],"curies":[{"name":"wp","href":"https:\/\/api.w.org\/{rel}","templated":true}]}}