{"id":50781,"date":"2025-10-02T08:18:10","date_gmt":"2025-10-02T08:18:10","guid":{"rendered":"https:\/\/www.europesays.com\/no\/50781\/"},"modified":"2025-10-02T08:18:10","modified_gmt":"2025-10-02T08:18:10","slug":"debatten-kvinner-linn-therese-solheim-etter-debatten-pa-nrk-dette-er-det-eg-eigentlig-meiner-nar-eg-seier-at-likestillinga-har-gatt-for-langt","status":"publish","type":"post","link":"https:\/\/www.europesays.com\/no\/50781\/","title":{"rendered":"Debatten, Kvinner | Linn Therese Solheim etter Debatten p\u00e5 NRK: \u2013 Dette er det eg eigentlig meiner n\u00e5r eg seier at likestillinga har g\u00e5tt for langt"},"content":{"rendered":"\n<p><b>Plutseleg ser eg det.<\/b> Eg ser at vi eigentleg ikkje er s\u00e5 ueinige om likestillinga som det kan sj\u00e5 ut som. Det vi er ueinige om, er prioriteringa av den og i kor stor grad den b\u00f8r vektleggjast.<\/p>\n<p>\u00abI begge leirar\u00bb har vi kj\u00e6rleik til borna. Dei som stod p\u00e5 venstre side i lokalet under Debatten p\u00e5 NRK, er openbert mest opptekne av at barna skal f\u00e5 det lettare i sitt vaksne liv. Ha gode rettigheiter og moglegheiter for \u00e5 gjere karriere. Kunne sikre seg \u00f8konomisk. Dei tenkjer p\u00e5 framtida.<\/p>\n<p>Vi som stod p\u00e5 h\u00f8gre side i lokalet, er mest opptekne av kva barna treng medan dei er sm\u00e5. I alle fall for meg er det heilt opplagt at det beste for eit barn under tre \u00e5r, generelt sett er \u00e5 f\u00e5 vere heime med ein av sine trygge tilknytningspersonar.<\/p>\n<p>Prim\u00e6rt mor, dersom vi tek h\u00f8gde for amming og biologiske skilnader mellom mann og kvinne.<\/p>\n<p>   <img decoding=\"async\" width=\"1267\" height=\"635\" fetchpriority=\"low\"  loading=\"lazy\"  src=\"https:\/\/www.europesays.com\/no\/wp-content\/uploads\/2025\/10\/Skjermbilde+2025-10-01+kl.+15.06.54.png\" alt=\"\" class=\"brick-c-cFOWSL\" style=\"--brick-image-ratio: 1267 \/ 635;\"\/><\/p>\n<p>    Linn Therese Solheim under Debatten p\u00e5 NRK forrige uke.<br \/>\n    Foto: Skjermdump NRK\n  <\/p>\n<p><b>Dette er ikkje berre <\/b>mi meining tatt ut av lufta. For meg personleg er det berre rein fornuft, men det finst <a href=\"https:\/\/www.barnehage.no\/barnehagestart-forskning-psykisk-helse\/amerikansk-forsker--barn-bor-ikke-starte-i-barnehagen-for-de-er-24-30-maneder-gamle\/102647\" rel=\"Follow nofollow noopener\" target=\"_blank\">forskning som underbyggjer dette<\/a>. Nokre det er verdt \u00e5 lytte til er legen Gabor Mat\u00e9 og klinisk sosionom og psykoanalytiker Erica Komisar. Og her heime, <a href=\"https:\/\/www.dagsavisen.no\/debatt\/vi-svikter-smabarna\/9696571\" rel=\"Follow nofollow noopener\" target=\"_blank\">den norske psykologen Torild Skard<\/a>.<\/p>\n<p>Med andre ord er det ikkje berre amerikanske tradwives p\u00e5 TikTok dagens unge kvinner har blitt p\u00e5verka av &#8230;<\/p>\n<p><b>N\u00e5r eg seier at <\/b>likestillinga har g\u00e5tt for langt, meiner eg eigentleg at eg tykkjer det store fokuset p\u00e5 likestilling overskuggar bornas behov.<\/p>\n<p>Sp\u00f8rsm\u00e5let eg vil stille, er: Korleis kan vi f\u00e5 til begge deler? Like moglegheiter i arbeidslivet og \u00f8konomisk sikkerheit for kvinner, utan at det g\u00e5r p\u00e5 bekostning av barna, og p\u00e5 ein m\u00e5te som st\u00f8tter dei m\u00f8drene som har eit heilt naturleg og instinktivt ynskje om \u00e5 vere lenger heime med barnet ho har bore fram og f\u00f8dt.<\/p>\n<p><b>Ikkje alle kvinner <\/b>ynskjer \u00e5 fokusere p\u00e5 karriere, det m\u00e5 vi anerkjenne og respektere. Ikkje alle kvinner er opptekne av \u00e5 ha verv eller store \u00f8konomiske verdiar. Nokon vil \u00abberre\u00bb vere mor. Og eg reknar med at vi er einige om at det ikkje er berre berre.<\/p>\n<blockquote class=\"brick-c-kLSvcb theme-white\">\n<p class=\"blockquote-text\">Med forkledet mitt ville eg vise ei motvekt til det utbreidde i dag.<\/p>\n<\/blockquote>\n<p>For mange er det dessutan faktisk berre snakk om \u00e5 vere heime med barnet sitt i nokre f\u00e5 \u00e5r, ikkje \u00e5 skrinleggje alt.<\/p>\n<p>Og det synest eg faktisk staten skal betale for. Korleis er det ikkje eit bidrag til fellesskapet \u00e5 vere heime, f\u00f8de barn, amme lengst mogleg og gi samfunnets barn den mest optimale starten p\u00e5 livet?<\/p>\n<p>Uhelse kostar fellesskapet mykje \u2013 ved \u00e5 la barn og foreldre f\u00e5 meir tid saman, kjem vi til \u00e5 redusere utgiftene fellesskapet bruker.<\/p>\n<p>Meir peng til foreldrepermisjon, mindre peng p\u00e5 uhelse i befolkningen. Dette er f\u00f8rebygging, det er b\u00e6rekraftig, det er \u00e5 tenkje langsiktig og \u00e5 sj\u00e5 eit st\u00f8rre bilete.<\/p>\n<p>   <img decoding=\"async\" width=\"3840\" height=\"5760\" fetchpriority=\"low\"  loading=\"lazy\"  src=\"https:\/\/www.europesays.com\/no\/wp-content\/uploads\/2025\/10\/markus-spiske-nvKQ1kxheRc-unsplash.jpg\" alt=\"\" class=\"brick-c-cFOWSL\" style=\"--brick-image-ratio: 3840 \/ 5760;\"\/><\/p>\n<p>Vi kan godt vere ueininge om politiske prioriteringar, men glorifiseringa av barnehagane overraskar meg. Det er gale nok at mange m\u00f8dre og barn blir ufrivillig fr\u00e5skilt i \u00e5tte timar, fem dagar i veka p\u00e5 eit s\u00e5 tidleg tidspunkt. Ekstra gale er det at barnehagane er underbemanna i tillegg.<\/p>\n<p><b>Er det<\/b> <b>betre for eit <\/b>lite barn \u00e5 bedrive parallell-leik i ein underbemanna barnehage, der dei vaksne m\u00e5 ta harde val n\u00e5r det gjeld kva barn dei skal tr\u00f8yste og kva barn som blir sitjande overlatt til seg sj\u00f8lv, heller enn \u00e5 f\u00e5 n\u00e6rleik, omsorg og tr\u00f8yst av sin eigen forelder?<\/p>\n<p>Det er uansett ikkje slik at barnehagar er gratis for staten \u00e5 drive.<\/p>\n<p>Eg er for valfridom. Eg er for at du sender eitt-\u00e5ringen din i barnehage dersom du vurderer at det er det riktige og beste i dykkar situasjon. Men lat oss ikkje fornekte verkelegheita n\u00e5r vi snakkar om dette p\u00e5 eit overordna samfunnsniv\u00e5.<\/p>\n<p>\u00abBarna har det bra i barnehagen\u00bb, blir det sagt. Men kva legg vi i ordet \u00abbra\u00bb? Det tenkjer vi ulikt om.<\/p>\n<p><b>Dagens sm\u00e5barnsm\u00f8dre<\/b> har opplevd store kutt i f\u00f8dsels- og barselsomsorgen, kommunar landet over kuttar i barnehagar og skular, vi ser aukande skulefr\u00e5v\u00e6r og psykiske helseproblem. Alt dette har kome i skuggen av v\u00e5r tids likestillingsdebatt.<\/p>\n<p>Skal vi oppn\u00e5 reell likestilling der mor ikkje vert utbrent, ikkje f\u00e5r f\u00f8dselsdepresjon og greier \u00e5 st\u00e5 i jobb om ho vil det \u2013 s\u00e5 m\u00e5 vi handle. Ei l\u00f8ysing er meir tid med barna, meir fleksibelt arbeidsliv og meir rettferdig pensjonsopptening.<\/p>\n<p><b>Kva meiner du? Send ein e-post til <a href=\"https:\/\/www.ba.no\/linn-therese-solheim-etter-debatten-pa-nrk-dette-er-det-eg-eigentlig-meiner-nar-eg-seier-at-likestillinga-har-gatt-for-langt\/o\/mailto:debatt@ba.no\" rel=\"Follow nofollow noopener\" target=\"_blank\">debatt@ba.no<\/a>!<\/b><\/p>\n<p>Eg meiner ikkje at vi skal reversere samfunnet, eg meiner ikkje at vi skal g\u00e5 tilbake til 50-talet. Eg berre ber om at vi tek med oss enkelte element som er heilt grunnleggjande for oss menneske, og som det tidlegare vart tatt st\u00f8rre h\u00f8gde for.<\/p>\n<p>Det handlar om at vi som samfunn m\u00e5 verdsette omsorgsarbeidet \u2013 b\u00e5de politisk, \u00f8konomisk og oss menneske i mellom.<\/p>\n<p><b>Dette er ein heilt anna <\/b>diskusjon enn \u00abtradwife-debatten\u00bb. Diskusjonen om babyar og sm\u00e5barn sine basale, biologiske behov er mykje viktigare. Er den viktigare enn fokuset p\u00e5 likestilling og karriere?<\/p>\n<p>Eg meiner ja. Og det er det eg kjempar for.<\/p>\n<p>Med forkledet mitt ville eg vise ei motvekt til det utbreidde i dag. Ynskjet mitt er at vi kan finne ein gylden middelveg, g\u00e5 for ein mellomting og balansere det heile ein stad p\u00e5 midten.<\/p>\n","protected":false},"excerpt":{"rendered":"Plutseleg ser eg det. Eg ser at vi eigentleg ikkje er s\u00e5 ueinige om likestillinga som det kan&hellip;\n","protected":false},"author":2,"featured_media":50782,"comment_status":"","ping_status":"","sticky":false,"template":"","format":"standard","meta":{"footnotes":""},"categories":[10],"tags":[36,7819,20,21,37,5518,24,25,15,2887,22,23,539,7817,13,30,28,29,14,1533,16,7818,26,27],"class_list":{"0":"post-50781","1":"post","2":"type-post","3":"status-publish","4":"format-standard","5":"has-post-thumbnail","7":"category-norge","8":"tag-art","9":"tag-barneoppdragelse","10":"tag-breaking-news","11":"tag-breakingnews","12":"tag-debatt","13":"tag-debatten","14":"tag-featured-news","15":"tag-featurednews","16":"tag-headlines","17":"tag-kvinner","18":"tag-latest-news","19":"tag-latestnews","20":"tag-likestilling","21":"tag-linn-therese-solheim","22":"tag-news","23":"tag-no","24":"tag-norge","25":"tag-norway","26":"tag-nyheter","27":"tag-opinion","28":"tag-overskrifter","29":"tag-permisjon","30":"tag-top-stories","31":"tag-topstories"},"share_on_mastodon":{"url":"","error":""},"_links":{"self":[{"href":"https:\/\/www.europesays.com\/no\/wp-json\/wp\/v2\/posts\/50781","targetHints":{"allow":["GET"]}}],"collection":[{"href":"https:\/\/www.europesays.com\/no\/wp-json\/wp\/v2\/posts"}],"about":[{"href":"https:\/\/www.europesays.com\/no\/wp-json\/wp\/v2\/types\/post"}],"author":[{"embeddable":true,"href":"https:\/\/www.europesays.com\/no\/wp-json\/wp\/v2\/users\/2"}],"replies":[{"embeddable":true,"href":"https:\/\/www.europesays.com\/no\/wp-json\/wp\/v2\/comments?post=50781"}],"version-history":[{"count":0,"href":"https:\/\/www.europesays.com\/no\/wp-json\/wp\/v2\/posts\/50781\/revisions"}],"wp:featuredmedia":[{"embeddable":true,"href":"https:\/\/www.europesays.com\/no\/wp-json\/wp\/v2\/media\/50782"}],"wp:attachment":[{"href":"https:\/\/www.europesays.com\/no\/wp-json\/wp\/v2\/media?parent=50781"}],"wp:term":[{"taxonomy":"category","embeddable":true,"href":"https:\/\/www.europesays.com\/no\/wp-json\/wp\/v2\/categories?post=50781"},{"taxonomy":"post_tag","embeddable":true,"href":"https:\/\/www.europesays.com\/no\/wp-json\/wp\/v2\/tags?post=50781"}],"curies":[{"name":"wp","href":"https:\/\/api.w.org\/{rel}","templated":true}]}}