{"id":50785,"date":"2025-10-02T08:24:10","date_gmt":"2025-10-02T08:24:10","guid":{"rendered":"https:\/\/www.europesays.com\/no\/50785\/"},"modified":"2025-10-02T08:24:10","modified_gmt":"2025-10-02T08:24:10","slug":"anders-halland-johannessen-nummer-to-pa-kongeetappe-i-malaysia","status":"publish","type":"post","link":"https:\/\/www.europesays.com\/no\/50785\/","title":{"rendered":"Anders Halland Johannessen nummer to p\u00e5 kongeetappe i Malaysia"},"content":{"rendered":"\n<p class=\"_lead_1994c_2 _lead_xtcu6_50 layout-component text-serif-m layout-normal text-serif-l layout-component layout-wide layout-padded _wide_17hqh_1 layout-padded\">Anders Halland Johannessen holdt i gang Uno-Xs viktige poengplukking ved \u00e5 tr\u00e5kke inn til en 2.-plass i Tour de Langkawi.<\/p>\n<p><img alt=\"Anders Halland Johannessen fra Tour of Norway i 2023.  Foto: Tuva \u00c5serud \/ NTB\" class=\"_image_qp4xg_65 layout-component layout-wide\" data-fullscreen- data-track-element-type=\"Article image fullscreen\" data-track-name=\"ImageFullscreen\" fetchpriority=\"high\" decoding=\"sync\" loading=\"eager\" height=\"3648\" itemprop=\"image\"  src=\"https:\/\/www.europesays.com\/no\/wp-content\/uploads\/2025\/10\/8ed1b579-eb4c-40aa-8383-3af1f8e3e5a7\"  style=\"object-position:0% 0%\" width=\"5472\"\/>Anders Halland Johannessen fra Tour of Norway i 2023.  Foto: Tuva \u00c5serud \/ NTB<\/p>\n<ul aria-hidden=\"true\" class=\"_images_1y6fe_106\">\n<li><a class=\"_link_1y6fe_111\" href=\"https:\/\/www.vg.no\/forfatter\/ntb\" style=\"z-index:1\" title=\"NTB\" rel=\"nofollow noopener\" target=\"_blank\"><img alt=\"Bilde av NTB\" class=\"_image_1y6fe_88\" fetchpriority=\"low\" loading=\"lazy\" decoding=\"async\" itemprop=\"image\"  src=\"https:\/\/www.europesays.com\/no\/wp-content\/uploads\/2025\/10\/1759393450_864_c33980b0-5d07-4027-84a1-813f90a7c8d6\"  width=\"480\"\/><\/a><\/li>\n<\/ul>\n<p> Oppdatert torsdag 2. oktober kl. 08:47     <\/p>\n<p class=\"_paragraph_1994c_4 _paragraph_xtcu6_10 layout-component text-serif-m layout-normal text-serif-m layout-padded\">Han ble klart sl\u00e5tt av franskmannen Joris Delbove, som kom alene i m\u00e5l etter et solorykk p\u00e5 tampen.<\/p>\n<p class=\"_paragraph_1994c_4 _paragraph_xtcu6_10 layout-component text-serif-m layout-normal text-serif-m layout-padded\">\u2013 Nok en gang nesten for Uno-X, sa HBO Max-kommentator Theis Magelssen.<\/p>\n<p class=\"_paragraph_1994c_4 _paragraph_xtcu6_10 layout-component text-serif-m layout-normal text-serif-m layout-padded\">Det norske laget har flere toppresultater i det malayiske rittet, men seieren mangler. Uno-X kjemper for tiden en t\u00f8ff kamp om \u00e5 f\u00e5 nok UCI-poeng til \u00e5 sikre seg en World Tour-lisens for de tre neste \u00e5rene.<\/p>\n<p class=\"_paragraph_1994c_4 _paragraph_xtcu6_10 layout-component text-serif-m layout-normal text-serif-m layout-padded\">Halland Johannessens plassering ga 15 nye poeng.<\/p>\n<p class=\"_paragraph_1994c_4 _paragraph_xtcu6_10 layout-component text-serif-m layout-normal text-serif-m layout-padded\">I sluttfasen av kongeetappen slet TV-produksjonen med \u00e5 vise utviklingen. F\u00f8rst med noen hundre meter igjen kom det bilder av betydning.<\/p>\n<p class=\"_paragraph_1994c_4 _paragraph_xtcu6_10 layout-component text-serif-m layout-normal text-serif-m layout-padded\">Odd Christian Eiking ble nest beste norske p\u00e5 7.-plass, mens Cedrik Bakke Christophersen ble nummer ti.<\/p>\n<p class=\"_paragraph_1994c_4 _paragraph_xtcu6_10 layout-component text-serif-m layout-normal text-serif-m layout-padded\">Torsdag ble det syklet 123,1 kilometer fra Temerloh til Fraser&#8217;s Hill. Tour de Langkawi avsluttes s\u00f8ndag.<\/p>\n","protected":false},"excerpt":{"rendered":"Anders Halland Johannessen holdt i gang Uno-Xs viktige poengplukking ved \u00e5 tr\u00e5kke inn til en 2.-plass i Tour&hellip;\n","protected":false},"author":2,"featured_media":50786,"comment_status":"","ping_status":"","sticky":false,"template":"","format":"standard","meta":{"footnotes":""},"categories":[12],"tags":[7821,20,21,24,25,15,22,23,13,30,28,29,14,16,346,26,27,408,42,43,44,45],"class_list":{"0":"post-50785","1":"post","2":"type-post","3":"status-publish","4":"format-standard","5":"has-post-thumbnail","7":"category-verden","8":"tag-anders-halland-johannessen","9":"tag-breaking-news","10":"tag-breakingnews","11":"tag-featured-news","12":"tag-featurednews","13":"tag-headlines","14":"tag-latest-news","15":"tag-latestnews","16":"tag-news","17":"tag-no","18":"tag-norge","19":"tag-norway","20":"tag-nyheter","21":"tag-overskrifter","22":"tag-sykkel","23":"tag-top-stories","24":"tag-topstories","25":"tag-uno-x","26":"tag-verden","27":"tag-world","28":"tag-world-news","29":"tag-worldnews"},"share_on_mastodon":{"url":"","error":""},"_links":{"self":[{"href":"https:\/\/www.europesays.com\/no\/wp-json\/wp\/v2\/posts\/50785","targetHints":{"allow":["GET"]}}],"collection":[{"href":"https:\/\/www.europesays.com\/no\/wp-json\/wp\/v2\/posts"}],"about":[{"href":"https:\/\/www.europesays.com\/no\/wp-json\/wp\/v2\/types\/post"}],"author":[{"embeddable":true,"href":"https:\/\/www.europesays.com\/no\/wp-json\/wp\/v2\/users\/2"}],"replies":[{"embeddable":true,"href":"https:\/\/www.europesays.com\/no\/wp-json\/wp\/v2\/comments?post=50785"}],"version-history":[{"count":0,"href":"https:\/\/www.europesays.com\/no\/wp-json\/wp\/v2\/posts\/50785\/revisions"}],"wp:featuredmedia":[{"embeddable":true,"href":"https:\/\/www.europesays.com\/no\/wp-json\/wp\/v2\/media\/50786"}],"wp:attachment":[{"href":"https:\/\/www.europesays.com\/no\/wp-json\/wp\/v2\/media?parent=50785"}],"wp:term":[{"taxonomy":"category","embeddable":true,"href":"https:\/\/www.europesays.com\/no\/wp-json\/wp\/v2\/categories?post=50785"},{"taxonomy":"post_tag","embeddable":true,"href":"https:\/\/www.europesays.com\/no\/wp-json\/wp\/v2\/tags?post=50785"}],"curies":[{"name":"wp","href":"https:\/\/api.w.org\/{rel}","templated":true}]}}