{"id":50789,"date":"2025-10-02T08:26:13","date_gmt":"2025-10-02T08:26:13","guid":{"rendered":"https:\/\/www.europesays.com\/no\/50789\/"},"modified":"2025-10-02T08:26:13","modified_gmt":"2025-10-02T08:26:13","slug":"disse-kjendisene-skal-vaere-med-i-16-ukers-helvete","status":"publish","type":"post","link":"https:\/\/www.europesays.com\/no\/50789\/","title":{"rendered":"Disse kjendisene skal v\u00e6re med i \u00ab16 ukers helvete\u00bb"},"content":{"rendered":"<p class=\"kicker \" style=\"\">16 ukers helvete:<\/p>\n<p>  Disse kjendisene skal v\u00e6re med i \u00ab16 ukers helvete\u00bb.\u00a0<\/p>\n<p>\n    16 UKERS HELVETE: Disse skal v\u00e6re med i tv-programmet \u00ab16 ukers helvete\u00bb. FOTO: HBO Max.\n  <\/p>\n<p>I fire sesonger har TV-seerne benket seg foran skjermen for \u00e5 se et knippe norske kjendiser m\u00f8te Martin Johnsrud Sundbys beinharde treningsregime i realityprogrammet \u00ab16 ukers Helvete\u00bb.<\/p>\n<p>    <a itemprop=\"url\" href=\"https:\/\/www.kk.no\/underholdning\/det-blir-sann-du-er-tjukk-vil-du-vaere-med\/82484314\" rel=\"nofollow noopener\" target=\"_blank\"><\/p>\n<p>      <img loading=\"lazy\" decoding=\"async\" src=\"https:\/\/www.europesays.com\/no\/wp-content\/uploads\/2025\/10\/82485401.webp\" width=\"980\" height=\"441\" title=\"Det blir s\u00e5nn: \u00abDu er tjukk, vil du v\u00e6re med?\u00bb\" alt=\"\" class=\"lazyload\" style=\"--aspect-ratio-image: 2.22; \"\/><\/p>\n<p>        Det blir s\u00e5nn: \u00abDu er tjukk, vil du v\u00e6re med?\u00bb<\/p>\n<p>    <\/a><\/p>\n<p>N\u00e5 er sesong fem av det mye omtalte programmet er i gang med innspillingen, og Per Sandberg, Andreas \u00abTIX\u00bb Haukeland og Lise Karlsnes er blant kjendisene som v\u00e5ren 2026 skal vise frem sine 16 uker med blodslit. Det kommer frem i en pressemelding fra HBO Max.\u00a0<\/p>\n<p>\u2013 Jeg vet at jeg ikke er den stereotypiske deltakeren, men helse handler om mer enn bare tallet p\u00e5 baderomsvekten. Jeg har alltid h\u00f8rt at jeg er slank, og tenkt at jeg er privilegert som ikke trenger \u00e5 ta helsen min helt p\u00e5 alvor. Derfor har tillatt meg \u00e5 spise frossenpizza daglig i over 10 \u00e5r, og jeg lever p\u00e5 energidrikke og under 4 timer s\u00f8vn, sier Andreas \u00abTIX\u00bb Haukeland og legger til:<\/p>\n<p>\u2013\u00a0N\u00e5 \u00f8nsker jeg \u00e5 finne frem til en mer b\u00e6rekraftig hverdag og utforske hvor godt jeg kan prestere hvis jeg faktisk g\u00e5r 100% inn for \u00e5 bruke den kroppen jeg har v\u00e6rt s\u00e5 heldig \u00e5 tildeles. Til dette trenger jeg proff hjelp, og\u00a016 ukers helvete\u00a0har v\u00e6rt p\u00e5 \u00f8nskelisten lenge.<\/p>\n<p>    <a itemprop=\"url\" href=\"https:\/\/www.kk.no\/mote\/de-sier-det-som-det-er-fat-girl\/83211440\" rel=\"nofollow noopener\" target=\"_blank\"><\/p>\n<p>      <img loading=\"lazy\" decoding=\"async\" src=\"https:\/\/www.europesays.com\/no\/wp-content\/uploads\/2025\/10\/83052819.webp\" width=\"980\" height=\"441\" title=\"- De sier det som det er: \u00abfat girl\u00bb\" alt=\"\" class=\"lazyload\" style=\"--aspect-ratio-image: 2.22; \"\/><\/p>\n<p>        &#8211; De sier det som det er: \u00abfat girl\u00bb<\/p>\n<p>    <\/a><\/p>\n<p>    Her er deltakerne i sesong fem:<\/p>\n<p>Andreas \u00abTIX\u00bb Haukeland &#8211; Artist og l\u00e5tskriver\u00a0<\/p>\n<p>Lise Karlsnes &#8211; Artist<\/p>\n<p>Per Sandberg &#8211; Tidligere politiker<\/p>\n<p>Kasper Wikestad &#8211; Fotballkommentator<\/p>\n<p>Henrik Overaa Bj\u00f8rnsson &#8211; Komiker<\/p>\n<p>Aurora Hoff &#8211; Influenser<\/p>\n<p>      Vis mer<br \/>\n      Vis mindre<\/p>\n<p>Nytt for sesongen er at produksjonen f\u00e5r hjelp av legen Harald Meling Dobloug (36). Han er p\u00e5 plass for \u00e5 f\u00e5 en helhetlig og medisinsk vurdering av deltakernes helsetilstand.<\/p>\n<p>    <a itemprop=\"url\" href=\"https:\/\/www.kk.no\/helse\/ut-mot-slankesproyter-det-er-unaturlig-1\/82874749\" rel=\"nofollow noopener\" target=\"_blank\"><\/p>\n<p>      <img loading=\"lazy\" decoding=\"async\" src=\"https:\/\/www.europesays.com\/no\/wp-content\/uploads\/2025\/10\/82695917.webp\" width=\"980\" height=\"441\" title=\"Ut mot slankespr\u00f8yter: - Det er unaturlig\" alt=\"\" class=\"lazyload\" style=\"--aspect-ratio-image: 2.22; \"\/><\/p>\n<p>        Ut mot slankespr\u00f8yter: &#8211; Det er unaturlig <\/p>\n<p>    <\/a><\/p>\n<p class=\"italic m-italic\" data-lab-italic=\"italic\">16 ukers helvete\u00a0sesong fem kommer p\u00e5 TVNorge v\u00e5ren 2026.\u00a016 ukers helvete bootcamp\u00a0sesong 3 g\u00e5r n\u00e5 p\u00e5 TVNorge og str\u00f8mmetjenesten HBO Max.<\/p>\n","protected":false},"excerpt":{"rendered":"16 ukers helvete: Disse kjendisene skal v\u00e6re med i \u00ab16 ukers helvete\u00bb.\u00a0 16 UKERS HELVETE: Disse skal v\u00e6re&hellip;\n","protected":false},"author":2,"featured_media":50790,"comment_status":"","ping_status":"","sticky":false,"template":"","format":"standard","meta":{"footnotes":""},"categories":[5],"tags":[5645,20,21,24,25,15,19,22,23,4109,17,18,13,30,28,29,14,16,1677,7543,26,27,72],"class_list":{"0":"post-50789","1":"post","2":"type-post","3":"status-publish","4":"format-standard","5":"has-post-thumbnail","7":"category-overskrifter","8":"tag-16-ukers-helvete","9":"tag-breaking-news","10":"tag-breakingnews","11":"tag-featured-news","12":"tag-featurednews","13":"tag-headlines","14":"tag-hovedoppslag","15":"tag-latest-news","16":"tag-latestnews","17":"tag-lise-karlsnes","18":"tag-main-news","19":"tag-mainnews","20":"tag-news","21":"tag-no","22":"tag-norge","23":"tag-norway","24":"tag-nyheter","25":"tag-overskrifter","26":"tag-per-sandberg","27":"tag-tix","28":"tag-top-stories","29":"tag-topstories","30":"tag-underholdning"},"share_on_mastodon":{"url":"","error":""},"_links":{"self":[{"href":"https:\/\/www.europesays.com\/no\/wp-json\/wp\/v2\/posts\/50789","targetHints":{"allow":["GET"]}}],"collection":[{"href":"https:\/\/www.europesays.com\/no\/wp-json\/wp\/v2\/posts"}],"about":[{"href":"https:\/\/www.europesays.com\/no\/wp-json\/wp\/v2\/types\/post"}],"author":[{"embeddable":true,"href":"https:\/\/www.europesays.com\/no\/wp-json\/wp\/v2\/users\/2"}],"replies":[{"embeddable":true,"href":"https:\/\/www.europesays.com\/no\/wp-json\/wp\/v2\/comments?post=50789"}],"version-history":[{"count":0,"href":"https:\/\/www.europesays.com\/no\/wp-json\/wp\/v2\/posts\/50789\/revisions"}],"wp:featuredmedia":[{"embeddable":true,"href":"https:\/\/www.europesays.com\/no\/wp-json\/wp\/v2\/media\/50790"}],"wp:attachment":[{"href":"https:\/\/www.europesays.com\/no\/wp-json\/wp\/v2\/media?parent=50789"}],"wp:term":[{"taxonomy":"category","embeddable":true,"href":"https:\/\/www.europesays.com\/no\/wp-json\/wp\/v2\/categories?post=50789"},{"taxonomy":"post_tag","embeddable":true,"href":"https:\/\/www.europesays.com\/no\/wp-json\/wp\/v2\/tags?post=50789"}],"curies":[{"name":"wp","href":"https:\/\/api.w.org\/{rel}","templated":true}]}}