{"id":50791,"date":"2025-10-02T08:27:08","date_gmt":"2025-10-02T08:27:08","guid":{"rendered":"https:\/\/www.europesays.com\/no\/50791\/"},"modified":"2025-10-02T08:27:08","modified_gmt":"2025-10-02T08:27:08","slug":"fotball-er-storre-enn-dem","status":"publish","type":"post","link":"https:\/\/www.europesays.com\/no\/50791\/","title":{"rendered":"\u2013 Fotball er st\u00f8rre enn dem"},"content":{"rendered":"\n<p class=\"_lead_1994c_2 _lead_xtcu6_50 layout-component text-serif-m layout-normal text-serif-l layout-component layout-wide layout-padded _wide_17hqh_1 layout-padded\">USA-president Donald Trump har tidligere uttalt at han er villig til \u00e5 flytte kamper under neste \u00e5rs fotball-VM. N\u00e5 f\u00e5r han svar fra Fifas Victor Montagliani.<\/p>\n<p><img alt=\"Fifas visepresident Victor Montagliani ble konfrontert med Donald Trumps utspill onsdag. Her avbildet i 2024.  Foto: Christopher Katsarov \/ The Canadian Press \/ AP \/ NTB\" class=\"_image_qp4xg_65 layout-component layout-wide\" data-fullscreen- data-track-element-type=\"Article image fullscreen\" data-track-name=\"ImageFullscreen\" fetchpriority=\"high\" decoding=\"sync\" loading=\"eager\" height=\"2000\" itemprop=\"image\"  src=\"https:\/\/www.europesays.com\/no\/wp-content\/uploads\/2025\/10\/2442ee6f-98c2-484c-81a1-55d8932a0ec8\"  style=\"object-position:0% 0%\" width=\"3000\"\/>Fifas visepresident Victor Montagliani ble konfrontert med Donald Trumps utspill onsdag. Her avbildet i 2024.  Foto: Christopher Katsarov \/ The Canadian Press \/ AP \/ NTB<\/p>\n<ul aria-hidden=\"true\" class=\"_images_1y6fe_106\">\n<li><a class=\"_link_1y6fe_111\" href=\"https:\/\/www.vg.no\/forfatter\/ntb\" style=\"z-index:1\" title=\"NTB\" rel=\"nofollow noopener\" target=\"_blank\"><img alt=\"Bilde av NTB\" class=\"_image_1y6fe_88\" fetchpriority=\"low\" loading=\"lazy\" decoding=\"async\" itemprop=\"image\"  src=\"https:\/\/www.europesays.com\/no\/wp-content\/uploads\/2025\/10\/1759393628_903_c33980b0-5d07-4027-84a1-813f90a7c8d6\"  width=\"480\"\/><\/a><\/li>\n<\/ul>\n<p> Oppdatert torsdag 2. oktober kl. 09:47     <\/p>\n<p class=\"_paragraph_1994c_4 _paragraph_xtcu6_10 layout-component text-serif-m layout-normal text-serif-m layout-padded\">Montagliani, som er visepresident i Det internasjonale fotballforbundet (Fifa), ble konfrontert med Trumps kommentarer under et arrangement i London onsdag.<\/p>\n<p class=\"_paragraph_1994c_4 _paragraph_xtcu6_10 layout-component text-serif-m layout-normal text-serif-m layout-padded\">\u2013 Det er Fifas turnering og Fifas jurisdiksjon. Det er Fifa som bestemmer det, sa Montagliani fra scenen. Han er president i Canadas fotballforbund.<\/p>\n<p class=\"_paragraph_1994c_4 _paragraph_xtcu6_10 layout-component text-serif-m layout-normal text-serif-m layout-padded\">Fotball-VM arrangeres i USA, Canada og Mexico fra 11. juni til 19. juli neste sommer, og da Trump m\u00f8tte pressen i det ovale kontoret for en snau uke siden, fikk han direkte sp\u00f8rsm\u00e5l om kampene som skal spilles i byene Seattle og San Francisco.<\/p>\n<p class=\"_paragraph_1994c_4 _paragraph_xtcu6_10 layout-component text-serif-m layout-normal text-serif-m layout-padded\">\u2013 Vel, det er et interessant sp\u00f8rsm\u00e5l, men vi skal s\u00f8rge for at de (byene) er sikre, sa Trump og la til at Seattle og San Francisco er styrt at radikale g\u00e6rninger fra venstresiden som ikke vet hva de gj\u00f8r.<\/p>\n<p class=\"_paragraph_1994c_4 _paragraph_xtcu6_10 layout-component text-serif-m layout-normal text-serif-m layout-padded\">\u2013 Hvis jeg ikke tror det vil v\u00e6re trygt, kommer vi til \u00e5 flytte kamper til andre byer. Det er helt sikkert, la han til.<\/p>\n<p class=\"_paragraph_1994c_4 _paragraph_xtcu6_10 layout-component text-serif-m layout-normal text-serif-m layout-padded\">Det virket ikke Montagliani \u00e5 ta veldig seri\u00f8st.<\/p>\n<p class=\"_paragraph_1994c_4 _paragraph_xtcu6_10 layout-component text-serif-m layout-normal text-serif-m layout-padded\">\u2013 Med all respekt for dagens verdensledere, fotball er st\u00f8rre enn dem, og fotball vil overleve deres regime, deres regjering og deres meninger, sa canadieren.<\/p>\n<p class=\"_paragraph_1994c_4 _paragraph_xtcu6_10 layout-component text-serif-m layout-normal text-serif-m layout-padded\">Trump er rapportert \u00e5 ha et n\u00e6rt forhold til Fifa-president Gianni Infantino. Sistnevnte har ikke offentlig kommentert Trumps utspill om en eventuell flytting av kamper.<\/p>\n","protected":false},"excerpt":{"rendered":"USA-president Donald Trump har tidligere uttalt at han er villig til \u00e5 flytte kamper under neste \u00e5rs fotball-VM.&hellip;\n","protected":false},"author":2,"featured_media":50792,"comment_status":"","ping_status":"","sticky":false,"template":"","format":"standard","meta":{"footnotes":""},"categories":[59],"tags":[55,2326,92,4472,30,28,29,83,82,587],"class_list":{"0":"post-50791","1":"post","2":"type-post","3":"status-publish","4":"format-standard","5":"has-post-thumbnail","7":"category-sport","8":"tag-donald-trump","9":"tag-fifa","10":"tag-fotball","11":"tag-fotball-vm","12":"tag-no","13":"tag-norge","14":"tag-norway","15":"tag-sport","16":"tag-sports","17":"tag-uefa"},"share_on_mastodon":{"url":"","error":""},"_links":{"self":[{"href":"https:\/\/www.europesays.com\/no\/wp-json\/wp\/v2\/posts\/50791","targetHints":{"allow":["GET"]}}],"collection":[{"href":"https:\/\/www.europesays.com\/no\/wp-json\/wp\/v2\/posts"}],"about":[{"href":"https:\/\/www.europesays.com\/no\/wp-json\/wp\/v2\/types\/post"}],"author":[{"embeddable":true,"href":"https:\/\/www.europesays.com\/no\/wp-json\/wp\/v2\/users\/2"}],"replies":[{"embeddable":true,"href":"https:\/\/www.europesays.com\/no\/wp-json\/wp\/v2\/comments?post=50791"}],"version-history":[{"count":0,"href":"https:\/\/www.europesays.com\/no\/wp-json\/wp\/v2\/posts\/50791\/revisions"}],"wp:featuredmedia":[{"embeddable":true,"href":"https:\/\/www.europesays.com\/no\/wp-json\/wp\/v2\/media\/50792"}],"wp:attachment":[{"href":"https:\/\/www.europesays.com\/no\/wp-json\/wp\/v2\/media?parent=50791"}],"wp:term":[{"taxonomy":"category","embeddable":true,"href":"https:\/\/www.europesays.com\/no\/wp-json\/wp\/v2\/categories?post=50791"},{"taxonomy":"post_tag","embeddable":true,"href":"https:\/\/www.europesays.com\/no\/wp-json\/wp\/v2\/tags?post=50791"}],"curies":[{"name":"wp","href":"https:\/\/api.w.org\/{rel}","templated":true}]}}