{"id":50805,"date":"2025-10-02T08:49:10","date_gmt":"2025-10-02T08:49:10","guid":{"rendered":"https:\/\/www.europesays.com\/no\/50805\/"},"modified":"2025-10-02T08:49:10","modified_gmt":"2025-10-02T08:49:10","slug":"leah-behn-pa-flyttefot-jeg-kommer-til-a-savne-det","status":"publish","type":"post","link":"https:\/\/www.europesays.com\/no\/50805\/","title":{"rendered":"Leah Behn p\u00e5 flyttefot: &#8211; Jeg kommer til \u00e5 savne det"},"content":{"rendered":"<p class=\"kicker \" style=\"\">Leah Behn:<\/p>\n<p>  Prinsessedatteren innleder et nytt kapittel, og r\u00f8per samtidig hvor hun skal oppholde seg midlertidig.\u00a0<\/p>\n<p>\n    FLYTTER: Leah Behn skal flytte ut av sin f\u00f8rste leilighet. Foto: Shad Madian\/Se og H\u00f8r\n  <\/p>\n<p>I september i fjor r\u00f8pet <a href=\"https:\/\/www.seher.no\/kongelig\/flyttet-hjemmefra\/81901138\" rel=\"nofollow noopener\" target=\"_blank\">Leah Behn (20)<\/a> at hun hadde tatt sine f\u00f8rste steg ut i voksenlivet og\u00a0flyttet ut av jenterommet hos prinsesse M\u00e4rtha Louise (54) i B\u00e6rum. <\/p>\n<p>&#8211; Jeg vet liksom ikke hvordan jeg skal fortelle nyheten, men p\u00e5 et punkt m\u00e5 jeg gj\u00f8re det. Jeg har i hvert fall flyttet ut hjemmefra. S\u00e5 jeg har allerede v\u00e6rt her noen dager, men jeg har f\u00e5tt alt inn og fikset ting, fortalte hun i en video p\u00e5 Snapchat, mens hun sto i den nye leiligheten sin.<\/p>\n<p>    <a itemprop=\"url\" href=\"https:\/\/www.seher.no\/kjendis\/motes-i-tv-rettssak\/83669671\" rel=\"nofollow noopener\" target=\"_blank\"><\/p>\n<p>      <img loading=\"lazy\" decoding=\"async\" src=\"https:\/\/www.europesays.com\/no\/wp-content\/uploads\/2025\/10\/1759394949_516_83669609.webp\" width=\"980\" height=\"441\" title=\"M\u00f8tes i TV-rettssak\" alt=\"\" class=\"lazyload\" style=\"--aspect-ratio-image: 2.22; \"\/><\/p>\n<p>        M\u00f8tes i TV-rettssak<\/p>\n<p>    <\/a><\/p>\n<p>N\u00e5, ett \u00e5r senere, r\u00f8per Behn at hun skal flytte ut av sin f\u00f8rste leilighet. Det gj\u00f8r hun i en video delt p\u00e5 <a href=\"https:\/\/www.tiktok.com\/@notleahhhbeauty\/video\/7556238754399128834?is_from_webapp=1&amp;sender_device=pc&amp;web_id=7556492679057393174\" rel=\"nofollow noopener\" target=\"_blank\">TikTok<\/a>.\u00a0<\/p>\n<p>&#8211; Leieavtalen opph\u00f8rer i den leiligheten jeg bor i n\u00e5, og de siste fire dagene har jeg pakket og innsett hvor mye ting jeg har, herregud! Jeg bor i fjerde etasje og det er mye \u00e5 b\u00e6re opp og ned, forteller Behn innledningsvis.<\/p>\n<p>          <img loading=\"lazy\" decoding=\"async\" src=\"https:\/\/www.europesays.com\/no\/wp-content\/uploads\/2025\/10\/83670632.webp\" width=\"980\" height=\"559\" title=\"POWERWOMEN: Leah Isadora Behn med Maud Angelica, Emma Tallulah, prinsesse M\u00e4rtha Louise og Shaman Durek Verett. Foto: Andreas Fadum\" alt=\"\" class=\"\" style=\"--aspect-ratio-image: 1.75; \"\/><\/p>\n<p>\n          POWERWOMEN: Leah Isadora Behn med Maud Angelica, Emma Tallulah, prinsesse M\u00e4rtha Louise og Shaman Durek Verett. Foto: Andreas Fadum\n      <\/p>\n<p>Influenseren er n\u00e5 p\u00e5 leilighetsjakt og i mellomtiden skal hun bo hos s\u00f8steren sin, som etter alt \u00e5 d\u00f8mme er stores\u00f8ster Maud Angelica (22).<\/p>\n<p>&#8211; Jeg vet ikke hvor jeg skal flytte, s\u00e5 jeg skal bo hos s\u00f8steren min midlertidig. Jeg ser etter en ny leilighet \u00e5 flytte inn i for \u00e5 l\u00f8se denne bosituasjonen, forteller hun videre.\u00a0<\/p>\n<p>          <img loading=\"lazy\" decoding=\"async\" src=\"https:\/\/www.europesays.com\/no\/wp-content\/uploads\/2025\/10\/83669985.webp\" width=\"686\" height=\"995\" title=\"NYINNFLYTTET: Influenseren delte et bildedryss da hun tok over leiligheten hun n\u00e5 skal flytte fra. Foto: Skjermdump fra Snapchat\/@leahbehn\" alt=\"\" class=\"\" style=\"--aspect-ratio-image: 0.69; \"\/><\/p>\n<p>\n          NYINNFLYTTET: Influenseren delte et bildedryss da hun tok over leiligheten hun n\u00e5 skal flytte fra. Foto: Skjermdump fra Snapchat\/@leahbehn\n      <\/p>\n<p>Behn legger ikke skjul p\u00e5 at det er vemodig \u00e5 forlate leiligheten som hun har bodd i det siste \u00e5ret. Hun forklarer at planen opprinngelig var \u00e5 flytte ut i juli, men at hun valgte \u00e5 forlenge leieavtalen til n\u00e5.\u00a0<\/p>\n<p>        SKJULT: Leah Behn og Trygve Bennetsen valgte \u00e5 lyve for de andre deltakerne i \u00abForr\u00e6der\u00bb. Video: TV 2\/ R\u00f8d L\u00f8per<\/p>\n<p>&#8211; Jeg er litt lei meg fordi dette er den f\u00f8rste leiligheten jeg flyttet inn i etter at jeg flyttet hjemmefra. Jeg har bodd her i over ett \u00e5r, og det er s\u00e5 mye som har skjedd p\u00e5 den tiden. Jeg er ganske emosjonell faktisk. Det er s\u00e5 mange minner her og jeg f\u00f8lte meg s\u00e5 trygg. Det er uvirkelig \u00e5 flytte ut av min f\u00f8rste leilighet, sier hun, og legger til:<\/p>\n<p>&#8211; Jeg kommer til \u00e5 savne det, og jeg er s\u00e5 lei meg for at jeg ikke har et nytt sted \u00e5 flytte til.\u00a0<\/p>\n<p>    <a itemprop=\"url\" href=\"https:\/\/www.seher.no\/kjendis\/refses-etter-video-problematisk\/83669009\" rel=\"nofollow noopener\" target=\"_blank\"><\/p>\n<p>      <img loading=\"lazy\" decoding=\"async\" src=\"https:\/\/www.europesays.com\/no\/wp-content\/uploads\/2025\/10\/83668772.webp\" width=\"980\" height=\"441\" title=\"Refs etter burka-video\" alt=\"\" class=\"lazyload\" style=\"--aspect-ratio-image: 2.22; \"\/><\/p>\n<p>        Refs etter burka-video<\/p>\n<p>    <\/a><\/p>\n<p> De siste \u00e5rene har vi f\u00e5tt se mer og mer av prinsesse M\u00e4rtha Louises barn &#8211; spesielt den mellomste datteren som har sl\u00e5tt seg opp som b\u00e5de\u00a0 influenser og realityprofil. I disse dager er Leah aktuell som deltaker i den <a href=\"https:\/\/www.seher.no\/kjendis\/ville-holde-det-skjult\/83569671\" rel=\"nofollow noopener\" target=\"_blank\">nyeste sesongen av\u00a0\u00abForr\u00e6der\u00bb<\/a>.\u00a0<\/p>\n<p class=\"italic m-italic\" data-lab-italic=\"italic\">Se og H\u00f8r har fors\u00f8kt \u00e5 f\u00e5 en kommentar fra Leah Behn, forel\u00f8pig uten hell.\u00a0<\/p>\n<p><script async src=\"\/\/www.tiktok.com\/embed.js\"><\/script><\/p>\n","protected":false},"excerpt":{"rendered":"Leah Behn: Prinsessedatteren innleder et nytt kapittel, og r\u00f8per samtidig hvor hun skal oppholde seg midlertidig.\u00a0 FLYTTER: Leah&hellip;\n","protected":false},"author":2,"featured_media":50806,"comment_status":"","ping_status":"","sticky":false,"template":"","format":"standard","meta":{"footnotes":""},"categories":[58],"tags":[71,5273,479,2543,4447,5369,30,28,29,72],"class_list":{"0":"post-50805","1":"post","2":"type-post","3":"status-publish","4":"format-standard","5":"has-post-thumbnail","7":"category-underholdning","8":"tag-entertainment","9":"tag-flytter","10":"tag-kjendis","11":"tag-kjendisdesken","12":"tag-leah-behn","13":"tag-leilighet","14":"tag-no","15":"tag-norge","16":"tag-norway","17":"tag-underholdning"},"share_on_mastodon":{"url":"","error":""},"_links":{"self":[{"href":"https:\/\/www.europesays.com\/no\/wp-json\/wp\/v2\/posts\/50805","targetHints":{"allow":["GET"]}}],"collection":[{"href":"https:\/\/www.europesays.com\/no\/wp-json\/wp\/v2\/posts"}],"about":[{"href":"https:\/\/www.europesays.com\/no\/wp-json\/wp\/v2\/types\/post"}],"author":[{"embeddable":true,"href":"https:\/\/www.europesays.com\/no\/wp-json\/wp\/v2\/users\/2"}],"replies":[{"embeddable":true,"href":"https:\/\/www.europesays.com\/no\/wp-json\/wp\/v2\/comments?post=50805"}],"version-history":[{"count":0,"href":"https:\/\/www.europesays.com\/no\/wp-json\/wp\/v2\/posts\/50805\/revisions"}],"wp:featuredmedia":[{"embeddable":true,"href":"https:\/\/www.europesays.com\/no\/wp-json\/wp\/v2\/media\/50806"}],"wp:attachment":[{"href":"https:\/\/www.europesays.com\/no\/wp-json\/wp\/v2\/media?parent=50805"}],"wp:term":[{"taxonomy":"category","embeddable":true,"href":"https:\/\/www.europesays.com\/no\/wp-json\/wp\/v2\/categories?post=50805"},{"taxonomy":"post_tag","embeddable":true,"href":"https:\/\/www.europesays.com\/no\/wp-json\/wp\/v2\/tags?post=50805"}],"curies":[{"name":"wp","href":"https:\/\/api.w.org\/{rel}","templated":true}]}}