{"id":50809,"date":"2025-10-02T08:52:09","date_gmt":"2025-10-02T08:52:09","guid":{"rendered":"https:\/\/www.europesays.com\/no\/50809\/"},"modified":"2025-10-02T08:52:09","modified_gmt":"2025-10-02T08:52:09","slug":"nytt-prisdryss-til-dagbladet","status":"publish","type":"post","link":"https:\/\/www.europesays.com\/no\/50809\/","title":{"rendered":"Nytt prisdryss til Dagbladet"},"content":{"rendered":"<p class=\"kicker color_mobile_no_bg_color\" style=\"\">w3 Awards<\/p>\n<p>  To Dagblad-prosjekter hedres med priser i internasjonal konkurranse.\u00a0<\/p>\n<p>\n    PRISBEL\u00d8NT: Nina Hansen, Bernt Jakob Oksnes, Caroline Drevelin, Siri Gedde-Dahl og Ola Str\u00f8mman sto bak \u00abDe d\u00f8de alene\u00bb. N\u00e5 har prosjektet hentet hjem to nye priser. Foto: Lars Eivind Bones \/ Dagbladet\n  <\/p>\n<p>Dagbladets kvalitetsjournalistikk fortsetter \u00e5 gj\u00f8re seg bemerket p\u00e5 den internasjonale scenen. N\u00e5 hedres avisa med to priser i <a href=\"https:\/\/www.w3award.com\/winners\/gallery\/?event=1092\" rel=\"nofollow noopener\" target=\"_blank\">w3 Awards<\/a>.<\/p>\n<p>Det er graveprosjektene \u00ab<a href=\"https:\/\/www.dagbladet.no\/spesial\/emely-paa-benken\" rel=\"nofollow noopener\" target=\"_blank\">Emely p\u00e5 benken<\/a>\u00bb og \u00ab<a href=\"https:\/\/www.dagbladet.no\/spesial\/de-dode-alene\" rel=\"nofollow noopener\" target=\"_blank\">De d\u00f8de alene<\/a>\u00bb som n\u00e5 anerkjennes &#8211; i hard konkurranse med en rekke av verdens fremste medier og selskaper.<\/p>\n<p class=\"font-weight-bold m-font-weight-bold\" data-lab-font_weight=\"font-weight-bold\">Begge prosjektene fikk s\u00f8lv i kategorien <a href=\"https:\/\/www.w3award.com\/winners\/gallery\/?event=1092&amp;type=54&amp;search=best%20editorial%20experience\" rel=\"nofollow noopener\" target=\"_blank\">beste redaksjonelle opplevelse<\/a>.<\/p>\n<p>&#8211; Viktig anerkjennelse\t<\/p>\n<p>&#8211; Dette er nok en viktig anerkjennelse av Dagbladets unike journalistikk, sier konstituert sjefredakt\u00f8r redakt\u00f8r, Mads A. Andersen.\u00a0<\/p>\n<p>&#8211; Dagbladet har de siste \u00e5ra investert i flere store graveprosjekter, som har vunnet en rekke priser b\u00e5de i Norge og utlandet. Vi er glade for at den viktige journalistikken vi lager f\u00e5r gjennomslag og konsekvenser. Da er det gledelig at den ogs\u00e5 h\u00f8ster anerkjennelse internasjonalt, sier han.\u00a0\u00a0<\/p>\n<p class=\"font-weight-bold m-font-weight-bold\" data-lab-font_weight=\"font-weight-bold\">w3 Awards er en velrennomert internasjonal pris.\u00a0<\/p>\n<p>Den er <a href=\"https:\/\/www.w3award.com\/about\/\" rel=\"nofollow noopener\" target=\"_blank\">godkjent av Academy of Interactive and Visual Arts (AIVA)<\/a>, en forsamling av over 500 bransjeledere fra anerkjente selskaper, institusjoner og byr\u00e5er som Microsoft, McCANN, Netflix, Havas, New York University, The Walt Disney Company, Work &amp; Co, National Gallery of Art og flere.<\/p>\n<p class=\"font-weight-bold m-font-weight-bold\" data-lab-font_weight=\"font-weight-bold\">Blant de andre prisvinnerne i \u00e5r finnes store akt\u00f8rer som USA Today, Paramount, ESPN Films og Bank of America.\u00a0<\/p>\n<p>Avdekket svikt\t<\/p>\n<p>Dagbladet har de siste \u00e5ra f\u00e5tt en lang rekke priser og utmerkelser for avisas gravejournalistikk, ogs\u00e5 for de to prosjektene som hedres denne gangen.\u00a0<\/p>\n<p>\u00abDe d\u00f8de alene\u00bb har tidligere blitt k\u00e5ret til \u00c5rets nasjonale historie under Nordiske mediedager i mai. Prosjektet fikk ogs\u00e5 hederlig omtale i <a href=\"https:\/\/www.dagbladet.no\/nyheter\/dagbladet-nominert-til-internasjonal-prestisjepris\/82910504\" rel=\"nofollow noopener\" target=\"_blank\">\u00e5rets Webby Awards<\/a>, som omtales som \u00abinternetts Oscar\u00bb.\u00a0<\/p>\n<p>\u00abDe d\u00f8de alene\u00bb handler om personer som er blitt liggende d\u00f8de alene i uker og m\u00e5neder. Artikkelserien tar for seg en rekke enkeltskjebner.\u00a0<\/p>\n<p>I tillegg har Dagbladet laget en database der leserne kan finne de fleste av dem som har blitt liggende d\u00f8de alene tre uker eller mer de siste fem \u00e5ra.\u00a0<\/p>\n<p class=\"font-weight-bold m-font-weight-bold\" data-lab-font_weight=\"font-weight-bold\">146.000 d\u00f8dsannonser er skrapet for \u00e5 finne dem som har ligget lenge.<\/p>\n<p>\u00abHull\u00bb i verferdsstaten\t<\/p>\n<p class=\"font-weight-normal m-font-weight-normal\" data-lab-font_weight=\"font-weight-normal\">&#8211; V\u00e5re journalister har et brennende hjerte for det vi liker \u00e5 omtale som samfunnsoppdraget v\u00e5rt, nemlig \u00e5 v\u00e6re de svakestes stemme i m\u00f8te med makta. Prosjekter som dette, som drives gjennom med svette og t\u00e5rer, er selve essensen av det vi er som avis, sier redaksjonssjef for nyhetsavdelingen, John Rasmussen.\u00a0<\/p>\n<p class=\"font-weight-bold m-font-weight-bold\" data-lab-font_weight=\"font-weight-bold\">Serien har pekt p\u00e5 en rekke \u00abhull\u00bb i velferdsstaten &#8211; hvordan de uten p\u00e5r\u00f8rende, og som selv ikke ber om hjelp, blir sviktet av samfunnet.\u00a0<\/p>\n<p class=\"font-weight-normal m-font-weight-normal\" data-lab-font_weight=\"font-weight-normal\">Blant dem som p\u00e5peker det er direkt\u00f8ren for Helsetilsynet, Sjur Lehmann, og jussprofessor Henriette Sinding Aasen. Sistnevnte mener praksisen, der folk blir liggende d\u00f8de alene i lang tid, kan v\u00e6re i strid b\u00e5de med norsk og internasjonal lov.<\/p>\n<p>Bak \u00abDe d\u00f8r alene\u00bb st\u00e5r Bernt Jakob Oksnes, Caroline Drefvelin, Ola Str\u00f8mman og Siri Gedde-Dahl. Tore Meek har hatt ansvar for design, mens H\u00e5vard Bj\u00f8rnerem har bidratt med videografikk.<\/p>\n<p>Prisbel\u00f8nt mobbeserie\t<\/p>\n<p>Ogs\u00e5 prosjektet \u00abEmely p\u00e5 benken\u00bb fikk stor oppmerksomhet etter publisering i 2023.\u00a0<\/p>\n<p class=\"font-weight-bold m-font-weight-bold\" data-lab-font_weight=\"font-weight-bold\">Emely Frantzen tok sitt eget etter \u00e5 ha fortalt om omfattende mobbing. Hun ble bare 12 \u00e5r.\u00a0<\/p>\n<p>Artikkelen var en del av Dagbladets omfattende graveprosjekt om mobbing.\u00a0<\/p>\n<p> Silje Henningsen F\u00f8rsund, Caroline Drefvelin, Ola Str\u00f8mman, Jorunn Gaarder, \u00d8istein Norum Monsen og Siri Gedde-Dahl sto bak prosjektet, mens blant andre Tore Meek hadde design.\u00a0<\/p>\n<p>          <img loading=\"lazy\" decoding=\"async\" src=\"https:\/\/www.europesays.com\/no\/wp-content\/uploads\/2025\/10\/83668157.webp\" width=\"980\" height=\"559\" title=\"\u00c5RETS NAVN: Bengt og Monica Frantzen (i midten), foreldrene til avd\u00f8de Emely (12), ble k\u00e5ret til \u00e5rets navn i Dagbladet. Her sammen med Dagbladets reportere Siri Gedde-Dahl (f.v.), Silje F\u00f8rsund Ola Str\u00f8mman, \u00d8istein Monsen, Jorunn Gaarder og Caroline Drefvelin. Foto: Lars Eivind Bones \/ Dagbladet\" alt=\"\" class=\"\" style=\"--aspect-ratio-image: 1.75; \"\/><\/p>\n<p>\n          \u00c5RETS NAVN: Bengt og Monica Frantzen (i midten), foreldrene til avd\u00f8de Emely (12), ble k\u00e5ret til \u00e5rets navn i Dagbladet. Her sammen med Dagbladets reportere Siri Gedde-Dahl (f.v.), Silje F\u00f8rsund Ola Str\u00f8mman, \u00d8istein Monsen, Jorunn Gaarder og Caroline Drefvelin. Foto: Lars Eivind Bones \/ Dagbladet\n      <\/p>\n<p>&#8211; Jeg er stolt over og glad for at viktige arbeider blir premiert. Begge saker dreier seg om svake grupper i samfunnet som det er viktig \u00e5 l\u00f8fte fram. Det har Dagbladet gjort her, sier Siri Gedde-Dahl.\u00a0<\/p>\n<p>Prosjektet var ogs\u00e5 en av de utvalgte finalistene til anerkjente Lovie Awards i kategorien beste redaksjonelle tekst, og var blant annet nominert til en INMA-pris i kategorien beste bruk av print.\u00a0\u00a0<\/p>\n<p>Emelys foreldre, Monica og Bengt Franzen, <a href=\"https:\/\/www.dagbladet.no\/nyheter\/emely-skulle-ha-fatt-opplevd-dette-1\/80717021\" rel=\"nofollow noopener\" target=\"_blank\">ble ogs\u00e5 k\u00e5ret til \u00c5rets navn<\/a> av Dagbladet og avisas lesere i desember 2023.\u00a0<\/p>\n<p>        Emely Frantzen (12) tok sitt eget liv tidligere i \u00e5r, etter \u00e5 ha fortalt om omfattende mobbing. Foreldrene hennes, Monica og Bengt Frantzen, har v\u00e6rt \u00e5pne om sitt livs tragedie og kastet seg inn i kampen for lovendringer. De er k\u00e5ret til \u00c5rets navn i Dagbladet. Video: \u00d8ystein S\u00e6thre \/ Dagbladet<\/p>\n","protected":false},"excerpt":{"rendered":"w3 Awards To Dagblad-prosjekter hedres med priser i internasjonal konkurranse.\u00a0 PRISBEL\u00d8NT: Nina Hansen, Bernt Jakob Oksnes, Caroline Drevelin,&hellip;\n","protected":false},"author":2,"featured_media":50810,"comment_status":"","ping_status":"","sticky":false,"template":"","format":"standard","meta":{"footnotes":""},"categories":[12],"tags":[20,21,6578,24,25,15,2539,22,23,13,30,28,29,14,16,26,27,42,43,44,45],"class_list":{"0":"post-50809","1":"post","2":"type-post","3":"status-publish","4":"format-standard","5":"has-post-thumbnail","7":"category-verden","8":"tag-breaking-news","9":"tag-breakingnews","10":"tag-dagbladet","11":"tag-featured-news","12":"tag-featurednews","13":"tag-headlines","14":"tag-innenriks","15":"tag-latest-news","16":"tag-latestnews","17":"tag-news","18":"tag-no","19":"tag-norge","20":"tag-norway","21":"tag-nyheter","22":"tag-overskrifter","23":"tag-top-stories","24":"tag-topstories","25":"tag-verden","26":"tag-world","27":"tag-world-news","28":"tag-worldnews"},"share_on_mastodon":{"url":"","error":""},"_links":{"self":[{"href":"https:\/\/www.europesays.com\/no\/wp-json\/wp\/v2\/posts\/50809","targetHints":{"allow":["GET"]}}],"collection":[{"href":"https:\/\/www.europesays.com\/no\/wp-json\/wp\/v2\/posts"}],"about":[{"href":"https:\/\/www.europesays.com\/no\/wp-json\/wp\/v2\/types\/post"}],"author":[{"embeddable":true,"href":"https:\/\/www.europesays.com\/no\/wp-json\/wp\/v2\/users\/2"}],"replies":[{"embeddable":true,"href":"https:\/\/www.europesays.com\/no\/wp-json\/wp\/v2\/comments?post=50809"}],"version-history":[{"count":0,"href":"https:\/\/www.europesays.com\/no\/wp-json\/wp\/v2\/posts\/50809\/revisions"}],"wp:featuredmedia":[{"embeddable":true,"href":"https:\/\/www.europesays.com\/no\/wp-json\/wp\/v2\/media\/50810"}],"wp:attachment":[{"href":"https:\/\/www.europesays.com\/no\/wp-json\/wp\/v2\/media?parent=50809"}],"wp:term":[{"taxonomy":"category","embeddable":true,"href":"https:\/\/www.europesays.com\/no\/wp-json\/wp\/v2\/categories?post=50809"},{"taxonomy":"post_tag","embeddable":true,"href":"https:\/\/www.europesays.com\/no\/wp-json\/wp\/v2\/tags?post=50809"}],"curies":[{"name":"wp","href":"https:\/\/api.w.org\/{rel}","templated":true}]}}