{"id":5081,"date":"2025-08-11T14:00:09","date_gmt":"2025-08-11T14:00:09","guid":{"rendered":"https:\/\/www.europesays.com\/no\/5081\/"},"modified":"2025-08-11T14:00:09","modified_gmt":"2025-08-11T14:00:09","slug":"israelske-planer-kan-ende-i-en-katastrofe","status":"publish","type":"post","link":"https:\/\/www.europesays.com\/no\/5081\/","title":{"rendered":"Israelske planer kan ende i en katastrofe"},"content":{"rendered":"\n<p class=\"_lead_1bvmi_2 _lead_xtcu6_50 layout-component text-serif-m layout-normal text-serif-l layout-component layout-normal layout-padded layout-padded\">Benjamin Netanyahu mener \u00e5penbart at det som Israel hittil ikke har klart med vold, skal kunne gjennomf\u00f8res med enda mer vold.<\/p>\n<p>Skriver om krigen i Ukraina, sjakk, Formel 1, idrettspolitikk, m.m.. Utdannet ved NMBU og Moskvas statsuniversitet. Hobbybonde.<\/p>\n<p><a href=\"https:\/\/www.vg.no\/nyheter\/i\/lwdKWk\/mailto:ole.kristian.strom@vg.no\" class=\"_button_6bkpv_2 button-label-large _filled_6bkpv_106 _button_43ilh_75\" rel=\"nofollow noopener\" target=\"_blank\">E-post<\/a><img alt=\"Palestinere sitter p\u00e5 taket av en bil i Gaza by fredag. Foto: BASHAR TALEB \/ AFP \/ NTB\" class=\"_image_qp4xg_65 layout-component layout-wide\" data-fullscreen- data-track-element-type=\"Article image fullscreen\" data-track-name=\"ImageFullscreen\" fetchpriority=\"high\" decoding=\"sync\" loading=\"eager\" height=\"3345\" itemprop=\"image\"  src=\"https:\/\/www.europesays.com\/no\/wp-content\/uploads\/2025\/08\/5f02c07d-0517-4050-af28-422b8c22011b\"  style=\"object-position:0% 0%\" width=\"5018\"\/>Palestinere sitter p\u00e5 taket av en bil i Gaza by fredag. Foto: BASHAR TALEB \/ AFP \/ NTBMandag 11. august kl. 15:02     <\/p>\n<p class=\"_paragraph_1bvmi_4 _paragraph_xtcu6_10 layout-component text-serif-m layout-normal text-serif-m layout-padded\">Samtidig viser terrororganisasjonen Hamas ingen tegn til \u00e5 tenke p\u00e5 de sivile palestinerne og deres helvete p\u00e5 <a href=\"https:\/\/www.vg.no\/tag\/gaza?utm_source=vg-article&amp;utm_medium=auto-tagger&amp;utm_campaign=lwdKWk\" class=\"_link_1bvmi_39\" rel=\"nofollow noopener\" target=\"_blank\">Gaza<\/a>.<\/p>\n<p class=\"_paragraph_1bvmi_4 _paragraph_xtcu6_10 layout-component text-serif-m layout-normal text-serif-m layout-padded\">De befinner seg i en prek\u00e6r situasjon der mer enn 100 barn er d\u00f8de av sult, og mange blir drept i livsfarlige matk\u00f8er.<\/p>\n<ul class=\"_list_1bvmi_3 _list_xtcu6_9 _unordered_1bvmi_99 layout-component text-serif-m layout-normal text-serif-m layout-padded\">\n<li class=\"_item_1bvmi_30\"><strong class=\"_strong_1bvmi_25\">Netanyahu kalte guttens sult \u00abfalsk\u00bb<\/strong>: <a href=\"https:\/\/www.vg.no\/nyheter\/i\/nyz9Jm\/netanyahu-kalte-guttens-sult-falsk-rett-foer-moette-familien-vg\" data-track-element-type=\"Link\" data-track-id=\"link:nyz9Jm\" class=\"_link_1bvmi_39\" rel=\"nofollow noopener\" target=\"_blank\">Rett f\u00f8r m\u00f8tte familien VG.<\/a><\/li>\n<\/ul>\n<p class=\"_paragraph_1bvmi_4 _paragraph_xtcu6_10 layout-component text-serif-m layout-normal text-serif-m layout-padded\">Det israelske sikkerhetskabinettet har bestemt seg for \u00e5 ta full kontroll over Gaza by. Det er en klar eskalering av krigen, som startet med Hamas\u2019 7. oktober-massaker for snart to \u00e5r siden.<\/p>\n<p class=\"_paragraph_1bvmi_4 _paragraph_xtcu6_10 layout-component text-serif-m layout-normal text-serif-m layout-padded\">Netanyahus plan skal opprinnelig ha v\u00e6rt \u00e5 ta kontroll over hele Gaza-stripen, men han m\u00f8tte motb\u00f8r, s\u00e6rlig hos den \u00f8verste generalen. Avgj\u00f8relsen om \u00e5 ta Gaza by i f\u00f8rste omgang er trolig et kompromiss der det kan bli aktuelt \u00e5 ta mer etter hvert.<\/p>\n<p class=\"_paragraph_1bvmi_4 _paragraph_xtcu6_10 layout-component text-serif-m layout-normal text-serif-m layout-padded\">Dette betyr at de siviles lidelser trolig vil fortsette i lang tid fremover.<\/p>\n<p class=\"_paragraph_1bvmi_4 _paragraph_xtcu6_10 layout-component text-serif-m layout-normal text-serif-m layout-padded\">Planen er \u00e5 avv\u00e6pne Hamas, retur av alle gisler \u2013 levende og d\u00f8de, israelsk kontroll over sikkerheten p\u00e5 Gaza og at en alternativ palestinsk myndighet skal overta &#8211; som ikke er verken Hamas eller de palestinske selvstyremyndighetene, som styrer p\u00e5 Vestbredden.<\/p>\n<p class=\"_paragraph_1bvmi_4 _paragraph_xtcu6_10 layout-component text-serif-m layout-normal text-serif-m layout-padded\">Statsminister Netanyahu ser tilsynelatende bort fra at dette kan ende med en katastrofe ogs\u00e5 for Israel og ham selv:<\/p>\n<ul class=\"_list_1bvmi_3 _list_xtcu6_9 _unordered_1bvmi_99 layout-component text-serif-m layout-normal text-serif-m layout-padded\">\n<li class=\"_item_1bvmi_30\">De 20 gjenlevende israelske gislene kan komme til \u00e5 d\u00f8. Deres slektninger i harnisk over planen og kaller det en \u00abd\u00f8dsdom\u00bbfor deres kj\u00e6re.<\/li>\n<li class=\"_item_1bvmi_30\">Israelske soldater kan komme hjem i kister, fordi Hamas kan gj\u00f8re Gaza til en d\u00f8dsfelle med bakhold, veibomber og krypskyttere.<\/li>\n<\/ul>\n<p class=\"_paragraph_1bvmi_4 _paragraph_xtcu6_10 layout-component text-serif-m layout-normal text-serif-m layout-padded\">Hamas har g\u00e5tt ut med en uttalelse om at den israelske h\u00e6ren vil betale \u00aben h\u00f8y pris\u00bb.<\/p>\n<p class=\"_paragraph_1bvmi_4 _paragraph_xtcu6_10 layout-component text-serif-m layout-normal text-serif-m layout-padded\">Palestinerne skal etter planen tvangsflyttes ut av Gaza by f\u00f8rst. Omtrent en million av dem bor p\u00e5 den delen av Gaza som Israel n\u00e5 vil ta over. Det er en sterk motvilje fra palestinerne om \u00e5 flytte enda en gang. Parolen er \u00abNabqa!\u00bb. \u00abVi blir\u00bb. Hva skal \u00abBibi\u00bb gj\u00f8re om de ikke flykter frivillig? Drepe enda flere?<\/p>\n<p class=\"_paragraph_1bvmi_4 _paragraph_xtcu6_10 layout-component text-serif-m layout-normal text-serif-m layout-padded\">Det antas ogs\u00e5 at mange av de israelske gislene befinner seg her. Hamas har mistet kontrollen over store deler av Gaza-stripen, men i Gaza by skal de fortsatt st\u00e5 sterkt og ha mange tuneller og v\u00e5pendepoter. <\/p>\n<p class=\"_paragraph_1bvmi_4 _paragraph_xtcu6_10 layout-component text-serif-m layout-normal text-serif-m layout-padded\">S\u00f8ndag ble den profilerte Al Jazeera-journalisten Anas al-Sharif og fire andre mediefolk drept i et trolig m\u00e5lrettet angrep i Gaza by. Israel hevder at han ledet en Hamas-celle, men har ikke lagt frem bevis for det.<\/p>\n<p class=\"_paragraph_1bvmi_4 _paragraph_xtcu6_10 layout-component text-serif-m layout-normal text-serif-m layout-padded\">Netanyahu snakker om at en udefinert \u00abarabisk styrke\u00bb skal overta sikkerheten p\u00e5 Gaza etter dem. Hva det inneb\u00e6rer, er helt uklart. Vil noen arabiske land v\u00e6re med p\u00e5 dette? Vil de v\u00e6re med hvis ikke Israel sier ja til \u00e5 opprette en palestinsk stat? Og vil de v\u00e6re villige til \u00e5 krige mot Hamas, om de ikke er fullstendig knust?<\/p>\n<p class=\"_paragraph_1bvmi_4 _paragraph_xtcu6_10 layout-component text-serif-m layout-normal text-serif-m layout-padded\">Men f\u00f8rst skal Israel alts\u00e5 ta kontroll over Gaza by, i strid med alle spilleregler. Den internasjonale ford\u00f8mmelsen er enstemmig. Selv den tyske kansleren Friedrich Merz stopper all eksport av milit\u00e6rt utstyr til Israel for bruk p\u00e5 Gaza.<\/p>\n<p class=\"_paragraph_1bvmi_4 _paragraph_xtcu6_10 layout-component text-serif-m layout-normal text-serif-m layout-padded\">Operasjonen vil trolig koste mange nye sivile palestinske liv. Det opptar tilsynelatende verken den israelske regjeringen eller terrororganisasjonen Hamas.<\/p>\n<p class=\"_paragraph_1bvmi_4 _paragraph_xtcu6_10 layout-component text-serif-m layout-normal text-serif-m layout-padded\">Det som trengs er f\u00f8rst og fremst en v\u00e5penhvile og at nok mat og medisiner kommer inn i Gaza. Samtidig b\u00f8r Hamas innse at de ikke har noen rolle i et fremtidig Gaza, som skal bygges opp igjen etter de israelske herjingene. De burde legge ned v\u00e5pnene og overlate styringen til andre palestinske krefter &#8211; men ingenting tyder p\u00e5 at det vil skje. Selv om motstanden mot Hamas er stor blant mange palestinere, gir den israelske krigf\u00f8ringen ogs\u00e5 grunnlag for \u00e5 rekruttere nye soldater.<\/p>\n<p><img alt=\"Foto: Ebrahim Hajjaj \/ Reuters \/ NTB\" class=\"_image_qp4xg_65 layout-component layout-normal\" data-fullscreen- data-track-element-type=\"Article image fullscreen\" data-track-name=\"ImageFullscreen\" decoding=\"async\" loading=\"lazy\" height=\"3545\" itemprop=\"image\"  src=\"https:\/\/www.europesays.com\/no\/wp-content\/uploads\/2025\/08\/aaa2f087-234d-43dd-aa57-0f66b442b1f3\"  style=\"object-position:0% 0%\" width=\"5316\"\/>Foto: Ebrahim Hajjaj \/ Reuters \/ NTB<\/p>\n<p class=\"_paragraph_1bvmi_4 _paragraph_xtcu6_10 layout-component text-serif-m layout-normal text-serif-m layout-padded\">De siviles fortvilelse ble godt uttrykt av Redd Barnas Gunvor Knag Fylkesnes hos NRK:<\/p>\n<p class=\"_paragraph_1bvmi_4 _paragraph_xtcu6_10 layout-component text-serif-m layout-normal text-serif-m layout-padded\">\u2013 Barna som kommer inn p\u00e5 v\u00e5re helseklinikker er s\u00e5 syke og svake at de ikke en gang har krefter til \u00e5 gr\u00e5te.<\/p>\n<p>      Dette er en kommentar. Kommentaren gir uttrykk for skribentens holdning. <\/p>\n","protected":false},"excerpt":{"rendered":"Benjamin Netanyahu mener \u00e5penbart at det som Israel hittil ikke har klart med vold, skal kunne gjennomf\u00f8res med&hellip;\n","protected":false},"author":2,"featured_media":5082,"comment_status":"","ping_status":"","sticky":false,"template":"","format":"standard","meta":{"footnotes":""},"categories":[5],"tags":[20,21,24,25,53,566,15,19,52,22,23,17,18,411,13,30,28,29,14,16,26,27,103],"class_list":{"0":"post-5081","1":"post","2":"type-post","3":"status-publish","4":"format-standard","5":"has-post-thumbnail","7":"category-overskrifter","8":"tag-breaking-news","9":"tag-breakingnews","10":"tag-featured-news","11":"tag-featurednews","12":"tag-gaza","13":"tag-hamas","14":"tag-headlines","15":"tag-hovedoppslag","16":"tag-israel","17":"tag-latest-news","18":"tag-latestnews","19":"tag-main-news","20":"tag-mainnews","21":"tag-midtosten","22":"tag-news","23":"tag-no","24":"tag-norge","25":"tag-norway","26":"tag-nyheter","27":"tag-overskrifter","28":"tag-top-stories","29":"tag-topstories","30":"tag-vgmeninger"},"share_on_mastodon":{"url":"","error":""},"_links":{"self":[{"href":"https:\/\/www.europesays.com\/no\/wp-json\/wp\/v2\/posts\/5081","targetHints":{"allow":["GET"]}}],"collection":[{"href":"https:\/\/www.europesays.com\/no\/wp-json\/wp\/v2\/posts"}],"about":[{"href":"https:\/\/www.europesays.com\/no\/wp-json\/wp\/v2\/types\/post"}],"author":[{"embeddable":true,"href":"https:\/\/www.europesays.com\/no\/wp-json\/wp\/v2\/users\/2"}],"replies":[{"embeddable":true,"href":"https:\/\/www.europesays.com\/no\/wp-json\/wp\/v2\/comments?post=5081"}],"version-history":[{"count":0,"href":"https:\/\/www.europesays.com\/no\/wp-json\/wp\/v2\/posts\/5081\/revisions"}],"wp:featuredmedia":[{"embeddable":true,"href":"https:\/\/www.europesays.com\/no\/wp-json\/wp\/v2\/media\/5082"}],"wp:attachment":[{"href":"https:\/\/www.europesays.com\/no\/wp-json\/wp\/v2\/media?parent=5081"}],"wp:term":[{"taxonomy":"category","embeddable":true,"href":"https:\/\/www.europesays.com\/no\/wp-json\/wp\/v2\/categories?post=5081"},{"taxonomy":"post_tag","embeddable":true,"href":"https:\/\/www.europesays.com\/no\/wp-json\/wp\/v2\/tags?post=5081"}],"curies":[{"name":"wp","href":"https:\/\/api.w.org\/{rel}","templated":true}]}}