{"id":50850,"date":"2025-10-02T09:28:16","date_gmt":"2025-10-02T09:28:16","guid":{"rendered":"https:\/\/www.europesays.com\/no\/50850\/"},"modified":"2025-10-02T09:28:16","modified_gmt":"2025-10-02T09:28:16","slug":"nyhet-krim-fire-gutter-innbrakt-etter-skyteepisode-i-sarpsborg-kobles-til-granatsaken-i-oslo-2","status":"publish","type":"post","link":"https:\/\/www.europesays.com\/no\/50850\/","title":{"rendered":"Nyhet, Krim | Fire gutter innbrakt etter skyteepisode i Sarpsborg \u2013 kobles til granatsaken i Oslo"},"content":{"rendered":"<p> (<a href=\"https:\/\/www.sa.no\" rel=\"nofollow noopener\" target=\"_blank\">Sarpsborg Arbeiderblad<\/a>) <\/p>\n<p>Tirsdag kveld mottok politiet melding om et smell fra et boligomr\u00e5de i Sarpsborg.<\/p>\n<p>Politiet rykket ut til stedet og det ble klart at det ble l\u00f8snet skudd mot et bolighus.<\/p>\n<p>Forskanset seg i boligen<\/p>\n<p>Tre unge gutter ble tatt kontroll p\u00e5 n\u00e6rt bolighuset, og politiet har beslaglagt et v\u00e5pen som de mener skal v\u00e6re brukt i skytingen.<\/p>\n<p>Etter hva SA erfarer var familien som bor i huset hjemme, og skal ha sett tre personer p\u00e5 utsiden kort tid f\u00f8r det smalt.<\/p>\n<p>Et familiemedlem til de som bor i huset forteller til Sarpsborg Arbeiderblad at de da gjemte seg og forskanset seg i boligen.<\/p>\n<p>F\u00f8r politiet kom skal familien ha forlatt huset, f\u00e5r SA opplyst.<\/p>\n<p>Det var <a rel=\"Follow nofollow noopener\" href=\"https:\/\/www.nrk.no\/ostfold\/nrk-erfarer_-tre-gutter-innbrakt-etter-hendelse-i-sarpsborg-_-kobles-til-granatsaken-i-oslo-1.17593133\" target=\"_blank\">NRK<\/a> som omtalte saken f\u00f8rst.<\/p>\n<p>   <img decoding=\"async\" width=\"2047\" height=\"1535\" fetchpriority=\"low\"  loading=\"lazy\"  src=\"https:\/\/www.europesays.com\/no\/wp-content\/uploads\/2025\/10\/983fac18-82f6-44e5-9b34-6dc8cb352129.jpeg\" alt=\"\" class=\"brick-c-cFOWSL\" style=\"--brick-image-ratio: 2047 \/ 1535;\"\/><\/p>\n<p>    Politiet har sperret av et bolighus det skal ha blitt skutt mot tirsdag kveld.<br \/>\n    Foto: Tobias Nordli\n  <\/p>\n<p>  \u2013 Trenger trygghet<\/p>\n<p>Guttene som ble tatt innbrakt tirsdag er i alderen 12, 13 og 14 \u00e5r. De tre er p\u00e5grepet i n\u00e6rheten av boligen det er skutt mot. <a href=\"https:\/\/www.aftenposten.no\/norge\/i\/wgwlod\/barn-ned-i-12-aarsalderen-involvert-i-skyting-flere-oppdrag-skal-vaere-bestilt\" rel=\"Follow nofollow noopener\" target=\"_blank\">If\u00f8lge Aftenposten<\/a>, er de n\u00e5 tatt h\u00e5nd om av barnevernet.<\/p>\n<p>En 15-\u00e5ring er ogs\u00e5 p\u00e5grepet onsdag i forbindelse med saken. De skal ikke v\u00e6re fra Sarpsborg, men fra et annet sted p\u00e5 \u00d8stlandet.<\/p>\n<p>Onsdag ble en 15-\u00e5ring p\u00e5grepet. Advokat Sille Heidar er 15-\u00e5ringens forsvarer. Han erkjenner ikke straffskyld, opplyser hun til <a rel=\"noopener nofollow\" href=\"https:\/\/www.tv2.no\/nyheter\/innenriks\/fire-nye-gutter-siktet-etter-skyteepisode\/18151794\/\" target=\"_blank\">TV 2.<\/a><\/p>\n<p>Armin Khoshnewiszadeh i Elden Advokatfirma er forsvarer for 13-\u00e5ringen. Til VG sier han at de har fokus p\u00e5 \u00e5 ivareta ten\u00e5ringen og at han skal f\u00e5 den hjelpen han trenger.<\/p>\n<p>\u2013 Dette handler om et barn som n\u00e5 trenger trygghet, omsorg og st\u00f8tte \u2013 og det f\u00e5r han. Jeg ber om at hans privatliv blir respektert i denne vanskelige situasjonen. Selv om saken har stor offentlig interesse, s\u00e5 er det barn vi har med \u00e5 gj\u00f8re, sier Khoshnewiszadeh til VG.<\/p>\n<p>Granater<\/p>\n<p>I tillegg til ten\u00e5ringene er en mann i 30-\u00e5rene ogs\u00e5 p\u00e5grepet og siktet, opplyser politiadvokat Henrik R\u00e5dal ved en pressebrifing onsdag ettermiddag.<\/p>\n<p>Mannen er siktet for \u00e5 ha hatt to granater politiet mener skulle v\u00e6re brukt i et sprengningsoppdrag i Sarpsborg.<\/p>\n<p>Angrepet ble avverget, og mannen har v\u00e6rt p\u00e5grepet siden 28. september.<\/p>\n<p>Politiet kobler ogs\u00e5 mannen til granatangrepet i Pilestredet i Oslo, og mistenker ham for \u00e5 ha overlevert granatene som er brukt der.<\/p>\n<p>Huset sperret av<\/p>\n<p>Huset er sperret av onsdag ettermiddag og krimteknikere er p\u00e5 stedet.<\/p>\n<p>   <img decoding=\"async\" width=\"2048\" height=\"1536\" fetchpriority=\"low\"  loading=\"lazy\"  src=\"https:\/\/www.europesays.com\/no\/wp-content\/uploads\/2025\/10\/08fff173-03cf-4cfb-945d-8c101bf7290f.jpeg\" alt=\"\" class=\"brick-c-cFOWSL\" style=\"--brick-image-ratio: 2048 \/ 1536;\"\/><\/p>\n<p>    Krimteknikere er p\u00e5 plass ved adressen.<br \/>\n    Foto: Tobias Nordli\n  <\/p>\n<p>Politiet etterforsker om hendelsen kan v\u00e6re tilknyttet det svenske Foxtrot-nettverket.<\/p>\n<p>Naboer p\u00e5 stedet forteller til SA at de m\u00f8tte bev\u00e6pnet politi da de gikk ut for \u00e5 se hva som skjedde.<\/p>\n<p>\u2013 Dette er dramatisk. Jeg gikk rett inn og l\u00e5ste d\u00f8ren, sier en nabo.<\/p>\n<p>  <a href=\"https:\/\/www.ha-halden.no\/5-46-1891992\" class=\"related-teaser has-image default-story-teaser article--c-eRUmMG article--c-eRUmMG-jKCPdD-design-default\" rel=\"nofollow noopener\" target=\"_blank\"><\/p>\n<p>    <img decoding=\"async\" loading=\"lazy\"  src=\"https:\/\/www.europesays.com\/no\/wp-content\/uploads\/2025\/10\/_U0B0850.jpg\" alt=\"\" class=\"brick-c-cFOWSL\" style=\"\"\/><\/p>\n<p>\n            Les ogs\u00e5<\/p>\n<p>              Ordf\u00f8reren er bekymret: \u2013 Ryster oss alle\n        <\/p>\n<p>  <\/a><\/p>\n","protected":false},"excerpt":{"rendered":"(Sarpsborg Arbeiderblad) Tirsdag kveld mottok politiet melding om et smell fra et boligomr\u00e5de i Sarpsborg. Politiet rykket ut&hellip;\n","protected":false},"author":2,"featured_media":50851,"comment_status":"","ping_status":"","sticky":false,"template":"","format":"standard","meta":{"footnotes":""},"categories":[10],"tags":[36,20,21,24,25,15,983,22,23,13,30,28,29,447,14,16,254,1510,26,27],"class_list":{"0":"post-50850","1":"post","2":"type-post","3":"status-publish","4":"format-standard","5":"has-post-thumbnail","7":"category-norge","8":"tag-art","9":"tag-breaking-news","10":"tag-breakingnews","11":"tag-featured-news","12":"tag-featurednews","13":"tag-headlines","14":"tag-krim","15":"tag-latest-news","16":"tag-latestnews","17":"tag-news","18":"tag-no","19":"tag-norge","20":"tag-norway","21":"tag-nyhet","22":"tag-nyheter","23":"tag-overskrifter","24":"tag-politi","25":"tag-story","26":"tag-top-stories","27":"tag-topstories"},"share_on_mastodon":{"url":"","error":""},"_links":{"self":[{"href":"https:\/\/www.europesays.com\/no\/wp-json\/wp\/v2\/posts\/50850","targetHints":{"allow":["GET"]}}],"collection":[{"href":"https:\/\/www.europesays.com\/no\/wp-json\/wp\/v2\/posts"}],"about":[{"href":"https:\/\/www.europesays.com\/no\/wp-json\/wp\/v2\/types\/post"}],"author":[{"embeddable":true,"href":"https:\/\/www.europesays.com\/no\/wp-json\/wp\/v2\/users\/2"}],"replies":[{"embeddable":true,"href":"https:\/\/www.europesays.com\/no\/wp-json\/wp\/v2\/comments?post=50850"}],"version-history":[{"count":0,"href":"https:\/\/www.europesays.com\/no\/wp-json\/wp\/v2\/posts\/50850\/revisions"}],"wp:featuredmedia":[{"embeddable":true,"href":"https:\/\/www.europesays.com\/no\/wp-json\/wp\/v2\/media\/50851"}],"wp:attachment":[{"href":"https:\/\/www.europesays.com\/no\/wp-json\/wp\/v2\/media?parent=50850"}],"wp:term":[{"taxonomy":"category","embeddable":true,"href":"https:\/\/www.europesays.com\/no\/wp-json\/wp\/v2\/categories?post=50850"},{"taxonomy":"post_tag","embeddable":true,"href":"https:\/\/www.europesays.com\/no\/wp-json\/wp\/v2\/tags?post=50850"}],"curies":[{"name":"wp","href":"https:\/\/api.w.org\/{rel}","templated":true}]}}