{"id":50861,"date":"2025-10-02T09:45:09","date_gmt":"2025-10-02T09:45:09","guid":{"rendered":"https:\/\/www.europesays.com\/no\/50861\/"},"modified":"2025-10-02T09:45:09","modified_gmt":"2025-10-02T09:45:09","slug":"pamela-anderson-bytter-ut-ikonisk-blondt-har-med-rodt","status":"publish","type":"post","link":"https:\/\/www.europesays.com\/no\/50861\/","title":{"rendered":"Pamela Anderson bytter ut ikonisk blondt h\u00e5r med r\u00f8dt"},"content":{"rendered":"\n<p class=\"_lead_1994c_2 _lead_xtcu6_50 layout-component text-serif-m layout-normal text-serif-l layout-component layout-wide layout-padded _wide_17hqh_1 layout-padded\">\u00abBaywatch\u00bb-stjernen overrasket under Paris Fashion Week.<\/p>\n<p><img alt=\"Skuespiller og modell Pamela Anderson har lenge v\u00e6rt kjent for sitt blonde h\u00e5r.  Her fra premieren p\u00e5 filmen \u00abThe Naked Gun\u00bb i sommer.  Foto: CHARLY TRIBALLEAU \/ AFP \/ NTB\" class=\"_image_qp4xg_65 layout-component layout-wide\" data-fullscreen- data-track-element-type=\"Article image fullscreen\" data-track-name=\"ImageFullscreen\" fetchpriority=\"high\" decoding=\"sync\" loading=\"eager\" height=\"2107\" itemprop=\"image\"  src=\"https:\/\/www.europesays.com\/no\/wp-content\/uploads\/2025\/10\/f8c0f644-c0b7-4512-a4da-8a26ae012fd0\"  style=\"object-position:0% 0%\" width=\"2985\"\/>Skuespiller og modell Pamela Anderson har lenge v\u00e6rt kjent for sitt blonde h\u00e5r.  Her fra premieren p\u00e5 filmen \u00abThe Naked Gun\u00bb i sommer.  Foto: CHARLY TRIBALLEAU \/ AFP \/ NTB<\/p>\n<ul aria-hidden=\"true\" class=\"_images_1y6fe_106\">\n<li><a class=\"_link_1y6fe_111\" href=\"https:\/\/www.vg.no\/forfatter\/nora-holm-aftret\" style=\"z-index:1\" title=\"Nora Holm Aftret\" rel=\"nofollow noopener\" target=\"_blank\"><img alt=\"Bilde av Nora Holm Aftret\" class=\"_image_1y6fe_88\" fetchpriority=\"low\" loading=\"lazy\" decoding=\"async\" itemprop=\"image\"  src=\"https:\/\/www.europesays.com\/no\/wp-content\/uploads\/2025\/10\/1759398309_303_f305139e-f923-41c4-8052-e05527fc0152\"  width=\"480\"\/><\/a><\/li>\n<\/ul>\n<p> Oppdatert torsdag 2. oktober kl. 11:11     <\/p>\n<p class=\"_paragraph_1994c_4 _paragraph_xtcu6_10 layout-component text-serif-m layout-normal text-serif-m layout-padded\"><a href=\"https:\/\/www.vg.no\/tag\/pamela-anderson?utm_source=vg-article&amp;utm_medium=auto-tagger&amp;utm_campaign=wgwW7G\" class=\"_link_1994c_39\" rel=\"nofollow noopener\" target=\"_blank\">Pamela Anderson<\/a> (58) har lenge v\u00e6rt en av verdens mest kjente blondiner.<\/p>\n<p class=\"_paragraph_1994c_4 _paragraph_xtcu6_10 layout-component text-serif-m layout-normal text-serif-m layout-padded\">Men n\u00e5 er en era over, melder Vogue.<\/p>\n<p class=\"_paragraph_1994c_4 _paragraph_xtcu6_10 layout-component text-serif-m layout-normal text-serif-m layout-padded\">\u00abBaywatch\u00bb-stjernen dukket nemlig opp med en helt ny, kobberr\u00f8d h\u00e5rfarge under Paris Fashion Week.<\/p>\n<p class=\"_paragraph_1994c_4 _paragraph_xtcu6_10 layout-component text-serif-m layout-normal text-serif-m layout-padded\">Anderson skal if\u00f8lge <a href=\"https:\/\/www.foxnews.com\/entertainment\/pamela-anderson-ditches-iconic-blonde-hair-dramatic-new-look\" class=\"_link_1994c_39\" rel=\"nofollow noopener\" target=\"_blank\">Fox News <\/a>ha deltatt p\u00e5 en motevisning for Tom Ford da hun viste frem sitt nye utseende. <\/p>\n<p class=\"_paragraph_1994c_4 _paragraph_xtcu6_10 layout-component text-serif-m layout-normal text-serif-m layout-padded\">Det r\u00f8de h\u00e5ret var stylet bakover i en \u00abslick look\u00bb.<\/p>\n<p><img alt=\"Pamela Anderson med ny h\u00e5rfarge under Tom Ford-visningen i Paris onsdag.    Foto: Stephane Cardinale \/ Corbis via Getty Images\" class=\"_image_qp4xg_65 layout-component layout-normal\" data-fullscreen- data-track-element-type=\"Article image fullscreen\" data-track-name=\"ImageFullscreen\" decoding=\"async\" loading=\"lazy\" height=\"6000\" itemprop=\"image\"  src=\"https:\/\/www.europesays.com\/no\/wp-content\/uploads\/2025\/10\/4dd10b3c-3f77-44bc-b0c3-ace77150f816\"  style=\"object-position:0% 0%\" width=\"4000\"\/>Pamela Anderson med ny h\u00e5rfarge under Tom Ford-visningen i Paris onsdag.    Foto: Stephane Cardinale \/ Corbis via Getty Images Ikke bare et motevalg<\/p>\n<p class=\"_paragraph_1994c_4 _paragraph_xtcu6_10 layout-component text-serif-m layout-normal text-serif-m layout-padded\">H\u00e5rforandringen er ikke bare et motevalg. <\/p>\n<p class=\"_paragraph_1994c_4 _paragraph_xtcu6_10 layout-component text-serif-m layout-normal text-serif-m layout-padded\">If\u00f8lge kilder n\u00e6r Anderson, er det r\u00f8de h\u00e5ret inspirert av de svenske filmstjernene Gunnel Lindblom og Bibi Andersson, og John Nollet, skuespillerens kjente fris\u00f8r i Paris, skal ha f\u00e5tt disse referansene f\u00f8r stylingen.<\/p>\n<p class=\"_paragraph_1994c_4 _paragraph_xtcu6_10 layout-component text-serif-m layout-normal text-serif-m layout-padded\">Det skriver Vogue, som ogs\u00e5 opplyser at h\u00e5ret er knyttet til Andersons neste filmrolle. <\/p>\n<p class=\"_paragraph_1994c_4 _paragraph_xtcu6_10 layout-component text-serif-m layout-normal text-serif-m layout-padded\">Hun skal spille mot Steve Coogan i \u00abLove Is Not the Answer\u00bb, som er Michael Ceras regidebut.<\/p>\n<p>  Vil redefinere seg selv<\/p>\n<p class=\"_paragraph_1994c_4 _paragraph_xtcu6_10 layout-component text-serif-m layout-normal text-serif-m layout-padded\">Anderson er kjent som skuespiller og modell, og har spilt i serien Baywatch, samt filmene The Naked Gun og The Last Showgirl.<\/p>\n<p class=\"_paragraph_1994c_4 _paragraph_xtcu6_10 layout-component text-serif-m layout-normal text-serif-m layout-padded\">De siste \u00e5rene har hun jobbet for \u00e5 redefinere seg selv utover sex symbol-statusen som lenge har fulgt henne, skriver Fox.<\/p>\n<p><img alt=\"N\u00e5 er Anderson ofte \u00e5 se p\u00e5 den r\u00f8de l\u00f8peren uten sminke. Her fra MUSE Awards i New York i mars. Sykes\/Invision\/AP)  Foto: Charles Sykes \/ AP \/ NTB\" class=\"_image_qp4xg_65 layout-component layout-normal\" data-fullscreen- data-track-element-type=\"Article image fullscreen\" data-track-name=\"ImageFullscreen\" decoding=\"async\" loading=\"lazy\" height=\"3731\" itemprop=\"image\"  src=\"https:\/\/www.europesays.com\/no\/wp-content\/uploads\/2025\/10\/77f2c2f7-cd5a-4d53-95fc-e09807987d09\"  style=\"object-position:0% 0%\" width=\"5597\"\/>N\u00e5 er Anderson ofte \u00e5 se p\u00e5 den r\u00f8de l\u00f8peren uten sminke. Her fra MUSE Awards i New York i mars. Sykes\/Invision\/AP)  Foto: Charles Sykes \/ AP \/ NTB<\/p>\n<p class=\"_paragraph_1994c_4 _paragraph_xtcu6_10 layout-component text-serif-m layout-normal text-serif-m layout-padded\">Det hele begynte i 2023, da hun m\u00f8tte opp p\u00e5 moteuken i Paris uten sminke, som ble sett p\u00e5 som \u00abet overraskende, kontroversielt grep,\u00bb if\u00f8lge Vogue.<\/p>\n<p class=\"_paragraph_1994c_4 _paragraph_xtcu6_10 layout-component text-serif-m layout-normal text-serif-m layout-padded\">\u2013 Skj\u00f8nnhet er subjektivt og vi trenger ikke se ut som forsidene p\u00e5 magasiner, skal hun tidligere ha sagt i en podkast.<\/p>\n<p class=\"_paragraph_1994c_4 _paragraph_xtcu6_10 layout-component text-serif-m layout-normal text-serif-m layout-padded\">Anderson har holdt fast ved sitt blonde h\u00e5r i lang tid, og den nye looken markerer et tydelig brudd med hennes signaturstil. <\/p>\n","protected":false},"excerpt":{"rendered":"\u00abBaywatch\u00bb-stjernen overrasket under Paris Fashion Week. Skuespiller og modell Pamela Anderson har lenge v\u00e6rt kjent for sitt blonde&hellip;\n","protected":false},"author":2,"featured_media":50862,"comment_status":"","ping_status":"","sticky":false,"template":"","format":"standard","meta":{"footnotes":""},"categories":[58],"tags":[71,1534,30,28,29,4635,7828,72,46,3965],"class_list":{"0":"post-50861","1":"post","2":"type-post","3":"status-publish","4":"format-standard","5":"has-post-thumbnail","7":"category-underholdning","8":"tag-entertainment","9":"tag-har","10":"tag-no","11":"tag-norge","12":"tag-norway","13":"tag-pamela-anderson","14":"tag-styling","15":"tag-underholdning","16":"tag-vgai","17":"tag-vogue"},"share_on_mastodon":{"url":"","error":""},"_links":{"self":[{"href":"https:\/\/www.europesays.com\/no\/wp-json\/wp\/v2\/posts\/50861","targetHints":{"allow":["GET"]}}],"collection":[{"href":"https:\/\/www.europesays.com\/no\/wp-json\/wp\/v2\/posts"}],"about":[{"href":"https:\/\/www.europesays.com\/no\/wp-json\/wp\/v2\/types\/post"}],"author":[{"embeddable":true,"href":"https:\/\/www.europesays.com\/no\/wp-json\/wp\/v2\/users\/2"}],"replies":[{"embeddable":true,"href":"https:\/\/www.europesays.com\/no\/wp-json\/wp\/v2\/comments?post=50861"}],"version-history":[{"count":0,"href":"https:\/\/www.europesays.com\/no\/wp-json\/wp\/v2\/posts\/50861\/revisions"}],"wp:featuredmedia":[{"embeddable":true,"href":"https:\/\/www.europesays.com\/no\/wp-json\/wp\/v2\/media\/50862"}],"wp:attachment":[{"href":"https:\/\/www.europesays.com\/no\/wp-json\/wp\/v2\/media?parent=50861"}],"wp:term":[{"taxonomy":"category","embeddable":true,"href":"https:\/\/www.europesays.com\/no\/wp-json\/wp\/v2\/categories?post=50861"},{"taxonomy":"post_tag","embeddable":true,"href":"https:\/\/www.europesays.com\/no\/wp-json\/wp\/v2\/tags?post=50861"}],"curies":[{"name":"wp","href":"https:\/\/api.w.org\/{rel}","templated":true}]}}