{"id":50863,"date":"2025-10-02T09:49:10","date_gmt":"2025-10-02T09:49:10","guid":{"rendered":"https:\/\/www.europesays.com\/no\/50863\/"},"modified":"2025-10-02T09:49:10","modified_gmt":"2025-10-02T09:49:10","slug":"askoy-askoybroen-askoy-ordforer-ber-folk-holde-seg-hjemme","status":"publish","type":"post","link":"https:\/\/www.europesays.com\/no\/50863\/","title":{"rendered":"Ask\u00f8y, Ask\u00f8ybroen | Ask\u00f8y-ordf\u00f8rer ber folk holde seg hjemme"},"content":{"rendered":"\n<p>Uv\u00e6r i vente, og stengt bro. Det venter ask\u00f8yv\u00e6ringer i helgen.<\/p>\n<p>Ask\u00f8ybroen vil nemlig v\u00e6re stengt mellom klokken 2200 l\u00f8rdag kveld og 0900 s\u00f8ndag morgen.<\/p>\n<p>\u2013 Den planlagte stengningen skal g\u00e5 greit. Det er gjort et godt stykke arbeid. Bl\u00e5lys i etatene og ekstra bemanning, sier ordf\u00f8rer Yngve Fosse (H) til BA.<\/p>\n<p>Kommunen har bemannet ekstra i helgen for \u00e5 v\u00e6re forberedt, if\u00f8lge Fosse.<\/p>\n<p>De mest kritiske helsetjenestene vil betjenes av legevakttjenesten, samt at Skyss-b\u00e5ten vil g\u00e5 gjennom natten og R\u00f8de Kors har en b\u00e5t tilgjengelig. I tillegg kommer luftambulansen.<\/p>\n<p>\u2013 Det er nok lurt at de som ikke trenger \u00e5 reise holder seg hjemme, sier Fosse.<\/p>\n<p>   <img decoding=\"async\" width=\"8256\" height=\"5504\" fetchpriority=\"low\"  loading=\"lazy\"  src=\"https:\/\/www.europesays.com\/no\/wp-content\/uploads\/2025\/10\/SE1_6618.NEF\" alt=\"\" class=\"brick-c-cFOWSL\" style=\"--brick-image-ratio: 8256 \/ 5504;\"\/><\/p>\n<p>    Ordf\u00f8rer Yngve Fosse (H), Ask\u00f8y om den forest\u00e5ende stengingen av Ask\u00f8ybroen.<br \/>\n    Foto: Skjalg Ekeland\n  <\/p>\n<p>  B\u00e5tene g\u00e5r natten gjennom &#8211; med kun 2 timers pause<\/p>\n<p>Skyss sier de er godt forberedt p\u00e5 det som kommer.<\/p>\n<p>\u2013 Det er satt opp en b\u00e5trute som g\u00e5r det meste av natten. Den er satt opp med tanke p\u00e5 de arbeidsreisende. Spesielt turnusarbeidere som jobber kveld og natt, sier presseansvarlig \u00d8yvind Str\u00f8mmen.<\/p>\n<p>B\u00e5ten vil g\u00e5 gjennom natten med unntak av mellom klokken 0400 og 0600.<\/p>\n<p>Folk m\u00e5 v\u00e6re forberedt p\u00e5 at de ikke kan reise til sentrum som normalt, forteller Str\u00f8mmen.<\/p>\n<p>   <img decoding=\"async\" width=\"1343\" height=\"998\" fetchpriority=\"low\"  loading=\"lazy\"  src=\"https:\/\/www.europesays.com\/no\/wp-content\/uploads\/2025\/10\/5_8_2503698_mwanvik_skyss__dsc2130_oyvind_strommen_Small.jpg\" alt=\"\u00d8yvind Str\u00f8mmen i Skyss Store forsinkelser i \" class=\"brick-c-cFOWSL\" style=\"--brick-image-ratio: 1343 \/ 998;\"\/><\/p>\n<p>    \u00d8yvind Str\u00f8mmen i Skyss.<br \/>\n    Foto: Morten Wanvik\/Skyss (arkiv)\n  <\/p>\n<p>\u2013 Det er klart ikke et fullgodt tilbud med stengt bro. Bussene vil ikke g\u00e5 p\u00e5 kvelden. Hold dere hjemme hvis dere kan, sier Str\u00f8mmen.<\/p>\n<p>Siste avgang fra Bergen busstasjon til Kleppest\u00f8 er klokken 2122, if\u00f8lge Skyss sine nettsider. F\u00f8rste buss etter dette g\u00e5r klokken 0952.<\/p>\n<p>\u2013 Bekymret<\/p>\n<p>Vestland fylkeskommune har trafikkvakter p\u00e5 alle stedene der veien er stengt, for \u00e5 sikre at alt g\u00e5r som planlagt.<\/p>\n<p>\u2013 Vi forst\u00e5r at stengingen griper inn i hverdagen til mange, og at det kan f\u00f8re til ulemper og konsekvenser for enkelte. Det beklager vi, sa Kristoffer Hove, prosjektleder for vedlikehold, drift og beredskap i fylkeskommunen.<\/p>\n<p>Det vil ikke g\u00e5 buss videre fra Kleppest\u00f8y kai natt til l\u00f8rdag.<\/p>\n<p>Stasjonssjef Sven Erik Mdthjell ved Ask\u00f8y- og \u00d8ygarden politistasjon er bekymret over at det kan bli store ansamlinger av folk p\u00e5 kaien.<\/p>\n<p>\u2013 Vi h\u00e5per folk vil ta hensyn, og benytte alternativ transport, sier Midthjell.<\/p>\n<p>Han sier alle n\u00f8detater har oppbemannet f\u00f8r helgen.<\/p>\n<p>\u2013 Vi \u00f8nsker \u00e5 betrygge alle om at vi har lagt en beredsskapsplan, og har nok ressurser til \u00e5 ivareta det som m\u00e5tte skje, sier Midthjell.<\/p>\n","protected":false},"excerpt":{"rendered":"Uv\u00e6r i vente, og stengt bro. Det venter ask\u00f8yv\u00e6ringer i helgen. Ask\u00f8ybroen vil nemlig v\u00e6re stengt mellom klokken&hellip;\n","protected":false},"author":2,"featured_media":50864,"comment_status":"","ping_status":"","sticky":false,"template":"","format":"standard","meta":{"footnotes":""},"categories":[10],"tags":[36,2271,7829,3851,20,21,24,25,15,22,23,13,30,28,29,14,7830,16,223,1510,26,27],"class_list":{"0":"post-50863","1":"post","2":"type-post","3":"status-publish","4":"format-standard","5":"has-post-thumbnail","7":"category-norge","8":"tag-art","9":"tag-askoy","10":"tag-askoybroen","11":"tag-beredskap","12":"tag-breaking-news","13":"tag-breakingnews","14":"tag-featured-news","15":"tag-featurednews","16":"tag-headlines","17":"tag-latest-news","18":"tag-latestnews","19":"tag-news","20":"tag-no","21":"tag-norge","22":"tag-norway","23":"tag-nyheter","24":"tag-ordforer-yngve-fosse","25":"tag-overskrifter","26":"tag-samferdsel","27":"tag-story","28":"tag-top-stories","29":"tag-topstories"},"share_on_mastodon":{"url":"","error":""},"_links":{"self":[{"href":"https:\/\/www.europesays.com\/no\/wp-json\/wp\/v2\/posts\/50863","targetHints":{"allow":["GET"]}}],"collection":[{"href":"https:\/\/www.europesays.com\/no\/wp-json\/wp\/v2\/posts"}],"about":[{"href":"https:\/\/www.europesays.com\/no\/wp-json\/wp\/v2\/types\/post"}],"author":[{"embeddable":true,"href":"https:\/\/www.europesays.com\/no\/wp-json\/wp\/v2\/users\/2"}],"replies":[{"embeddable":true,"href":"https:\/\/www.europesays.com\/no\/wp-json\/wp\/v2\/comments?post=50863"}],"version-history":[{"count":0,"href":"https:\/\/www.europesays.com\/no\/wp-json\/wp\/v2\/posts\/50863\/revisions"}],"wp:featuredmedia":[{"embeddable":true,"href":"https:\/\/www.europesays.com\/no\/wp-json\/wp\/v2\/media\/50864"}],"wp:attachment":[{"href":"https:\/\/www.europesays.com\/no\/wp-json\/wp\/v2\/media?parent=50863"}],"wp:term":[{"taxonomy":"category","embeddable":true,"href":"https:\/\/www.europesays.com\/no\/wp-json\/wp\/v2\/categories?post=50863"},{"taxonomy":"post_tag","embeddable":true,"href":"https:\/\/www.europesays.com\/no\/wp-json\/wp\/v2\/tags?post=50863"}],"curies":[{"name":"wp","href":"https:\/\/api.w.org\/{rel}","templated":true}]}}