{"id":50896,"date":"2025-10-02T10:39:09","date_gmt":"2025-10-02T10:39:09","guid":{"rendered":"https:\/\/www.europesays.com\/no\/50896\/"},"modified":"2025-10-02T10:39:09","modified_gmt":"2025-10-02T10:39:09","slug":"regjeringen-tar-straksgrep-etter-lege-avsloring","status":"publish","type":"post","link":"https:\/\/www.europesays.com\/no\/50896\/","title":{"rendered":"Regjeringen tar straksgrep etter lege-avsl\u00f8ring"},"content":{"rendered":"\n<p class=\"_lead_1994c_2 _lead_xtcu6_50 layout-component text-serif-m layout-normal text-serif-l layout-component layout-wide layout-padded _wide_17hqh_1 layout-padded\">Helseminister Jan Christian Vestre (Ap) lover \u00e5 invitere andre europeiske land til nytt samarbeid etter VGs avsl\u00f8ring om d\u00f8mte og avskiltede leger i Norge.<\/p>\n<p><img alt=\"Helse- og omsorgsminister Jan Christian Vestre (Ap). Foto: G\u00f8ran Bohlin \/ VG\" class=\"_image_qp4xg_65 layout-component layout-wide\" data-fullscreen- data-track-element-type=\"Article image fullscreen\" data-track-name=\"ImageFullscreen\" fetchpriority=\"high\" decoding=\"sync\" loading=\"eager\" height=\"5504\" itemprop=\"image\"  src=\"https:\/\/www.europesays.com\/no\/wp-content\/uploads\/2025\/10\/84297fb5-6633-4273-a88c-0a88da316521\"  style=\"object-position:0% 0%\" width=\"8256\"\/>Helse- og omsorgsminister Jan Christian Vestre (Ap). Foto: G\u00f8ran Bohlin \/ VG<\/p>\n<ul aria-hidden=\"true\" class=\"_images_1y6fe_106\">\n<li><a class=\"_link_1y6fe_111\" href=\"https:\/\/www.vg.no\/forfatter\/eiliv-frich-flydal\" style=\"z-index:2\" title=\"Eiliv Frich Flydal\" rel=\"nofollow noopener\" target=\"_blank\"><img alt=\"Bilde av Eiliv Frich Flydal\" class=\"_image_1y6fe_88\" fetchpriority=\"low\" loading=\"lazy\" decoding=\"async\" itemprop=\"image\"  src=\"https:\/\/www.europesays.com\/no\/wp-content\/uploads\/2025\/10\/1759401549_62_e2127855-a240-4b39-8e43-3ff05ec1f30a\"  width=\"480\"\/><\/a><\/li>\n<li><a class=\"_link_1y6fe_111\" href=\"https:\/\/www.vg.no\/forfatter\/therese-ridar\" style=\"z-index:1\" title=\"Therese Ridar\" rel=\"nofollow noopener\" target=\"_blank\"><img alt=\"Bilde av Therese Ridar\" class=\"_image_1y6fe_88\" fetchpriority=\"low\" loading=\"lazy\" decoding=\"async\" itemprop=\"image\"  src=\"https:\/\/www.europesays.com\/no\/wp-content\/uploads\/2025\/10\/1759401549_581_d26b195e-47bb-47ff-85c3-945a0b41ac96\"  width=\"480\"\/><\/a><\/li>\n<\/ul>\n<p> Oppdatert torsdag 2. oktober kl. 12:35    <\/p>\n<ul class=\"_list_1994c_3 _list_64s2r_85 _unordered_1994c_105 text-sans-m\">\n<li class=\"_item_1994c_30\">VG avsl\u00f8rer at minst 23 leger kan jobbe i Norge, selv om de er avskiltet i andre land for blant annet seksuelle overgrep og vold.<\/li>\n<li class=\"_item_1994c_30\">Helseminister Jan Christian Vestre (Ap) lover europeisk samarbeid, felles EU\/E\u00d8S-register og mer \u00e5penhet.<\/li>\n<li class=\"_item_1994c_30\">Han ber Helsetilsynet levere full redegj\u00f8relse, f\u00f8lger strakstiltak og vurderer raske regelendringer.<\/li>\n<\/ul>\n<p>Vis mer <\/p>\n<p class=\"_paragraph_1994c_4 _paragraph_xtcu6_10 layout-component text-serif-m layout-normal text-serif-m layout-padded\">\u2013 Dette er alvorlig. Folk skal kunne v\u00e6re helt trygge p\u00e5 de som yter helsehjelp i Norge. Disse feilene burde ikke skjedd og det er bra at Helsetilsynet tar saken p\u00e5 alvor og har igangsatt strakstiltak for rydde opp. Det er ogs\u00e5 viktig med langsiktige tiltak for \u00e5 hindre at dette skjer igjen, sier helse- og omsorgsminister Jan Christian Vestre (Ap) til VG.<\/p>\n<p class=\"_paragraph_1994c_4 _paragraph_xtcu6_10 layout-component text-serif-m layout-normal text-serif-m layout-padded\">Torsdag <a href=\"https:\/\/www.vg.no\/nyheter\/i\/OowbnE\/vg-avsloerer-knivstakk-naboer-kan-vaere-lege-i-norge\" data-track-element-type=\"Link\" data-track-id=\"link:OowbnE\" class=\"_link_1994c_39\" rel=\"nofollow noopener\" target=\"_blank\">avsl\u00f8rte VG at minst 23 leger fortsatt kan jobbe i Norge<\/a>, til tross for at de er fratatt sin lokale legeautorisasjon i andre land for alvorlige forhold, blant annet seksuelle overgrep og vold.<\/p>\n<p class=\"_paragraph_1994c_4 _paragraph_xtcu6_10 layout-component text-serif-m layout-normal text-serif-m layout-padded\"><strong class=\"_strong_1994c_25\">Legene ble avskiltet fordi myndighetene der mente at de utgjorde en fare for pasienter. Flere av dem er ogs\u00e5 d\u00f8mt for alvorlig kriminalitet.<\/strong><\/p>\n<p class=\"_paragraph_1994c_4 _paragraph_xtcu6_10 layout-component text-serif-m layout-normal layout-padded\"><strong class=\"_strong_1994c_25\">Les ogs\u00e5:<\/strong> <a href=\"https:\/\/www.vg.no\/i\/OowbnE\" data-track-element-type=\"Link\" data-track-id=\"link:OowbnE\" class=\"_link_1994c_39\" rel=\"nofollow noopener\" target=\"_blank\">Knivstakk naboer \u2013 kan v\u00e6re lege i Norge<\/a><\/p>\n<p class=\"_paragraph_1994c_4 _paragraph_xtcu6_10 layout-component text-serif-m layout-normal text-serif-m layout-padded\">50 medier i 45 land deltok prosjektet \u00abBad Practice\u00bb, ledet av VG, <a href=\"https:\/\/www.occrp.org\/en\/project\/bad-practice\/system-failure-banned-doctors-can-easily-move-across-europe-leaving-patients-vulnerable\" class=\"_link_1994c_39\" rel=\"nofollow noopener\" target=\"_blank\">OCCRP<\/a> og britiske The Times. <\/p>\n<p class=\"_paragraph_1994c_4 _paragraph_xtcu6_10 layout-component text-serif-m layout-normal text-serif-m layout-padded\">Over 100 leger som er avskiltet for alvorlige forhold \u2013 blant annet feilbehandlinger, seksuelle overgrep og vold \u2013 har fortsatt autorisasjoner i nye land.<\/p>\n<p class=\"_paragraph_1994c_4 _paragraph_xtcu6_10 layout-component text-serif-m layout-normal text-serif-m layout-padded\"><strong class=\"_strong_1994c_25\">Og halvparten av dem jobber n\u00e5 med nye pasienter andre land, viser unders\u00f8kelser journalistene gjorde i sommer.<\/strong><\/p>\n<p class=\"_paragraph_1994c_4 _paragraph_xtcu6_10 layout-component text-serif-m layout-normal text-serif-m layout-padded\">Har du tips til denne saken? Send e-post til: bad-practice@vg.no. <\/p>\n<p class=\"_paragraph_1994c_4 _paragraph_xtcu6_10 layout-component text-serif-m layout-normal text-serif-m layout-padded\">\u2013 Jeg vil ber\u00f8mme VG for den viktige og grundige jobben de har gjort sammen med internasjonale medier for \u00e5 avdekke dette. Samtidig er det noe galt n\u00e5r ikke v\u00e5re egne kontrollmekanismer oppdager slike feil. Det m\u00e5 vi l\u00e6re av. N\u00e5 er det v\u00e5rt ansvar og v\u00e5r oppgave \u00e5 ta grep som forbedrer systemene i Norge og internasjonalt, sier Vestre.<\/p>\n<p class=\"_paragraph_1994c_4 _paragraph_xtcu6_10 layout-component text-serif-m layout-normal text-serif-m layout-padded\">Utover alvorlige enkeltsaker avsl\u00f8rer \u00abBad Practice\u00bb at de internasjonale systemene for varsling om farlige leger mellom land ikke beskytter pasientene slik de skal. Det skyldes b\u00e5de at land ikke bidrar med informasjon og at den ikke f\u00f8rer til reaksjoner i de nye landene legene jobber.<\/p>\n<p class=\"_paragraph_1994c_4 _paragraph_xtcu6_10 layout-component text-serif-m layout-normal text-serif-m layout-padded\">Tilgangen p\u00e5 informasjon for er ogs\u00e5 veldig ulik og funnene i prosjektet er trolig bare toppen av isfjellet.<\/p>\n<p class=\"_paragraph_1994c_4 _paragraph_xtcu6_10 layout-component text-serif-m layout-normal text-serif-m layout-padded\">Vestre varsler n\u00e5 tre grep, blant annet at regjeringen vil f\u00f8lge opp problemet ogs\u00e5 med nordiske land og <a href=\"https:\/\/www.vg.no\/tag\/eu?utm_source=vg-article&amp;utm_medium=auto-tagger&amp;utm_campaign=XjPr4E\" class=\"_link_1994c_39\" rel=\"nofollow noopener\" target=\"_blank\">EU<\/a>:<\/p>\n<p class=\"_paragraph_1994c_4 _paragraph_xtcu6_10 layout-component text-serif-m layout-normal text-serif-m layout-padded\">\u2013 Jeg vil be Helsetilsynet om en fullstendig redegj\u00f8relse om hva som har g\u00e5tt galt, om og p\u00e5 hvilken m\u00e5te dette har utfordret pasientsikkerheten, hvordan det kunne v\u00e6rt unng\u00e5tt og hva tilsynet vil gj\u00f8re for \u00e5 sikre at ikke samme feil skjer igjen, sier Vestre og fortsetter:<\/p>\n<p class=\"_paragraph_1994c_4 _paragraph_xtcu6_10 layout-component text-serif-m layout-normal text-serif-m layout-padded\"><strong class=\"_strong_1994c_25\">\u2013 Jeg vil ta initiativ overfor nordiske og europeiske land om felles tiltak vi kan igangsette for \u00e5 bedre ivareta pasientsikkerheten p\u00e5 tvers av landegrensene, sier Vestre.<\/strong><\/p>\n<p class=\"_paragraph_1994c_4 _paragraph_xtcu6_10 layout-component text-serif-m layout-normal text-serif-m layout-padded\"><strong class=\"_strong_1994c_25\">\u2013 Dette kan for eksempel v\u00e6re et felles legeautorisasjonsregister i EU\/E\u00d8S og \u00f8kt \u00e5penhet om autorisasjoner og tilbakekall i alle land. Jeg vil snarest invitere til europeisk samarbeid og f\u00f8lge opp dette med mine europeiske kolleger ved f\u00f8rste mulige anledning.<\/strong><\/p>\n<p class=\"_paragraph_1994c_4 _paragraph_xtcu6_10 layout-component text-serif-m layout-normal text-serif-m layout-padded\">Helsetilsynet har ogs\u00e5 nedsatt en arbeidsgruppe som leverer forslag til l\u00f8sninger utover h\u00f8sten.<\/p>\n<p class=\"_paragraph_1994c_4 _paragraph_xtcu6_10 layout-component text-serif-m layout-normal text-serif-m layout-padded\">\u2013 Jeg vil f\u00f8lge opp tiltakene som kommer fra den hurtigarbeidende arbeidsgruppen som er nedsatt av Helsetilsynet, blant annet gjennom \u00e5 justere instruksen og tildelingsbrevet til tilsynet. Vi vil ogs\u00e5 vurdere andre endringer i autorisasjonssystemet. Dersom det er behov for endringer i regelverk, rutiner eller praksis, vil dette arbeidet f\u00e5 h\u00f8y prioritet og skje raskt.<\/p>\n<p>Slik har VG jobbet med saken:<\/p>\n<ul class=\"_list_1994c_3 _list_xtcu6_9 _list_16v91_9 _unordered_1994c_105 layout-component text-serif-m layout-normal text-sans-m layout-padded\">\n<li class=\"_item_1994c_30\">I fjor tok VG initiativ til et samarbeid mellom europeiske medier for \u00e5 unders\u00f8ke hvordan helsepersonell fortsetter \u00e5 jobbe i nye land etter \u00e5 skadet eller forgrepet seg p\u00e5 pasienter.<\/li>\n<li class=\"_item_1994c_30\">Initiativet var inspirert av VGs serie <a href=\"https:\/\/www.vg.no\/spesial\/2021\/grenselos-terapi\/samleside\/\" class=\"_link_1994c_39\" rel=\"nofollow noopener\" target=\"_blank\">\u00abGrensel\u00f8s terapi\u00bb<\/a>, som satte s\u00f8kelyset p\u00e5 hvordan psykologer og psykiatere utnyttet pasienter seksuelt.<\/li>\n<li class=\"_item_1994c_30\">For \u00e5 finne avskiltede leger som jobbet i nye land, samlet 90 journalister inn over 2,5 millioner legeautorisasjoner, tilsynssaker, dommer og andre dokumenter fra 49 land. Informasjonen ble lagt i en database bygget av Organized Crime and Corruption Reporting Project (OCCRP).<\/li>\n<li class=\"_item_1994c_30\">Prosjektet er ledet av VG, gravenettverket OCCRP og britiske The Times.<\/li>\n<\/ul>\n<p>Vis merMedier i samarbeidet:<\/p>\n<ul class=\"_list_1994c_3 _list_xtcu6_9 _list_16v91_9 _unordered_1994c_105 layout-component text-serif-m layout-normal text-sans-m layout-padded\">\n<li class=\"_item_1994c_30\">Internasjonalt: OCCRP<\/li>\n<li class=\"_item_1994c_30\">Albania: Shteg <\/li>\n<li class=\"_item_1994c_30\">Andorra: InfoLibre (Spain)<\/li>\n<li class=\"_item_1994c_30\">Armenia: Hetq<\/li>\n<li class=\"_item_1994c_30\">Belarus: Belarusian Investigative Center<\/li>\n<li class=\"_item_1994c_30\">Belgia: De Tijd<\/li>\n<li class=\"_item_1994c_30\">Bosnia &amp; Hercegovina: CIN<\/li>\n<li class=\"_item_1994c_30\">Bulgaria: bird.bg<\/li>\n<li class=\"_item_1994c_30\">Canada: Investigative Journalism Bureau at the University of Toronto<\/li>\n<li class=\"_item_1994c_30\">Danmark: Berlingske<\/li>\n<li class=\"_item_1994c_30\">Estland: Eesti Ekspress<\/li>\n<li class=\"_item_1994c_30\">Finland: Yle<\/li>\n<li class=\"_item_1994c_30\">Frankrike: Le Monde<\/li>\n<li class=\"_item_1994c_30\">Hellas: Inside Story<\/li>\n<li class=\"_item_1994c_30\">Irland: Irish Times<\/li>\n<li class=\"_item_1994c_30\">Island: Heimildin<\/li>\n<li class=\"_item_1994c_30\">Italia: L&#8217;Espresso<\/li>\n<li class=\"_item_1994c_30\">Kosovo: Preportr<\/li>\n<li class=\"_item_1994c_30\">Kroatia: O\u0161tro<\/li>\n<li class=\"_item_1994c_30\">Kypros: CIReN<\/li>\n<li class=\"_item_1994c_30\">Latvia: Re:Baltica<\/li>\n<li class=\"_item_1994c_30\">Litauen: 15min<\/li>\n<li class=\"_item_1994c_30\">Luxembourg: Reporter.lu<\/li>\n<li class=\"_item_1994c_30\">Malta: AmphoraMedia<\/li>\n<li class=\"_item_1994c_30\">Moldova: RISE Moldova<\/li>\n<li class=\"_item_1994c_30\">Montenegro: MANS<\/li>\n<li class=\"_item_1994c_30\">Nederland: Follow The Money og Investico<\/li>\n<li class=\"_item_1994c_30\">Nord-Kypros: CIReN<\/li>\n<li class=\"_item_1994c_30\">Nord-Makedonia: IRL<\/li>\n<li class=\"_item_1994c_30\">Norge: VG<\/li>\n<li class=\"_item_1994c_30\">Polen: Fundacja Reporter\u00f3w<\/li>\n<li class=\"_item_1994c_30\">Portugal: Expresso<\/li>\n<li class=\"_item_1994c_30\">Romania: Public Record<\/li>\n<li class=\"_item_1994c_30\">Russland: iStories<\/li>\n<li class=\"_item_1994c_30\">Serbia: KRIK<\/li>\n<li class=\"_item_1994c_30\">Slovakia: Investigative Center of Jan Kuciak (ICJK)<\/li>\n<li class=\"_item_1994c_30\">Slovenia: O\u0161tro<\/li>\n<li class=\"_item_1994c_30\">Spania: InfoLibre<\/li>\n<li class=\"_item_1994c_30\">Storbritannia: The Times<\/li>\n<li class=\"_item_1994c_30\">Sveits: Tamedia<\/li>\n<li class=\"_item_1994c_30\">Sverige: SVT<\/li>\n<li class=\"_item_1994c_30\">Tsjekkia: Investigace<\/li>\n<li class=\"_item_1994c_30\">Tyrkia: DW \u2013 Turkish<\/li>\n<li class=\"_item_1994c_30\">Tyskland: Paper trail media og ZDF,<\/li>\n<li class=\"_item_1994c_30\">Ukraina: Slidstvo<\/li>\n<li class=\"_item_1994c_30\">Ungarn: Atlatszo<\/li>\n<li class=\"_item_1994c_30\">USA Howard Center (University of Maryland) og Kaiser Health News<\/li>\n<li class=\"_item_1994c_30\">\u00d8sterrike: Der Standard<\/li>\n<\/ul>\n<p>Vis mer    <\/p>\n","protected":false},"excerpt":{"rendered":"Helseminister Jan Christian Vestre (Ap) lover \u00e5 invitere andre europeiske land til nytt samarbeid etter VGs avsl\u00f8ring om&hellip;\n","protected":false},"author":2,"featured_media":50897,"comment_status":"","ping_status":"","sticky":false,"template":"","format":"standard","meta":{"footnotes":""},"categories":[10],"tags":[7801,20,21,279,24,25,15,1511,22,23,13,30,28,29,14,16,26,27],"class_list":{"0":"post-50896","1":"post","2":"type-post","3":"status-publish","4":"format-standard","5":"has-post-thumbnail","7":"category-norge","8":"tag-bad-practice","9":"tag-breaking-news","10":"tag-breakingnews","11":"tag-eu","12":"tag-featured-news","13":"tag-featurednews","14":"tag-headlines","15":"tag-jan-christian-vestre","16":"tag-latest-news","17":"tag-latestnews","18":"tag-news","19":"tag-no","20":"tag-norge","21":"tag-norway","22":"tag-nyheter","23":"tag-overskrifter","24":"tag-top-stories","25":"tag-topstories"},"share_on_mastodon":{"url":"","error":""},"_links":{"self":[{"href":"https:\/\/www.europesays.com\/no\/wp-json\/wp\/v2\/posts\/50896","targetHints":{"allow":["GET"]}}],"collection":[{"href":"https:\/\/www.europesays.com\/no\/wp-json\/wp\/v2\/posts"}],"about":[{"href":"https:\/\/www.europesays.com\/no\/wp-json\/wp\/v2\/types\/post"}],"author":[{"embeddable":true,"href":"https:\/\/www.europesays.com\/no\/wp-json\/wp\/v2\/users\/2"}],"replies":[{"embeddable":true,"href":"https:\/\/www.europesays.com\/no\/wp-json\/wp\/v2\/comments?post=50896"}],"version-history":[{"count":0,"href":"https:\/\/www.europesays.com\/no\/wp-json\/wp\/v2\/posts\/50896\/revisions"}],"wp:featuredmedia":[{"embeddable":true,"href":"https:\/\/www.europesays.com\/no\/wp-json\/wp\/v2\/media\/50897"}],"wp:attachment":[{"href":"https:\/\/www.europesays.com\/no\/wp-json\/wp\/v2\/media?parent=50896"}],"wp:term":[{"taxonomy":"category","embeddable":true,"href":"https:\/\/www.europesays.com\/no\/wp-json\/wp\/v2\/categories?post=50896"},{"taxonomy":"post_tag","embeddable":true,"href":"https:\/\/www.europesays.com\/no\/wp-json\/wp\/v2\/tags?post=50896"}],"curies":[{"name":"wp","href":"https:\/\/api.w.org\/{rel}","templated":true}]}}