{"id":50926,"date":"2025-10-02T11:06:11","date_gmt":"2025-10-02T11:06:11","guid":{"rendered":"https:\/\/www.europesays.com\/no\/50926\/"},"modified":"2025-10-02T11:06:11","modified_gmt":"2025-10-02T11:06:11","slug":"mgp-artister-savner-handlekraft-fra-nrk","status":"publish","type":"post","link":"https:\/\/www.europesays.com\/no\/50926\/","title":{"rendered":"MGP-artister savner handlekraft fra NRK"},"content":{"rendered":"\n<p class=\"_lead_1994c_2 _lead_xtcu6_50 layout-component text-serif-m layout-normal text-serif-l layout-component layout-wide layout-padded _wide_17hqh_1 layout-padded\">Flere tidligere MGP-artister mener Israel b\u00f8r utestenges fra Eurovision og ber NRK vise mer handlekraft. <\/p>\n<ul class=\"_gallery_1qa3s_23\" tabindex=\"0\">\n<li class=\"_item_1qa3s_37\" data-index=\"0\"><img fetchpriority=\"high\" decoding=\"async\" class=\"_image_foru8_23 _introGallery_foru8_43\" data-fullscreen- width=\"6554\" height=\"4372\" itemprop=\"image\" loading=\"eager\"  src=\"https:\/\/www.europesays.com\/no\/wp-content\/uploads\/2025\/10\/19152e2d-d596-4990-8fd5-83cab9fbc9b7\"  style=\"object-position:50% 50%;aspect-ratio:var(--gallery-aspect-ratio, 16 \/ 9)\"\/>\u00c5ge Sten-Nilsen og resten av Wig Wam deltok i MGP i \u00e5r. Han mener at Eurovision allerede er politisk siden Russland er utestengt.  Foto: Jonas Been Henriksen \/ NTB<\/li>\n<li class=\"_item_1qa3s_37\" data-index=\"1\"><img decoding=\"async\" class=\"_image_foru8_23 _introGallery_foru8_43\" data-fullscreen- width=\"4376\" height=\"2917\" itemprop=\"image\" loading=\"lazy\"  src=\"https:\/\/www.europesays.com\/no\/wp-content\/uploads\/2025\/10\/f1f2d342-b4ea-4cbe-997d-77bfcab8dc79\"  style=\"object-position:50% 50%;aspect-ratio:var(--gallery-aspect-ratio, 16 \/ 9)\"\/>Kim Wigaard deltok i Melodi Grand Prix i 2022 og 2023. Han mener at Israel m\u00e5 utestenges fra Eurovision og ber NRK ta mer ansvar.  Foto: Terje Pedersen \/ NTB<\/li>\n<li class=\"_item_1qa3s_37\" data-index=\"2\"><img decoding=\"async\" class=\"_image_foru8_23 _introGallery_foru8_43\" data-fullscreen- width=\"5297\" height=\"3531\" itemprop=\"image\" loading=\"lazy\"  src=\"https:\/\/www.europesays.com\/no\/wp-content\/uploads\/2025\/10\/00aeedca-e524-40d1-8bd9-02e0159667f7\"  style=\"object-position:50% 50%;aspect-ratio:var(--gallery-aspect-ratio, 16 \/ 9)\"\/>Skrellex p\u00e5 scenen under den norske finalen i Melodi Grand Prix i Trondheim Spektrum i 2023. Han ber NRK si fra til EBU at Norge ikke deltar i Eurovision dersom Israel f\u00e5r gj\u00f8re det.  Foto: Rodrigo Freitas \/ NTB<\/li>\n<\/ul>\n<p>\u00c5ge Sten-Nilsen og resten av Wig Wam deltok i MGP i \u00e5r. Han mener at Eurovision allerede er politisk siden Russland er utestengt.  Foto: Jonas Been Henriksen \/ NTB<\/p>\n<ul aria-hidden=\"true\" class=\"_images_1y6fe_106\">\n<li><a class=\"_link_1y6fe_111\" href=\"https:\/\/www.vg.no\/forfatter\/ntb\" style=\"z-index:1\" title=\"NTB\" rel=\"nofollow noopener\" target=\"_blank\"><img alt=\"Bilde av NTB\" class=\"_image_1y6fe_88\" fetchpriority=\"low\" loading=\"lazy\" decoding=\"async\" itemprop=\"image\"  src=\"https:\/\/www.europesays.com\/no\/wp-content\/uploads\/2025\/10\/1759403171_628_c33980b0-5d07-4027-84a1-813f90a7c8d6\"  width=\"480\"\/><\/a><\/li>\n<\/ul>\n<p> Oppdatert torsdag 2. oktober kl. 10:15     <\/p>\n<p class=\"_paragraph_1994c_4 _paragraph_xtcu6_10 layout-component text-serif-m layout-normal text-serif-m layout-padded\"> \u2013\u2060\u00a0Jeg mener Israel burde v\u00e6rt utestengt fra ESC siden 2023. Det er det ingen tvil om, med tanke p\u00e5 folkemordet i Gaza, sier artist Kim Wigaard til<a href=\"https:\/\/www.tv2.no\/underholdning\/mgp-stjerner-ut-mot-nrk-burde-ta-mer-ansvar\/18147048\/\" class=\"_link_1994c_39\" rel=\"nofollow noopener\" target=\"_blank\"> TV <\/a>2. <\/p>\n<p class=\"_paragraph_1994c_4 _paragraph_xtcu6_10 layout-component text-serif-m layout-normal text-serif-m layout-padded\">Han deltok i MGP i 2022 og 2023.<\/p>\n<p class=\"_paragraph_1994c_4 _paragraph_xtcu6_10 layout-component text-serif-m layout-normal text-serif-m layout-padded\"><a href=\"https:\/\/www.vg.no\/rampelys\/i\/o348ea\/eurovision-ebu-med-krisemoete-om-israel\" data-track-element-type=\"Link\" data-track-id=\"link:o348ea\" class=\"_link_1994c_39\" rel=\"nofollow noopener\" target=\"_blank\">Den europeiske kringkastingsunionen EBU skal i november<\/a> stemme over hvorvidt Israel f\u00e5r delta i <a href=\"https:\/\/www.vg.no\/tag\/eurovision?utm_source=vg-article&amp;utm_medium=auto-tagger&amp;utm_campaign=KMd0KE\" class=\"_link_1994c_39\" rel=\"nofollow noopener\" target=\"_blank\">Eurovision<\/a> i 2026. Wigaard synes NRK har v\u00e6rt for passive hittil.<\/p>\n<p class=\"_paragraph_1994c_4 _paragraph_xtcu6_10 layout-component text-serif-m layout-normal text-serif-m layout-padded\">\u2013 Jeg synes kringkastingssjefen burde ta mer ansvar og s\u00f8rge for en fortgang i denne prosessen.<\/p>\n<p class=\"_paragraph_1994c_4 _paragraph_xtcu6_10 layout-component text-serif-m layout-normal text-serif-m layout-padded\">Kringkastingssjef Vibeke F\u00fcrst Haugen mener det vil rokke ved troverdigheten til NRKs nyhetsdekning dersom de g\u00e5r til boikott eller utestengelse av Israel p\u00e5 politisk grunnlag.<\/p>\n<p class=\"_paragraph_1994c_4 _paragraph_xtcu6_10 layout-component text-serif-m layout-normal text-serif-m layout-padded\">\u2013 NRK skal rapportere uavhengig og upartisk fra krigen i Gaza, og f\u00f8rer derfor ikke en selvstendig utenrikspolitikk, sier hun.<\/p>\n<p class=\"_paragraph_1994c_4 _paragraph_xtcu6_10 layout-component text-serif-m layout-normal text-serif-m layout-padded\">\u00c5ge Sten-Nilsen vant MGP i 2005 med bandet Wig Wam og deltok ogs\u00e5 i \u00e5r. Han tror det ville ha blitt mindre br\u00e5k rundt Eurovision dersom Israel ikke hadde f\u00e5tt delta.<\/p>\n<p class=\"_paragraph_1994c_4 _paragraph_xtcu6_10 layout-component text-serif-m layout-normal text-serif-m layout-padded\">\u2013 Politikken er jo allerede en del av konkurransen n\u00e5r man velger \u00e5 utestenge Russland, men fortsatt ha med Israel.<\/p>\n<p class=\"_paragraph_1994c_4 _paragraph_xtcu6_10 layout-component text-serif-m layout-normal text-serif-m layout-padded\">Kai Thomas Ryen Larsen, bedre kjent som Skrellex, var med i MGP i 2023. Han mener at NRK m\u00e5 ta et tydelig standpunkt og ber dem si fra til EBU at Norge ikke deltar dersom Israel gj\u00f8r det. <\/p>\n<p class=\"_paragraph_1994c_4 _paragraph_xtcu6_10 layout-component text-serif-m layout-normal text-serif-m layout-padded\">\u2013 Det er det riktige \u00e5 gj\u00f8re, og det er veldig enkelt \u00e5 gjennomf\u00f8re n\u00e5r det p\u00e5g\u00e5r et folkemord i Gaza, sier han.<\/p>\n","protected":false},"excerpt":{"rendered":"Flere tidligere MGP-artister mener Israel b\u00f8r utestenges fra Eurovision og ber NRK vise mer handlekraft. \u00c5ge Sten-Nilsen og&hellip;\n","protected":false},"author":2,"featured_media":50927,"comment_status":"","ping_status":"","sticky":false,"template":"","format":"standard","meta":{"footnotes":""},"categories":[12],"tags":[20,21,2513,24,25,15,22,23,7703,13,30,28,29,787,14,16,26,27,42,43,44,45],"class_list":{"0":"post-50926","1":"post","2":"type-post","3":"status-publish","4":"format-standard","5":"has-post-thumbnail","7":"category-verden","8":"tag-breaking-news","9":"tag-breakingnews","10":"tag-eurovision","11":"tag-featured-news","12":"tag-featurednews","13":"tag-headlines","14":"tag-latest-news","15":"tag-latestnews","16":"tag-mgp","17":"tag-news","18":"tag-no","19":"tag-norge","20":"tag-norway","21":"tag-nrk","22":"tag-nyheter","23":"tag-overskrifter","24":"tag-top-stories","25":"tag-topstories","26":"tag-verden","27":"tag-world","28":"tag-world-news","29":"tag-worldnews"},"share_on_mastodon":{"url":"","error":""},"_links":{"self":[{"href":"https:\/\/www.europesays.com\/no\/wp-json\/wp\/v2\/posts\/50926","targetHints":{"allow":["GET"]}}],"collection":[{"href":"https:\/\/www.europesays.com\/no\/wp-json\/wp\/v2\/posts"}],"about":[{"href":"https:\/\/www.europesays.com\/no\/wp-json\/wp\/v2\/types\/post"}],"author":[{"embeddable":true,"href":"https:\/\/www.europesays.com\/no\/wp-json\/wp\/v2\/users\/2"}],"replies":[{"embeddable":true,"href":"https:\/\/www.europesays.com\/no\/wp-json\/wp\/v2\/comments?post=50926"}],"version-history":[{"count":0,"href":"https:\/\/www.europesays.com\/no\/wp-json\/wp\/v2\/posts\/50926\/revisions"}],"wp:featuredmedia":[{"embeddable":true,"href":"https:\/\/www.europesays.com\/no\/wp-json\/wp\/v2\/media\/50927"}],"wp:attachment":[{"href":"https:\/\/www.europesays.com\/no\/wp-json\/wp\/v2\/media?parent=50926"}],"wp:term":[{"taxonomy":"category","embeddable":true,"href":"https:\/\/www.europesays.com\/no\/wp-json\/wp\/v2\/categories?post=50926"},{"taxonomy":"post_tag","embeddable":true,"href":"https:\/\/www.europesays.com\/no\/wp-json\/wp\/v2\/tags?post=50926"}],"curies":[{"name":"wp","href":"https:\/\/api.w.org\/{rel}","templated":true}]}}