{"id":50954,"date":"2025-10-02T11:36:10","date_gmt":"2025-10-02T11:36:10","guid":{"rendered":"https:\/\/www.europesays.com\/no\/50954\/"},"modified":"2025-10-02T11:36:10","modified_gmt":"2025-10-02T11:36:10","slug":"her-tredobles-stromprisen-i-midt-norge","status":"publish","type":"post","link":"https:\/\/www.europesays.com\/no\/50954\/","title":{"rendered":"Her tredobles str\u00f8mprisen i Midt-Norge"},"content":{"rendered":"\n<p class=\"_lead_1994c_2 _lead_xtcu6_50 layout-component text-serif-m layout-normal text-serif-l layout-component layout-wide layout-padded _wide_17hqh_1 layout-padded\">Det skjer n\u00f8yaktig klokken 15 i dag, n\u00e5r den nye kraftlinjen over Sognefjorden settes i drift.<\/p>\n<p><img alt=\"\" class=\"_image_qp4xg_65 layout-component layout-wide\" data-fullscreen- data-track-element-type=\"Article image fullscreen\" data-track-name=\"ImageFullscreen\" fetchpriority=\"high\" decoding=\"sync\" loading=\"eager\" height=\"1461\" itemprop=\"image\"  src=\"https:\/\/www.europesays.com\/no\/wp-content\/uploads\/2025\/10\/370d0674-cbd1-42a7-842d-af11d39554a4\"  style=\"object-position:0% 0%\" width=\"2000\"\/><\/p>\n<ul aria-hidden=\"true\" class=\"_images_1y6fe_106\">\n<li><a class=\"_link_1y6fe_111\" href=\"https:\/\/www.vg.no\/forfatter\/oeyvind-engan\" style=\"z-index:2\" title=\"\u00d8yvind Engan\" rel=\"nofollow noopener\" target=\"_blank\"><img alt=\"Bilde av \u00d8yvind Engan\" class=\"_image_1y6fe_88\" fetchpriority=\"low\" loading=\"lazy\" decoding=\"async\" itemprop=\"image\"  src=\"https:\/\/www.europesays.com\/no\/wp-content\/uploads\/2025\/10\/1759404969_520_9cf12603-5898-4ed8-b7d8-a86fbe437f11\"  width=\"480\"\/><\/a><\/li>\n<li><a class=\"_link_1y6fe_111\" href=\"https:\/\/www.vg.no\/forfatter\/tom-byermoen-2\" style=\"z-index:1\" title=\"Tom Byermoen\" rel=\"nofollow noopener\" target=\"_blank\"><img alt=\"Bilde av Tom Byermoen\" class=\"_image_1y6fe_88\" fetchpriority=\"low\" loading=\"lazy\" decoding=\"async\" itemprop=\"image\"  src=\"https:\/\/www.europesays.com\/no\/wp-content\/uploads\/2025\/10\/0244f6eb-a482-4a9e-8ecf-34d6af8d3a20\"  width=\"480\"\/><\/a><\/li>\n<\/ul>\n<p> Oppdatert torsdag 2. oktober kl. 13:18     <\/p>\n<ul class=\"_list_1994c_3 _list_xtcu6_9 _unordered_1994c_105 layout-component text-serif-m layout-normal text-serif-m layout-padded\">\n<li class=\"_item_1994c_30\">Fra klokken 14 til 15 er spotprisen <strong class=\"_strong_1994c_25\">7,29 \u00f8re<\/strong>.<\/li>\n<li class=\"_item_1994c_30\">Fra klokken 15 til 16 er spotprisen <strong class=\"_strong_1994c_25\">22,52 \u00f8re.<\/strong><\/li>\n<\/ul>\n<p class=\"_paragraph_1994c_4 _paragraph_xtcu6_10 layout-component text-serif-m layout-normal text-serif-m layout-padded\">Det viser <a href=\"https:\/\/www.vg.no\/stromprisen\/\" class=\"_link_1994c_39\" rel=\"nofollow noopener\" target=\"_blank\">oversikten over dagens str\u00f8mpriser<\/a>.<\/p>\n<p class=\"_paragraph_1994c_4 _paragraph_xtcu6_10 layout-component text-serif-m layout-normal text-serif-m layout-padded\">Den delen av str\u00f8mprisen som markedet bestemmer \u2013 alts\u00e5 f\u00f8r nettleie og avgifter legges p\u00e5 \u2013 blir alts\u00e5 litt mer enn tredoblet.<\/p>\n<p class=\"_paragraph_1994c_4 _paragraph_xtcu6_10 layout-component text-serif-m layout-normal text-serif-m layout-padded\">Hva er det som skjer klokken 15? Jo, da \u00e5pner den nye kraftlinjen over Sognefjorden. I g\u00e5r skrev VG at <a href=\"https:\/\/www.vg.no\/nyheter\/i\/73bzM3\/den-nye-kraftlinjen-over-sognefjorden-kan-gjoere-stroemmen-dyrere\" data-track-element-type=\"Link\" data-track-id=\"link:73bzM3\" class=\"_link_1994c_39\" rel=\"nofollow noopener\" target=\"_blank\">det kan gi \u00f8kte priser<\/a> i Midt-Norge.<\/p>\n<p class=\"_paragraph_1994c_4 _paragraph_xtcu6_10 layout-component text-serif-m layout-normal text-serif-m layout-padded\">Den nye kraftlinjen gir st\u00f8rre kapasitet til \u00e5 flytte str\u00f8m mellom Midt-Norge og de tre str\u00f8mregionene i S\u00f8r-Norge. I sommer har vannmagasinene i Midt-Norge nesten rent over, og str\u00f8mmen har v\u00e6rt veldig billig. N\u00e5 kan mer av str\u00f8mmen sendes s\u00f8rover, der prisene er h\u00f8yere.<\/p>\n<p><img alt=\"Den nye kraftlinjen over Sognefjorden.  Foto: Isabel Haugjord, Statnett\" class=\"_image_qp4xg_65 layout-component layout-normal\" data-fullscreen- data-track-element-type=\"Article image fullscreen\" data-track-name=\"ImageFullscreen\" decoding=\"async\" loading=\"lazy\" height=\"4000\" itemprop=\"image\"  src=\"https:\/\/www.europesays.com\/no\/wp-content\/uploads\/2025\/10\/f60fe9ba-b9d2-4db1-9d7a-7992fb043f2e\"  style=\"object-position:0% 0%\" width=\"6000\"\/>Den nye kraftlinjen over Sognefjorden.  Foto: Isabel Haugjord, Statnett\u2013 Neppe tilfeldig<\/p>\n<p class=\"_paragraph_1994c_4 _paragraph_xtcu6_10 layout-component text-serif-m layout-normal text-serif-m layout-padded\">\u2013 Er det effekten av den nye kraftlinjen vi ser her?<\/p>\n<p class=\"_paragraph_1994c_4 _paragraph_xtcu6_10 layout-component text-serif-m layout-normal text-serif-m layout-padded\">\u2013 Alt tyder p\u00e5 det, sier redakt\u00f8r Anders Lie Brenna i Energiwatch.<\/p>\n<p class=\"_paragraph_1994c_4 _paragraph_xtcu6_10 layout-component text-serif-m layout-normal text-serif-m layout-padded\">\u2013 Dette er helt i tr\u00e5d med det analytikerne har forutsett. Man kan aldri utelukke tilfeldigheter, men det er nesten umulig \u00e5 se for seg noen annen forklaring enn at den nye kraftlinjen over Sognefjorden \u00e5pner, utdyper Brenna.<\/p>\n<p class=\"_paragraph_1994c_4 _paragraph_xtcu6_10 layout-component text-serif-m layout-normal text-serif-m layout-padded\">Klokken 17 i dag gj\u00f8r str\u00f8mprisen i Midt-Norge et nytt hopp. Da er det ingen ny kraftlinje som \u00e5pner.<\/p>\n<p class=\"_paragraph_1994c_4 _paragraph_xtcu6_10 layout-component text-serif-m layout-normal text-serif-m layout-padded\">\u2013 Det prishoppet skyldes faktisk en feil p\u00e5 tallene fra det svenske str\u00f8mmarkedet. Tallene som er lagt inn, tyder p\u00e5 at det skjer en stor endring i overf\u00f8ringskapasiteten mellom to regioner i Sverige akkurat da. Det gj\u00f8r det ikke. Men regnestykkene som beregnet dagens str\u00f8mpriser, trodde det. Og det understreker egentlig poenget: at endringer i str\u00f8mnettet gir endringer i str\u00f8mprisen, sier Brenna.<\/p>\n<p>Midt-Norge<\/p>\n<p class=\"_paragraph_1994c_4 _paragraph_xtcu6_10 _paragraph_16v91_10 layout-component text-serif-m layout-normal text-sans-m layout-padded\">Str\u00f8mregionen Midt-Norge omfatter mer enn det vi vanligvis omtaler som Midt-Norge. I tillegg til Tr\u00f8ndelag omfatter str\u00f8mregion Midt-Norge ogs\u00e5 mesteparten av Vestlandet nord for Sognefjorden.<\/p>\n<p>Vis merHva med Norgespris?<\/p>\n<p class=\"_paragraph_1994c_4 _paragraph_xtcu6_10 layout-component text-serif-m layout-normal text-serif-m layout-padded\">1. oktober ble det mulig \u00e5 bestille Norgespris, statens nye tilbud om fastpris p\u00e5 str\u00f8m.<\/p>\n<p class=\"_paragraph_1994c_4 _paragraph_xtcu6_10 layout-component text-serif-m layout-normal text-serif-m layout-padded\">Ekspertene har v\u00e6rt noks\u00e5 samstemte:<\/p>\n<ul class=\"_list_1994c_3 _list_xtcu6_9 _unordered_1994c_105 layout-component text-serif-m layout-normal text-serif-m layout-padded\">\n<li class=\"_item_1994c_30\">I str\u00f8mregionene Vest, S\u00f8rvest og S\u00f8r\u00f8st vil det antakelig l\u00f8nne seg med Norgespris.<\/li>\n<li class=\"_item_1994c_30\">I str\u00f8mregion Nord vil det antakelig ikke l\u00f8nne seg.<\/li>\n<li class=\"_item_1994c_30\">I str\u00f8mregion Midt er det vanskelig \u00e5 sp\u00e5.<\/li>\n<\/ul>\n<p class=\"_paragraph_1994c_4 _paragraph_xtcu6_10 layout-component text-serif-m layout-normal text-serif-m layout-padded\">Dagens prishopp er en av tingene som gj\u00f8r det vanskelig.<\/p>\n<p class=\"_paragraph_1994c_4 _paragraph_xtcu6_10 layout-component text-serif-m layout-normal text-serif-m layout-padded\">\u2013 Den nye kraftlinjen \u00f8ker sannsynligheten for at Norgespris vil v\u00e6re l\u00f8nnsomt ogs\u00e5 i Midt-Norge. Alle analytikerne har trodd at prisene der vil stige, men det har variert veldig hvor mye de har trodd den vil stige. N\u00e5 er det oktober, og prisene er allerede relativt h\u00f8ye. Men plutselig kan det bli mild vinter i Europa med mye vind og sol. Str\u00f8mmarkedet er notorisk vanskelig \u00e5 sp\u00e5, sier Anders Lie Brenna.<\/p>\n<p class=\"_paragraph_1994c_4 _paragraph_xtcu6_10 layout-component text-serif-m layout-normal text-serif-m layout-padded\"><a href=\"https:\/\/www.vg.no\/stromprisen\/\" class=\"_link_1994c_39\" rel=\"nofollow noopener\" target=\"_blank\">I VGs str\u00f8mspesial<\/a> finner du alt du lurer p\u00e5 om str\u00f8mprisene, str\u00f8mkabler, Norgespris, historiske- og fremtidige priser, fyllingsgrad og mye mer.<\/p>\n","protected":false},"excerpt":{"rendered":"Det skjer n\u00f8yaktig klokken 15 i dag, n\u00e5r den nye kraftlinjen over Sognefjorden settes i drift. Oppdatert torsdag&hellip;\n","protected":false},"author":2,"featured_media":50955,"comment_status":"","ping_status":"","sticky":false,"template":"","format":"standard","meta":{"footnotes":""},"categories":[10],"tags":[20,21,24,25,15,22,23,13,30,28,29,14,16,1501,26,27],"class_list":{"0":"post-50954","1":"post","2":"type-post","3":"status-publish","4":"format-standard","5":"has-post-thumbnail","7":"category-norge","8":"tag-breaking-news","9":"tag-breakingnews","10":"tag-featured-news","11":"tag-featurednews","12":"tag-headlines","13":"tag-latest-news","14":"tag-latestnews","15":"tag-news","16":"tag-no","17":"tag-norge","18":"tag-norway","19":"tag-nyheter","20":"tag-overskrifter","21":"tag-strompriser","22":"tag-top-stories","23":"tag-topstories"},"share_on_mastodon":{"url":"","error":""},"_links":{"self":[{"href":"https:\/\/www.europesays.com\/no\/wp-json\/wp\/v2\/posts\/50954","targetHints":{"allow":["GET"]}}],"collection":[{"href":"https:\/\/www.europesays.com\/no\/wp-json\/wp\/v2\/posts"}],"about":[{"href":"https:\/\/www.europesays.com\/no\/wp-json\/wp\/v2\/types\/post"}],"author":[{"embeddable":true,"href":"https:\/\/www.europesays.com\/no\/wp-json\/wp\/v2\/users\/2"}],"replies":[{"embeddable":true,"href":"https:\/\/www.europesays.com\/no\/wp-json\/wp\/v2\/comments?post=50954"}],"version-history":[{"count":0,"href":"https:\/\/www.europesays.com\/no\/wp-json\/wp\/v2\/posts\/50954\/revisions"}],"wp:featuredmedia":[{"embeddable":true,"href":"https:\/\/www.europesays.com\/no\/wp-json\/wp\/v2\/media\/50955"}],"wp:attachment":[{"href":"https:\/\/www.europesays.com\/no\/wp-json\/wp\/v2\/media?parent=50954"}],"wp:term":[{"taxonomy":"category","embeddable":true,"href":"https:\/\/www.europesays.com\/no\/wp-json\/wp\/v2\/categories?post=50954"},{"taxonomy":"post_tag","embeddable":true,"href":"https:\/\/www.europesays.com\/no\/wp-json\/wp\/v2\/tags?post=50954"}],"curies":[{"name":"wp","href":"https:\/\/api.w.org\/{rel}","templated":true}]}}