{"id":50962,"date":"2025-10-02T11:42:08","date_gmt":"2025-10-02T11:42:08","guid":{"rendered":"https:\/\/www.europesays.com\/no\/50962\/"},"modified":"2025-10-02T11:42:08","modified_gmt":"2025-10-02T11:42:08","slug":"slutt-a%cc%8a-bruke-vippestolen-umiddelbart","status":"publish","type":"post","link":"https:\/\/www.europesays.com\/no\/50962\/","title":{"rendered":"\u2013 Slutt a\u030a bruke vippestolen umiddelbart"},"content":{"rendered":"<p>  Yngri vippestol fra Barnas Hus kan falle sammen n\u00e5r barn sitter i den, advarer myndighetene.<\/p>\n<p>\n    Det advares om Yngri Vippestol for barn p\u00e5 nettsiden \u00abFarlige produkter\u00bb. Foto: Farlige Produkter \/ Handout \/ NTB\n  <\/p>\n<p>Vippestolen kan i enkelte tilfeller falle sammen na\u030ar barnet sitter i den, if\u00f8lge nettstedet\u00a0<a href=\"https:\/\/farligeprodukter.no\/produkt\/100629\" target=\"_blank\" rel=\"nofollow noopener\">Farlige produkter,<\/a>\u00a0som er myndighetenes nettportal for produkter som anses som farlige.<\/p>\n<p>Advarselen gjelder Yngri vippestol for barn opp til 9 kilo fra Barnas Hus i fargene beige og gr\u00e5, med sm\u00e5 leker. Vippestolen er solgt i juli-september 2025.<\/p>\n<p>\u2013 Slutt a\u030a bruke vippestolen umiddelbart, heter det.<\/p>\n<p>De som har kj\u00f8pt vippestolen b\u00f8r levere den tilbake til Barnas Hus for \u00e5 f\u00e5 tilbake pengene.<\/p>\n","protected":false},"excerpt":{"rendered":"Yngri vippestol fra Barnas Hus kan falle sammen n\u00e5r barn sitter i den, advarer myndighetene. Det advares om&hellip;\n","protected":false},"author":2,"featured_media":50963,"comment_status":"","ping_status":"","sticky":false,"template":"","format":"standard","meta":{"footnotes":""},"categories":[12],"tags":[7844,20,21,24,25,15,22,23,13,30,28,29,14,16,26,27,42,7845,43,44,45],"class_list":{"0":"post-50962","1":"post","2":"type-post","3":"status-publish","4":"format-standard","5":"has-post-thumbnail","7":"category-verden","8":"tag-barnas-hus","9":"tag-breaking-news","10":"tag-breakingnews","11":"tag-featured-news","12":"tag-featurednews","13":"tag-headlines","14":"tag-latest-news","15":"tag-latestnews","16":"tag-news","17":"tag-no","18":"tag-norge","19":"tag-norway","20":"tag-nyheter","21":"tag-overskrifter","22":"tag-top-stories","23":"tag-topstories","24":"tag-verden","25":"tag-vippestol","26":"tag-world","27":"tag-world-news","28":"tag-worldnews"},"share_on_mastodon":{"url":"","error":""},"_links":{"self":[{"href":"https:\/\/www.europesays.com\/no\/wp-json\/wp\/v2\/posts\/50962","targetHints":{"allow":["GET"]}}],"collection":[{"href":"https:\/\/www.europesays.com\/no\/wp-json\/wp\/v2\/posts"}],"about":[{"href":"https:\/\/www.europesays.com\/no\/wp-json\/wp\/v2\/types\/post"}],"author":[{"embeddable":true,"href":"https:\/\/www.europesays.com\/no\/wp-json\/wp\/v2\/users\/2"}],"replies":[{"embeddable":true,"href":"https:\/\/www.europesays.com\/no\/wp-json\/wp\/v2\/comments?post=50962"}],"version-history":[{"count":0,"href":"https:\/\/www.europesays.com\/no\/wp-json\/wp\/v2\/posts\/50962\/revisions"}],"wp:featuredmedia":[{"embeddable":true,"href":"https:\/\/www.europesays.com\/no\/wp-json\/wp\/v2\/media\/50963"}],"wp:attachment":[{"href":"https:\/\/www.europesays.com\/no\/wp-json\/wp\/v2\/media?parent=50962"}],"wp:term":[{"taxonomy":"category","embeddable":true,"href":"https:\/\/www.europesays.com\/no\/wp-json\/wp\/v2\/categories?post=50962"},{"taxonomy":"post_tag","embeddable":true,"href":"https:\/\/www.europesays.com\/no\/wp-json\/wp\/v2\/tags?post=50962"}],"curies":[{"name":"wp","href":"https:\/\/api.w.org\/{rel}","templated":true}]}}