{"id":50982,"date":"2025-10-02T12:11:10","date_gmt":"2025-10-02T12:11:10","guid":{"rendered":"https:\/\/www.europesays.com\/no\/50982\/"},"modified":"2025-10-02T12:11:10","modified_gmt":"2025-10-02T12:11:10","slug":"politi-drone-12-000-kroner-i-bot-til-dronepilot-i-svolvaer-fatt-varsle-om-utvisning-fra-norge","status":"publish","type":"post","link":"https:\/\/www.europesays.com\/no\/50982\/","title":{"rendered":"Politi, Drone | 12.000 kroner i bot til dronepilot i Svolv\u00e6r: \u2013 F\u00e5tt varsle om utvisning fra Norge"},"content":{"rendered":"\n<p><a href=\"https:\/\/www.lofotposten.no\/stoppet-drone-innenfor-forbudssonen\/s\/5-29-1236787\" rel=\"Follow nofollow noopener\" target=\"_blank\">Onsdag ettermiddag stoppet politiet et f\u00f8lge p\u00e5 \u00e5tte utenlandske turister ved Molteb\u00e6rholmen utenfor Svolv\u00e6r. En person fikk status som sikta, og ble anmeldt for \u00e5 fly drone innenfor forbudssonen til Svolv\u00e6r lufthavn.<\/a><\/p>\n<p>Det er droneforbud i store deler av Svolv\u00e6r, i fem kilometer radius fra flyplassen.<\/p>\n<p>Den siste tida har det v\u00e6rt mye fokus p\u00e5 droner som flys tett p\u00e5 blant annet flyplasser og andre anlegg.<\/p>\n<p><b>\u2013 Politiet i Nordland har opprettet flere saker som gjelder mulige droneobservasjoner i n\u00e6rheten av flyplass, milit\u00e6re anlegg og kritisk infrastruktur. Politiet jobber med \u00e5 identifisere om observasjonene var droner, eventuelt hvilken type, retning og plassering. Det tas avh\u00f8r av vitner og meldere, opplyser politiadvokat Torbj\u00f8rn Sandbu i Nordland politidistrikt.<\/b><\/p>\n<p>Ved to anledninger i det siste ledet politiets unders\u00f8kelser til p\u00e5gripelse av dronepilot for brudd p\u00e5 luftfartsloven om flyging innen 5 km fra flyplass. Den ene saken stammer fra Svolv\u00e6r, etter at politiet aksjonerte onsdag.<\/p>\n<p><b>\u2013 En kinesisk statsborger i et f\u00f8lge p\u00e5 \u00e5tte personer ble innbrakt etter droneflygning ved Helle lufthavn Svolv\u00e6r. Dronepiloten har f\u00e5tt ett forelegg p\u00e5 12000 kr, beslaglagt dronen og er gitt et forh\u00e5ndsvarsel om utvisning fra Norge.<\/b><\/p>\n<p>Tirsdag p\u00e5grep politiet tre tyske statsborgere ved R\u00f8ssvoll lufthavn Mo I Rana, grunnet ulovlig droneflygning.<\/p>\n<p>De tre er n\u00e5 l\u00f8slatt. De er i starten av 20-\u00e5rene og er siktet for flyging innenfor 5 kilometer-sonen fra flyplassen.<\/p>\n<p>I Br\u00f8nn\u00f8ysund ble det ogs\u00e5 meldt om droner ved lufthavna s\u00f8ndag. Her har politiet ikke avklart om det var droner, og heller ikke kontroll p\u00e5 eventuell dronepilot. Politiet har likevel grunn til \u00e5 tro at det var droner som ble observert.<\/p>\n<p><b>\u2013 Det er stor oppmerksomhet rundt droner, og flere melder ifra n\u00e5r de ser noe uvanlig. Det betyr ikke n\u00f8dvendigvis at det er flere ulovlige droner, men at det kommer flere tips \u2013 noe som er positivt for sikkerheten. Det er likevel ikke alltid mulig \u00e5 fastsl\u00e5 om det faktisk var en drone. Lys, fugler eller andre objekter kan se like ut. Gode beskrivelser hjelper politiet med \u00e5 sortere ut reelle hendelser, sier politiadvokat Torbj\u00f8rn Sandbu.<\/b><\/p>\n<p><a href=\"https:\/\/www.an.no\/drone-observert-i-bodo-dette-sier-politiet\/s\/5-4-2253504\" rel=\"Follow nofollow noopener\" target=\"_blank\">Avisa Nordland<\/a> omtalte torsdag morgen at ei drone skal ha blitt observert innenfor forbudssonen i Bod\u00f8.<\/p>\n<p>  <a href=\"https:\/\/www.lofotposten.no\/5-29-1236787\" class=\"related-teaser has-image default-story-teaser article--c-eRUmMG article--c-eRUmMG-jKCPdD-design-default\" rel=\"nofollow noopener\" target=\"_blank\"><\/p>\n<p>    <img decoding=\"async\" loading=\"lazy\"  src=\"https:\/\/www.europesays.com\/no\/wp-content\/uploads\/2025\/10\/1759407069_266_Droneflyging.jpg\" alt=\"\" class=\"brick-c-cFOWSL\" style=\"\"\/><\/p>\n<p>\n            Les ogs\u00e5<\/p>\n<p>              Stoppet drone innenfor forbudssonen\n        <\/p>\n<p>  <\/a><\/p>\n<p>  <a href=\"https:\/\/www.lofotposten.no\/5-29-1236378\" class=\"related-teaser has-image default-story-teaser article--c-eRUmMG article--c-eRUmMG-jKCPdD-design-default\" rel=\"nofollow noopener\" target=\"_blank\"><\/p>\n<p>    <img decoding=\"async\" loading=\"lazy\"  src=\"https:\/\/www.europesays.com\/no\/wp-content\/uploads\/2025\/10\/opsen.jpg\" alt=\"\" class=\"brick-c-cFOWSL\" style=\"\"\/><\/p>\n<p>\n            Les ogs\u00e5<\/p>\n<p>              Politiet: \u2013\u2060 Film f\u00f8rst, ring oss etterp\u00e5\n        <\/p>\n<p>  <\/a><\/p>\n","protected":false},"excerpt":{"rendered":"Onsdag ettermiddag stoppet politiet et f\u00f8lge p\u00e5 \u00e5tte utenlandske turister ved Molteb\u00e6rholmen utenfor Svolv\u00e6r. En person fikk status&hellip;\n","protected":false},"author":2,"featured_media":9634,"comment_status":"","ping_status":"","sticky":false,"template":"","format":"standard","meta":{"footnotes":""},"categories":[10],"tags":[36,20,21,3923,24,25,15,22,23,13,30,28,29,14,16,254,1510,1457,26,27,1459],"class_list":{"0":"post-50982","1":"post","2":"type-post","3":"status-publish","4":"format-standard","5":"has-post-thumbnail","7":"category-norge","8":"tag-art","9":"tag-breaking-news","10":"tag-breakingnews","11":"tag-drone","12":"tag-featured-news","13":"tag-featurednews","14":"tag-headlines","15":"tag-latest-news","16":"tag-latestnews","17":"tag-news","18":"tag-no","19":"tag-norge","20":"tag-norway","21":"tag-nyheter","22":"tag-overskrifter","23":"tag-politi","24":"tag-story","25":"tag-svolvaer","26":"tag-top-stories","27":"tag-topstories","28":"tag-vagan"},"share_on_mastodon":{"url":"","error":""},"_links":{"self":[{"href":"https:\/\/www.europesays.com\/no\/wp-json\/wp\/v2\/posts\/50982","targetHints":{"allow":["GET"]}}],"collection":[{"href":"https:\/\/www.europesays.com\/no\/wp-json\/wp\/v2\/posts"}],"about":[{"href":"https:\/\/www.europesays.com\/no\/wp-json\/wp\/v2\/types\/post"}],"author":[{"embeddable":true,"href":"https:\/\/www.europesays.com\/no\/wp-json\/wp\/v2\/users\/2"}],"replies":[{"embeddable":true,"href":"https:\/\/www.europesays.com\/no\/wp-json\/wp\/v2\/comments?post=50982"}],"version-history":[{"count":0,"href":"https:\/\/www.europesays.com\/no\/wp-json\/wp\/v2\/posts\/50982\/revisions"}],"wp:featuredmedia":[{"embeddable":true,"href":"https:\/\/www.europesays.com\/no\/wp-json\/wp\/v2\/media\/9634"}],"wp:attachment":[{"href":"https:\/\/www.europesays.com\/no\/wp-json\/wp\/v2\/media?parent=50982"}],"wp:term":[{"taxonomy":"category","embeddable":true,"href":"https:\/\/www.europesays.com\/no\/wp-json\/wp\/v2\/categories?post=50982"},{"taxonomy":"post_tag","embeddable":true,"href":"https:\/\/www.europesays.com\/no\/wp-json\/wp\/v2\/tags?post=50982"}],"curies":[{"name":"wp","href":"https:\/\/api.w.org\/{rel}","templated":true}]}}