{"id":50983,"date":"2025-10-02T12:14:17","date_gmt":"2025-10-02T12:14:17","guid":{"rendered":"https:\/\/www.europesays.com\/no\/50983\/"},"modified":"2025-10-02T12:14:17","modified_gmt":"2025-10-02T12:14:17","slug":"kim-kardashian-saksoker-ray-j-for-aereskrenkelse-og-trakassering","status":"publish","type":"post","link":"https:\/\/www.europesays.com\/no\/50983\/","title":{"rendered":"Kim Kardashian saks\u00f8ker Ray J for \u00e6reskrenkelse og trakassering"},"content":{"rendered":"<p class=\"kicker t20\" style=\"\">Superstjernen i tr\u00f8bbel:<\/p>\n<p>  Snart tyve \u00e5r etter at virvelvind-romansen ble en snakkis, g\u00e5r Kim Kardashian til s\u00f8ksm\u00e5l mot sin tidligere kj\u00e6reste.<\/p>\n<p>\n    BITTER STRID?: Ray J har kommet med knallharde anklager mot sin ekskj\u00e6reste. N\u00e5 har hun levert inn et s\u00f8ksm\u00e5l mot ham. Foto: Skjermdump fra Internett\n  <\/p>\n<p>Realitystjerne Kim Kardashian (44) har g\u00e5tt til s\u00f8ksm\u00e5l mot sin tidligere kj\u00e6reste &#8211; artisten Ray J (44), hvor superstjernen n\u00e5 anklager eks-kj\u00e6resten for \u00e6reskrenkelse.<\/p>\n<p>\u00c5rsaken bak dette skal v\u00e6re at Ray J angivelig hevdet at den ber\u00f8mte familien er under etterforskning hos myndigheter, skriver den britiske avisen <a href=\"https:\/\/www.dailymail.co.uk\/tvshowbiz\/article-15153695\/Kim-Kardashian-SUES-ex-Ray-J-federal-investigation-diddy.html\" rel=\"nofollow noopener\" target=\"_blank\">Daily Mail<\/a>.<\/p>\n<p>    <a itemprop=\"url\" href=\"https:\/\/www.seher.no\/kjendis\/ryktene-florerer\/83578964\" rel=\"nofollow noopener\" target=\"_blank\"><\/p>\n<p>      <img loading=\"lazy\" decoding=\"async\" src=\"https:\/\/www.europesays.com\/no\/wp-content\/uploads\/2025\/10\/83579139.webp\" width=\"980\" height=\"441\" title=\"Ryktene florerer\" alt=\"\" class=\"lazyload\" style=\"--aspect-ratio-image: 2.22; \"\/><\/p>\n<p>        Ryktene florerer<\/p>\n<p>    <\/a><\/p>\n<p>Kardashian, som var involvert i en beryktet sex-tape med musikeren under deres korte romanse i 2007, hevder i s\u00f8ksm\u00e5let, innhentet av Daily Mail at Ray J har\u00a0\u00abdeltatt i en vedvarende kampanje for trakassering og \u00e6reskrenkelse\u00bb mot dem i mer enn over to ti\u00e5r.<\/p>\n<p>          <img loading=\"lazy\" decoding=\"async\" src=\"https:\/\/www.europesays.com\/no\/wp-content\/uploads\/2025\/10\/83670275.webp\" width=\"980\" height=\"559\" title=\"GIKK VIRALT: Selv om Ray J og Kim Kardashian hadde en noks\u00e5 kortvarig romanse, blir den fortsatt snakket om - snart 20 \u00e5r senere. Foto: Skjermdump fra Internett\" alt=\"\" class=\"\" style=\"--aspect-ratio-image: 1.75; \"\/><\/p>\n<p>\n          GIKK VIRALT: Selv om Ray J og Kim Kardashian hadde en noks\u00e5 kortvarig romanse, blir den fortsatt snakket om &#8211; snart 20 \u00e5r senere. Foto: Skjermdump fra Internett\n      <\/p>\n<p>S\u00f8ksm\u00e5let kommer bare dager etter at Ray J sjokkerte fansen sin ved \u00e5 hevde at han hadde jobbet med f\u00f8derale myndigheter for \u00e5 bygge en RICO-sak mot Kardashian og hennes mot, Kris Jenner (67).<\/p>\n<p>    Hva er RICO?<\/p>\n<p>Racketeer Influenced and Corrupt Organizations Act\u00a0(ofte forkortet\u00a0RICO Act\u00a0eller simpelthen\u00a0RICO) er en amerikansk f\u00f8deral lov\u00a0som gir utvidet straff for kriminelle handlinger som blir utf\u00f8rt i forbindelse med en kriminell organisasjon.<\/p>\n<p>RICO er kodifisert\u00a0i paragraf 901(a) i Organized Crime Control Act av 1970, som ble sanksjonert\u00a0av president Richard M. Nixon.<\/p>\n<p>      Vis mer<br \/>\n      Vis mindre<\/p>\n<p>Under en livestream, som siden har g\u00e5tt viralt, sa han at han\u00a0\u00abkommer til \u00e5 si mye dritt\u00bb om den verdenskjente familien, men ga ikke detaljer om hva han hevder at ekskj\u00e6resten og hennes familie har gjort.<\/p>\n<p>I klippet som n\u00e5 sirkulerer p\u00e5 sosiale medier, anklaget artisten eksen sin for utpressingskonspirasjon, og skal ha sagt f\u00f8lgende;<\/p>\n<p class=\"italic m-italic font-weight-bold m-font-weight-bold\" data-lab-italic=\"italic\" data-lab-font_weight=\"font-weight-bold\">\u00abAlle som er kule med Kim, de m\u00e5 fortelle henne n\u00e5; myndighetene kommer. Det er ingenting jeg kan gj\u00f8re med det.\u00bb<\/p>\n<p>I s\u00f8ksm\u00e5let fra realitystjernen, som if\u00f8lge Daily Mail ble anlagt onsdag, hevdes det at Ray J ikke var i stand til \u00e5 akseptere slutten p\u00e5 det flyktige forholdet til Kim Kardashian.\u00a0<\/p>\n<p>        EN SP\u00d8K? Kim Kardashian f\u00e5r internett til \u00e5 m\u00e5pe i ny reklamevideo for klesmerket SKIMS. Video: SKIMS. Reporter: Anabelle Bruun\/Dagbladet TV. Foto: Astrid Waller<\/p>\n<p>I s\u00f8ksm\u00e5let heter det ogs\u00e5 at artisten til stadighet skal ha fors\u00f8kt \u00e5 knytte seg til Kim Kardashian og utnytte deres fremtredende rolle for personlig vinning.<\/p>\n<p>    <a itemprop=\"url\" href=\"https:\/\/www.seher.no\/kjendis\/skammer-seg-over-utstyret-sitt\/83463998\" rel=\"nofollow noopener\" target=\"_blank\"><\/p>\n<p>      <img loading=\"lazy\" decoding=\"async\" src=\"https:\/\/www.europesays.com\/no\/wp-content\/uploads\/2025\/10\/83464086.webp\" width=\"980\" height=\"441\" title=\"Skammer seg over \u00abutstyret\u00bb sitt\" alt=\"\" class=\"lazyload\" style=\"--aspect-ratio-image: 2.22; \"\/><\/p>\n<p>        Skammer seg over \u00abutstyret\u00bb sitt<\/p>\n<p>    <\/a><\/p>\n<p>Daily Mail har kontaktet representanter for Ray J for kommentarer, men har hittil ikke lyktes med \u00e5 f\u00e5 dette.<\/p>\n","protected":false},"excerpt":{"rendered":"Superstjernen i tr\u00f8bbel: Snart tyve \u00e5r etter at virvelvind-romansen ble en snakkis, g\u00e5r Kim Kardashian til s\u00f8ksm\u00e5l mot&hellip;\n","protected":false},"author":2,"featured_media":50984,"comment_status":"","ping_status":"","sticky":false,"template":"","format":"standard","meta":{"footnotes":""},"categories":[58],"tags":[4104,71,1861,479,30,28,29,7847,1713,72],"class_list":{"0":"post-50983","1":"post","2":"type-post","3":"status-publish","4":"format-standard","5":"has-post-thumbnail","7":"category-underholdning","8":"tag-eksklusivt","9":"tag-entertainment","10":"tag-kim-kardashian","11":"tag-kjendis","12":"tag-no","13":"tag-norge","14":"tag-norway","15":"tag-ray-j","16":"tag-soksmal","17":"tag-underholdning"},"share_on_mastodon":{"url":"","error":""},"_links":{"self":[{"href":"https:\/\/www.europesays.com\/no\/wp-json\/wp\/v2\/posts\/50983","targetHints":{"allow":["GET"]}}],"collection":[{"href":"https:\/\/www.europesays.com\/no\/wp-json\/wp\/v2\/posts"}],"about":[{"href":"https:\/\/www.europesays.com\/no\/wp-json\/wp\/v2\/types\/post"}],"author":[{"embeddable":true,"href":"https:\/\/www.europesays.com\/no\/wp-json\/wp\/v2\/users\/2"}],"replies":[{"embeddable":true,"href":"https:\/\/www.europesays.com\/no\/wp-json\/wp\/v2\/comments?post=50983"}],"version-history":[{"count":0,"href":"https:\/\/www.europesays.com\/no\/wp-json\/wp\/v2\/posts\/50983\/revisions"}],"wp:featuredmedia":[{"embeddable":true,"href":"https:\/\/www.europesays.com\/no\/wp-json\/wp\/v2\/media\/50984"}],"wp:attachment":[{"href":"https:\/\/www.europesays.com\/no\/wp-json\/wp\/v2\/media?parent=50983"}],"wp:term":[{"taxonomy":"category","embeddable":true,"href":"https:\/\/www.europesays.com\/no\/wp-json\/wp\/v2\/categories?post=50983"},{"taxonomy":"post_tag","embeddable":true,"href":"https:\/\/www.europesays.com\/no\/wp-json\/wp\/v2\/tags?post=50983"}],"curies":[{"name":"wp","href":"https:\/\/api.w.org\/{rel}","templated":true}]}}