{"id":5099,"date":"2025-08-11T14:21:10","date_gmt":"2025-08-11T14:21:10","guid":{"rendered":"https:\/\/www.europesays.com\/no\/5099\/"},"modified":"2025-08-11T14:21:10","modified_gmt":"2025-08-11T14:21:10","slug":"boligbygging-studentby-kommunen-kan-bidra","status":"publish","type":"post","link":"https:\/\/www.europesays.com\/no\/5099\/","title":{"rendered":"Boligbygging, Studentby | Kommunen kan bidra"},"content":{"rendered":"\n<p>B\u00e5de de som er helt ferske studenter, og de som kommer tilbake for et nytt semester, har mye \u00e5 se frem til ogs\u00e5 i studie\u00e5ret 2025\/2026. Troms\u00f8 er en attraktiv by med spektakul\u00e6re omgivelser og et aktivt kultur- og uteliv som gj\u00f8r byen mangfoldig og dynamisk. <\/p>\n<p>Veksten i reiselivsn\u00e6ringen har gjort Troms\u00f8 til en by med direkte flyforbindelser til noen av de store metropolene i Europa: Paris, London, Wien, Milan, Berlin, Z\u00fcrich og K\u00f8benhavn er noen av stedene man kan n\u00e5 fra Troms\u00f8 store deler av \u00e5ret.<\/p>\n<p>Studerer man i Troms\u00f8, kommer man i kontakt med hele verden. Studentene er i tillegg en viktig arbeidskraft i byen. Noe som gj\u00f8r det fullt mulig \u00e5 f\u00e5 interessante deltidsjobber som kan gj\u00f8re \u00f8konomien mer romslig for en student.<\/p>\n<p><b>Samtidig er heller ikke Troms\u00f8 uten utfordringer. Byen er popul\u00e6r som studiested, som turiststed og som arbeidsmarked. Boligbyggingen har ikke v\u00e6rt rask nok til \u00e5 fylle alle disse behovene.<\/b><\/p>\n<p>  <a href=\"https:\/\/www.nordnorskdebatt.no\/5-124-378415\" class=\"related-teaser has-image default-opinion-teaser article--c-eRUmMG article--c-eRUmMG-jKCPdD-design-default\" rel=\"nofollow noopener\" target=\"_blank\"><\/p>\n<p>    <img decoding=\"async\" loading=\"lazy\"  src=\"https:\/\/www.europesays.com\/no\/wp-content\/uploads\/2025\/08\/H%C3%B8ring+foto.JPG\" alt=\"\" class=\"brick-c-cFOWSL\" style=\"\"\/><\/p>\n<p>\n            Les ogs\u00e5<\/p>\n<p>              Alt er bra i Troms\u00f8 kommune\n        <\/p>\n<p>  <\/a><\/p>\n<p>Det er dyrt \u00e5 bo i byen, og det er ikke s\u00e5 lett \u00e5 konkurrere i et boligmarked der ogs\u00e5 Airbnb legger beslag p\u00e5 boligene.<\/p>\n<p>Studentsamskipnaden har bygget nye boliger i senere tid &#8211; men rekker ikke \u00e5 dekke ettersp\u00f8rselen. Ogs\u00e5 private akt\u00f8rer har bygget studentblokker. Det er \u00e5penbart mulig og \u00f8nskelig at flere boliger bygges, ogs\u00e5 for studentene.<\/p>\n<p>Troms\u00f8 kan vokse mer. Og den b\u00f8r vokse mer. Det er politikernes ansvar \u00e5 legge til rette for det p\u00e5 lang sikt ved \u00e5 regulere for nybygg. Men det tar tid.<\/p>\n<p>Troms\u00f8politikere kan gj\u00f8re noe p\u00e5 kort sikt for studentene ogs\u00e5.<\/p>\n<p>\u2013 Kommunen har en stor boligmasse som ikke brukes, som for eksempel Kroken sykehjem, sier H\u00f8yres Markus Akselbo til iTroms\u00f8.<\/p>\n<p>Han foresl\u00e5r at sykehjemmet brukes som midlertidige studentboliger. Gunnar Wilhelmsen (Ap) er \u00e5pen for forslaget, forutsatt en god dialog med Studentsamskipnaden.<\/p>\n<p><b>Det er kostbart for kommunen at alle de tomme eiendommene bare st\u00e5r til forfall. Kommunen vil kunne hente inn noen leieinntekter p\u00e5 et samarbeid med Samskipnaden. Det vil tjene studentene godt. <\/b><\/p>\n<p>Vi ser bare fordeler med at den ubrukte eiendomsmassen i Troms\u00f8 kommune brukes midlertidig som studentboliger, mens Samskipnaden planlegger for flere nybygg.<\/p>\n<p>  <a href=\"https:\/\/www.nordnorskdebatt.no\/5-124-375018\" class=\"related-teaser has-image default-opinion-teaser article--c-eRUmMG article--c-eRUmMG-jKCPdD-design-default\" rel=\"nofollow noopener\" target=\"_blank\"><\/p>\n<p>    <img decoding=\"async\" loading=\"lazy\"  src=\"https:\/\/www.europesays.com\/no\/wp-content\/uploads\/2025\/08\/Bolig+Fl%C3%B8ylia.jpg\" alt=\"\" class=\"brick-c-cFOWSL\" style=\"\"\/><\/p>\n<p>\n            Les ogs\u00e5<\/p>\n<p>              Vil bygge boliger, men for hvem?\n        <\/p>\n<p>  <\/a><\/p>\n","protected":false},"excerpt":{"rendered":"B\u00e5de de som er helt ferske studenter, og de som kommer tilbake for et nytt semester, har mye&hellip;\n","protected":false},"author":2,"featured_media":5100,"comment_status":"","ping_status":"","sticky":false,"template":"","format":"standard","meta":{"footnotes":""},"categories":[5],"tags":[36,1257,1259,20,21,24,25,15,19,22,23,246,17,18,13,30,28,29,14,16,1258,26,27,263],"class_list":{"0":"post-5099","1":"post","2":"type-post","3":"status-publish","4":"format-standard","5":"has-post-thumbnail","7":"category-overskrifter","8":"tag-art","9":"tag-boligbygging","10":"tag-boligmarkedet","11":"tag-breaking-news","12":"tag-breakingnews","13":"tag-featured-news","14":"tag-featurednews","15":"tag-headlines","16":"tag-hovedoppslag","17":"tag-latest-news","18":"tag-latestnews","19":"tag-leder","20":"tag-main-news","21":"tag-mainnews","22":"tag-news","23":"tag-no","24":"tag-norge","25":"tag-norway","26":"tag-nyheter","27":"tag-overskrifter","28":"tag-studentby","29":"tag-top-stories","30":"tag-topstories","31":"tag-tromso"},"share_on_mastodon":{"url":"","error":""},"_links":{"self":[{"href":"https:\/\/www.europesays.com\/no\/wp-json\/wp\/v2\/posts\/5099","targetHints":{"allow":["GET"]}}],"collection":[{"href":"https:\/\/www.europesays.com\/no\/wp-json\/wp\/v2\/posts"}],"about":[{"href":"https:\/\/www.europesays.com\/no\/wp-json\/wp\/v2\/types\/post"}],"author":[{"embeddable":true,"href":"https:\/\/www.europesays.com\/no\/wp-json\/wp\/v2\/users\/2"}],"replies":[{"embeddable":true,"href":"https:\/\/www.europesays.com\/no\/wp-json\/wp\/v2\/comments?post=5099"}],"version-history":[{"count":0,"href":"https:\/\/www.europesays.com\/no\/wp-json\/wp\/v2\/posts\/5099\/revisions"}],"wp:featuredmedia":[{"embeddable":true,"href":"https:\/\/www.europesays.com\/no\/wp-json\/wp\/v2\/media\/5100"}],"wp:attachment":[{"href":"https:\/\/www.europesays.com\/no\/wp-json\/wp\/v2\/media?parent=5099"}],"wp:term":[{"taxonomy":"category","embeddable":true,"href":"https:\/\/www.europesays.com\/no\/wp-json\/wp\/v2\/categories?post=5099"},{"taxonomy":"post_tag","embeddable":true,"href":"https:\/\/www.europesays.com\/no\/wp-json\/wp\/v2\/tags?post=5099"}],"curies":[{"name":"wp","href":"https:\/\/api.w.org\/{rel}","templated":true}]}}