{"id":51011,"date":"2025-10-02T12:50:16","date_gmt":"2025-10-02T12:50:16","guid":{"rendered":"https:\/\/www.europesays.com\/no\/51011\/"},"modified":"2025-10-02T12:50:16","modified_gmt":"2025-10-02T12:50:16","slug":"dodsfall-reality-tv-legger-realityserie-pa-hyllen-etter-dodsfall","status":"publish","type":"post","link":"https:\/\/www.europesays.com\/no\/51011\/","title":{"rendered":"D\u00f8dsfall, Reality-TV | Legger realityserie p\u00e5 hyllen etter d\u00f8dsfall"},"content":{"rendered":"\n<p>Den svenske realityserien \u00abBerget\u00bb, som er en svensk versjon av den norske \u00abVokteren\u00bb, er lagt p\u00e5 is av TV4 etter en tragisk hendelse i august i fjor, skriver <a href=\"https:\/\/www.aftonbladet.se\/nojesbladet\/a\/rPkQo0\/efter-dodsolyckan-tv4-sander-inte-berget\" rel=\"nofollow noopener\" target=\"_blank\">Aftonbladet<\/a>.<\/p>\n<p><a href=\"https:\/\/www.fremover.no\/markus-51-dode-familien-reagerer\/s\/5-17-1277175\" rel=\"Follow nofollow noopener\" target=\"_blank\">Under innspillingen i Narvik omkom deltageren Markus Holmer (51) av akutt sykdom, etter \u00e5 ha f\u00e5tt hjertestans under en av seriens oppgaver.<\/a><\/p>\n<p>D\u00f8dsfallet f\u00f8rte til at TV4 umiddelbart stanset innspillingen, og n\u00e5 er hele prosjektet satt p\u00e5 vent. Fredrik Arefalk, kanal- og innholdsdirekt\u00f8r i TV4, beskriver hendelsen som en \u00absmertefull historie\u00bb som har preget alle involverte, men utelukker ikke at serien kan gjenopptas p\u00e5 et senere tidspunkt.<\/p>\n<p>\u00abBerget\u00bb var planlagt som en stor satsning med rapperen Petter som programleder, der deltakerne skulle bestige Stetinden i Narvik. <a href=\"https:\/\/www.fremover.no\/tv-2-endrer-navn-pa-serie-etter-dodsfall\/s\/5-17-1268790\" rel=\"Follow nofollow noopener\" target=\"_blank\">Som en f\u00f8lge av d\u00f8dsfallet valgte ogs\u00e5 TV 2 \u00e5 fjerne deler av tittelen p\u00e5 sin norske versjon av serien.<\/a><\/p>\n<p>Holmers familie har i ettertid kritisert at han fikk delta, da hans helsesjekk viste h\u00f8yt blodtrykk. TV4s kommunikasjonssjef Karin Nyman har opplyst at leger gjorde flere vurderinger, men har ikke kommentert helsesjekkresultatene direkte.<\/p>\n<p>  <a href=\"https:\/\/www.fremover.no\/5-17-1268509\" class=\"related-teaser has-image default-story-teaser article--c-eRUmMG article--c-eRUmMG-jKCPdD-design-default\" rel=\"nofollow noopener\" target=\"_blank\"><\/p>\n<p>    <img decoding=\"async\" loading=\"lazy\"  src=\"https:\/\/www.europesays.com\/no\/wp-content\/uploads\/2025\/10\/IMG_6979.jpg\" alt=\"\" class=\"brick-c-cFOWSL\" style=\"\"\/><\/p>\n<p>\n            Les ogs\u00e5<\/p>\n<p>              Svensk realitydeltaker d\u00f8de under innspilling\n        <\/p>\n<p>  <\/a><\/p>\n<p>  <a href=\"https:\/\/www.fremover.no\/5-17-1269008\" class=\"related-teaser has-image default-story-teaser article--c-eRUmMG article--c-eRUmMG-jKCPdD-design-default\" rel=\"nofollow noopener\" target=\"_blank\"><\/p>\n<p>    <img decoding=\"async\" loading=\"lazy\"  src=\"https:\/\/www.europesays.com\/no\/wp-content\/uploads\/2025\/10\/IMG_4997.jpg\" alt=\"\" class=\"brick-c-cFOWSL\" style=\"\"\/><\/p>\n<p>\n            Les ogs\u00e5<\/p>\n<p>              Stanser svensk TV-innspilling etter d\u00f8dsfall\n        <\/p>\n<p>  <\/a><\/p>\n","protected":false},"excerpt":{"rendered":"Den svenske realityserien \u00abBerget\u00bb, som er en svensk versjon av den norske \u00abVokteren\u00bb, er lagt p\u00e5 is av&hellip;\n","protected":false},"author":2,"featured_media":51012,"comment_status":"","ping_status":"","sticky":false,"template":"","format":"standard","meta":{"footnotes":""},"categories":[58],"tags":[36,7849,576,71,30,28,29,2177,1510,72],"class_list":{"0":"post-51011","1":"post","2":"type-post","3":"status-publish","4":"format-standard","5":"has-post-thumbnail","7":"category-underholdning","8":"tag-art","9":"tag-berget","10":"tag-dodsfall","11":"tag-entertainment","12":"tag-no","13":"tag-norge","14":"tag-norway","15":"tag-reality-tv","16":"tag-story","17":"tag-underholdning"},"share_on_mastodon":{"url":"","error":""},"_links":{"self":[{"href":"https:\/\/www.europesays.com\/no\/wp-json\/wp\/v2\/posts\/51011","targetHints":{"allow":["GET"]}}],"collection":[{"href":"https:\/\/www.europesays.com\/no\/wp-json\/wp\/v2\/posts"}],"about":[{"href":"https:\/\/www.europesays.com\/no\/wp-json\/wp\/v2\/types\/post"}],"author":[{"embeddable":true,"href":"https:\/\/www.europesays.com\/no\/wp-json\/wp\/v2\/users\/2"}],"replies":[{"embeddable":true,"href":"https:\/\/www.europesays.com\/no\/wp-json\/wp\/v2\/comments?post=51011"}],"version-history":[{"count":0,"href":"https:\/\/www.europesays.com\/no\/wp-json\/wp\/v2\/posts\/51011\/revisions"}],"wp:featuredmedia":[{"embeddable":true,"href":"https:\/\/www.europesays.com\/no\/wp-json\/wp\/v2\/media\/51012"}],"wp:attachment":[{"href":"https:\/\/www.europesays.com\/no\/wp-json\/wp\/v2\/media?parent=51011"}],"wp:term":[{"taxonomy":"category","embeddable":true,"href":"https:\/\/www.europesays.com\/no\/wp-json\/wp\/v2\/categories?post=51011"},{"taxonomy":"post_tag","embeddable":true,"href":"https:\/\/www.europesays.com\/no\/wp-json\/wp\/v2\/tags?post=51011"}],"curies":[{"name":"wp","href":"https:\/\/api.w.org\/{rel}","templated":true}]}}