{"id":51026,"date":"2025-10-02T13:02:10","date_gmt":"2025-10-02T13:02:10","guid":{"rendered":"https:\/\/www.europesays.com\/no\/51026\/"},"modified":"2025-10-02T13:02:10","modified_gmt":"2025-10-02T13:02:10","slug":"straumprisar-statnett-set-aurland-sogndal-i-drift","status":"publish","type":"post","link":"https:\/\/www.europesays.com\/no\/51026\/","title":{"rendered":"Straumprisar, Statnett | Set Aurland-Sogndal i drift"},"content":{"rendered":"\n<p>Statnett melder at Aurland-Sogndal vil vera tilgjengeleg for marknaden fr\u00e5 torsdag ettermiddag klokka 15.<\/p>\n<p>Dermed er den mykje omtalte kraftlinja operativ, og mange sp\u00f8r seg korleis det p\u00e5verkar prisane i dei ulike sonene.<\/p>\n<p>D\u00e5 straumprisane skaut i v\u00earet for nokre \u00e5r sidan, vart det synleg ein stor skilnad mellom prissona som Indre Sogn h\u00f8yrer til, og prissona lenger nord.<\/p>\n<p>\u00c5rsaka har vore flaskehalsen i Sogn. Det har ikkje har vore god nok kapasitet til \u00e5 overf\u00f8ra meir straum fr\u00e5 Midt-Noreg lenger s\u00f8r.<\/p>\n<p>P\u00e5verkar prisane<\/p>\n<p>Det er venta at prisane i Midt-Noreg vil bli kring 20 \u00f8re h\u00f8gare denne vinteren p\u00e5 grunn av kraftlinja, men det betyr ikkje n\u00f8dvendigvis at prisane blir tilsvarande l\u00e5gare i S\u00f8r-Noreg.<\/p>\n<p>  <a href=\"https:\/\/www.sognavis.no\/5-115-1342988\" class=\"related-teaser has-image default-story-teaser article--c-eRUmMG article--c-eRUmMG-jKCPdD-design-default\" rel=\"nofollow noopener\" target=\"_blank\"><\/p>\n<p>    <img decoding=\"async\" loading=\"lazy\"  src=\"https:\/\/www.europesays.com\/no\/wp-content\/uploads\/2025\/10\/sogndal1.jpg\" alt=\"\" class=\"brick-c-cFOWSL\" style=\"\"\/><\/p>\n<p>\n            Les ogs\u00e5<\/p>\n<p>              Ny straumkabel straks ferdig: Vil gi mykje h\u00f8gare pris til vinteren\n        <\/p>\n<p>  <\/a><\/p>\n<p>Reier Lilleholt, analysesjef i Volue Insight, seier til <a href=\"https:\/\/www.vg.no\/nyheter\/i\/73bzM3\/den-nye-kraftlinjen-over-sognefjorden-kan-gjoere-stroemmen-dyrere\" rel=\"Follow nofollow noopener\" target=\"_blank\">VG<\/a> at volumet ikkje er stort nok til \u00e5 senka prisane s\u00e5 mykje i S\u00f8r-Noreg. Statnett reknar med at kraftlinja vil utjamna prisskilnadene mellom landsdelane p\u00e5 lenger sikt, og trur prisane i S\u00f8r-Noreg dei n\u00e6rmaste par \u00e5ra vil bli l\u00e5gare, fordi prisane p\u00e5 kontinentet s\u00f8kk.<\/p>\n<p><b>Spotprisen i NO5 (Vest) og NO3 (Midt):<\/b><\/p>\n<p>Mange vil lura p\u00e5 om linja f\u00f8rer til prishoppet i Midt-Noreg i ettermiddag.<\/p>\n<p>\u2013 Det er mange faktorar som p\u00e5verkar prisane, og utvekslingskapasitet er absolutt ein av dei. Men i Nord-Sverige er det p\u00e5 same tidspunkt veldig stor negativ pris, s\u00e5 me treng \u00e5 analysera kva som driv prisendringane, seier kraftanalytikar i SFE Ole Johnny Nesdal til <a href=\"https:\/\/www.firda.no\/sognefjord-kabelen-opnar-i-morgon-og-straumprisen-gjer-eit-byks\/s\/5-15-1950966\" rel=\"Follow nofollow noopener\" target=\"_blank\">Firda.<\/a><\/p>\n<p>Statnett har tidlegare varsla at Aurland-Sogndal ville vera tilgjengeleg fr\u00e5 marknaden fr\u00e5 og med 26. september i \u00e5r, men det var forseinkingar i tilpassingar til kontrollanlegget.<\/p>\n<p>No er mange \u00e5rs byggjearbeid ferdig.<\/p>\n<p>  <a href=\"https:\/\/www.sognavis.no\/5-115-1338036\" class=\"related-teaser has-image default-feature-teaser article--c-eRUmMG article--c-eRUmMG-jKCPdD-design-default\" rel=\"nofollow noopener\" target=\"_blank\"><\/p>\n<p>    <img decoding=\"async\" loading=\"lazy\"  src=\"https:\/\/www.europesays.com\/no\/wp-content\/uploads\/2025\/10\/0c75cca4-2a02-4e1c-8f0a-ac4337636f66.jpeg\" alt=\"\" class=\"brick-c-cFOWSL\" style=\"\"\/><\/p>\n<p>\n            Les ogs\u00e5<\/p>\n<p>              Blir lengst og tyngst i verda\n        <\/p>\n<p>  <\/a><\/p>\n<p>  <a href=\"https:\/\/www.sognavis.no\/5-115-1210882\" class=\"related-teaser has-image default-story-teaser article--c-eRUmMG article--c-eRUmMG-jKCPdD-design-default\" rel=\"nofollow noopener\" target=\"_blank\"><\/p>\n<p>    <img decoding=\"async\" loading=\"lazy\"  src=\"https:\/\/www.europesays.com\/no\/wp-content\/uploads\/2025\/10\/IMG_3642.jpg\" alt=\"\" class=\"brick-c-cFOWSL\" style=\"\"\/><\/p>\n<p>\n            Les ogs\u00e5<\/p>\n<p>              Full semje s\u00e5 lenge ingen nemner \u00abv-ordet\u00bb: \u2013 Dette m\u00e5 skje. Viss ikkje, s\u00e5 &#8230;\n        <\/p>\n<p>  <\/a><\/p>\n<p>  <a href=\"https:\/\/www.sognavis.no\/5-115-1145397\" class=\"related-teaser has-image default-feature-teaser article--c-eRUmMG article--c-eRUmMG-jKCPdD-design-default\" rel=\"nofollow noopener\" target=\"_blank\"><\/p>\n<p>    <img decoding=\"async\" loading=\"lazy\"  src=\"https:\/\/www.europesays.com\/no\/wp-content\/uploads\/2025\/10\/IMG_6787.jpg\" alt=\"\" class=\"brick-c-cFOWSL\" style=\"\"\/><\/p>\n<p>\n            Les ogs\u00e5<\/p>\n<p>              Her koplar dei landet meir saman\n        <\/p>\n<p>  <\/a><\/p>\n","protected":false},"excerpt":{"rendered":"Statnett melder at Aurland-Sogndal vil vera tilgjengeleg for marknaden fr\u00e5 torsdag ettermiddag klokka 15. Dermed er den mykje&hellip;\n","protected":false},"author":2,"featured_media":51027,"comment_status":"","ping_status":"","sticky":false,"template":"","format":"standard","meta":{"footnotes":""},"categories":[10],"tags":[5342,36,928,20,21,24,25,15,2276,22,23,5341,110,13,30,28,29,14,16,1029,3481,1510,7850,26,27,5343],"class_list":{"0":"post-51026","1":"post","2":"type-post","3":"status-publish","4":"format-standard","5":"has-post-thumbnail","7":"category-norge","8":"tag-ardal","9":"tag-art","10":"tag-aurland","11":"tag-breaking-news","12":"tag-breakingnews","13":"tag-featured-news","14":"tag-featurednews","15":"tag-headlines","16":"tag-kraft","17":"tag-latest-news","18":"tag-latestnews","19":"tag-laerdal","20":"tag-luster","21":"tag-news","22":"tag-no","23":"tag-norge","24":"tag-norway","25":"tag-nyheter","26":"tag-overskrifter","27":"tag-sogndal","28":"tag-statnett","29":"tag-story","30":"tag-straumprisar","31":"tag-top-stories","32":"tag-topstories","33":"tag-vik"},"share_on_mastodon":{"url":"","error":""},"_links":{"self":[{"href":"https:\/\/www.europesays.com\/no\/wp-json\/wp\/v2\/posts\/51026","targetHints":{"allow":["GET"]}}],"collection":[{"href":"https:\/\/www.europesays.com\/no\/wp-json\/wp\/v2\/posts"}],"about":[{"href":"https:\/\/www.europesays.com\/no\/wp-json\/wp\/v2\/types\/post"}],"author":[{"embeddable":true,"href":"https:\/\/www.europesays.com\/no\/wp-json\/wp\/v2\/users\/2"}],"replies":[{"embeddable":true,"href":"https:\/\/www.europesays.com\/no\/wp-json\/wp\/v2\/comments?post=51026"}],"version-history":[{"count":0,"href":"https:\/\/www.europesays.com\/no\/wp-json\/wp\/v2\/posts\/51026\/revisions"}],"wp:featuredmedia":[{"embeddable":true,"href":"https:\/\/www.europesays.com\/no\/wp-json\/wp\/v2\/media\/51027"}],"wp:attachment":[{"href":"https:\/\/www.europesays.com\/no\/wp-json\/wp\/v2\/media?parent=51026"}],"wp:term":[{"taxonomy":"category","embeddable":true,"href":"https:\/\/www.europesays.com\/no\/wp-json\/wp\/v2\/categories?post=51026"},{"taxonomy":"post_tag","embeddable":true,"href":"https:\/\/www.europesays.com\/no\/wp-json\/wp\/v2\/tags?post=51026"}],"curies":[{"name":"wp","href":"https:\/\/api.w.org\/{rel}","templated":true}]}}