{"id":51034,"date":"2025-10-02T13:12:13","date_gmt":"2025-10-02T13:12:13","guid":{"rendered":"https:\/\/www.europesays.com\/no\/51034\/"},"modified":"2025-10-02T13:12:13","modified_gmt":"2025-10-02T13:12:13","slug":"cecilia-braekhus-vil-avslutte-med-knockout-mot-ema-kozin","status":"publish","type":"post","link":"https:\/\/www.europesays.com\/no\/51034\/","title":{"rendered":"Cecilia Br\u00e6khus vil avslutte med knockout mot Ema Kozin"},"content":{"rendered":"\n<p class=\"_lead_1994c_2 _lead_xtcu6_50 layout-component text-serif-m layout-normal text-serif-l layout-component layout-wide layout-padded _wide_17hqh_1 layout-padded\">Emma Kozin (26) anklager Cecilia Br\u00e6khus (44) for \u00abmind games\u00bb f\u00f8r avslutningskampen til \u00abThe First Lady\u00bb<\/p>\n<p><img alt=\" Foto: Jonas Been Henriksen \/ NTB\" class=\"_image_qp4xg_65 layout-component layout-wide\" data-fullscreen- data-track-element-type=\"Article image fullscreen\" data-track-name=\"ImageFullscreen\" fetchpriority=\"high\" decoding=\"sync\" loading=\"eager\" height=\"4000\" itemprop=\"image\"  src=\"https:\/\/www.europesays.com\/no\/wp-content\/uploads\/2025\/10\/5c4239ac-2f7c-4d5d-a3fe-11f460828614\"  style=\"object-position:0% 0%\" width=\"6000\"\/> Foto: Jonas Been Henriksen \/ NTB<\/p>\n<ul aria-hidden=\"true\" class=\"_images_1y6fe_106\">\n<li><a class=\"_link_1y6fe_111\" href=\"https:\/\/www.vg.no\/forfatter\/andreas-hopen\" style=\"z-index:1\" title=\"Andreas Hopen\" rel=\"nofollow noopener\" target=\"_blank\"><img alt=\"Bilde av Andreas Hopen\" class=\"_image_1y6fe_88\" fetchpriority=\"low\" loading=\"lazy\" decoding=\"async\" itemprop=\"image\"  src=\"https:\/\/www.europesays.com\/no\/wp-content\/uploads\/2025\/10\/8d697287-ea03-4d54-ab67-6d65b82629eb\"  width=\"480\"\/><\/a><\/li>\n<\/ul>\n<p> Oppdatert torsdag 2. oktober kl. 13:08    <\/p>\n<ul class=\"_list_1994c_3 _list_64s2r_85 _unordered_1994c_105 text-sans-m\">\n<li class=\"_item_1994c_30\">Emma Kozin (26) anklager Cecilia Br\u00e6khus (44) for \u00abmind games\u00bb f\u00f8r avslutningskampen.<\/li>\n<li class=\"_item_1994c_30\">Kozin kaller seg selv favoritten, men Br\u00e6khus mener boksepause ikke gj\u00f8r Kozin bedre.<\/li>\n<li class=\"_item_1994c_30\">Kampen blir Br\u00e6khus&#8217; siste, og hun sikter mot knockout-seier.<\/li>\n<li class=\"_item_1994c_30\">Se kampen mellom Kozin og Br\u00e6khus p\u00e5 VG+ Sport.<\/li>\n<\/ul>\n<p>Vis mer <\/p>\n<p class=\"_paragraph_1994c_4 _paragraph_xtcu6_10 layout-component text-serif-m layout-normal text-serif-m layout-padded\">\u2013 Hun pr\u00f8ver seg p\u00e5 \u00abmind games\u00bb. F\u00f8rst gir hun meg respekt, f\u00f8r hun er respektl\u00f8s overfor meg, sier Ema Kozin til VG.<\/p>\n<p class=\"_paragraph_1994c_4 _paragraph_xtcu6_10 layout-component text-serif-m layout-normal text-serif-m layout-padded\">Sloveneren er p\u00e5 plass i Norge med sine to VM-belter i super weltervekt (70 kg) f\u00f8r hun skal i aksjon mot 17 \u00e5r eldre <a href=\"https:\/\/www.vg.no\/tag\/cecilia-braekhus?utm_source=vg-article&amp;utm_medium=auto-tagger&amp;utm_campaign=25EaxB\" class=\"_link_1994c_39\" rel=\"nofollow noopener\" target=\"_blank\">Cecilia Br\u00e6khus<\/a> l\u00f8rdag. <\/p>\n<p class=\"_paragraph_1994c_4 _paragraph_xtcu6_10 layout-component text-serif-m layout-normal text-serif-m layout-padded\">Kozin har g\u00e5tt 26 boksekamper i karrieren. 24 av dem har endt med seier, \u00e9n med tap.<\/p>\n<p class=\"_paragraph_1994c_4 _paragraph_xtcu6_10 layout-component text-serif-m layout-normal text-serif-m layout-padded\">\u2013 Jeg er favoritten. Jeg er mesteren, hun er utfordreren, s\u00e5 jeg er favoritten, sier Kozin som ikke har g\u00e5tt en kamp siden hun ble verdensmester h\u00f8sten 2023.<\/p>\n<ul class=\"_list_1994c_3 _list_xtcu6_9 _unordered_1994c_105 layout-component text-serif-m layout-normal text-serif-m layout-padded\">\n<li class=\"_item_1994c_30\"><strong class=\"_strong_1994c_25\">Se den siste boksekampen noensinne med Cecilia Br\u00e6khus p\u00e5 VG med <a href=\"https:\/\/tv.vg.no\/video\/335983\/cecilia-braekhus-ema-kozin\" class=\"_link_1994c_39\" rel=\"nofollow noopener\" target=\"_blank\">VG+ Sport l\u00f8rdag kveld<\/a><\/strong><\/li>\n<\/ul>\n<p class=\"_paragraph_1994c_4 _paragraph_xtcu6_10 layout-component text-serif-m layout-normal text-serif-m layout-padded\">Br\u00e6khus er derimot ikke imponert.<\/p>\n<p class=\"_paragraph_1994c_4 _paragraph_xtcu6_10 layout-component text-serif-m layout-normal text-serif-m layout-padded\">\u2013 Jeg tror ikke at \u00e5 ikke bokse er oppskriften p\u00e5 \u00e5 bli bedre i bokseringen, svarer Br\u00e6khus om hvem som skal g\u00e5 av med seieren i det VG-sendte oppgj\u00f8ret i Nova Spektrum.<\/p>\n<p class=\"_paragraph_1994c_4 _paragraph_xtcu6_10 layout-component text-serif-m layout-normal text-serif-m layout-padded\">Til VG forklarer Kozin hvorfor hun ikke har v\u00e6rt i ringen siden november 2023.<\/p>\n<p class=\"_paragraph_1994c_4 _paragraph_xtcu6_10 layout-component text-serif-m layout-normal text-serif-m layout-padded\">\u2013 Jeg hadde problemer med min gamle manager. Han fortalte meg hele tiden at jeg hadde en kamp om et par m\u00e5neder, men s\u00e5 ble det aldri noe av. N\u00e5 har jeg bare folk rundt meg som jeg stoler p\u00e5, hevder Kozin til VG.<\/p>\n<p class=\"_paragraph_1994c_4 _paragraph_xtcu6_10 layout-component text-serif-m layout-normal text-serif-m layout-padded\">Det er alts\u00e5 bakgrunnen til at hennes tidligere manager Ertan Sen fikk sparken like f\u00f8r oppgj\u00f8ret p\u00e5 Lillestr\u00f8m.<\/p>\n<p>\u00abThe Final Bell\u00bb<\/p>\n<p class=\"_paragraph_1994c_4 _paragraph_xtcu6_10 _paragraph_16v91_10 layout-component text-serif-m layout-normal text-sans-m layout-padded\"><strong class=\"_strong_1994c_25\">Kamper:<\/strong><\/p>\n<ul class=\"_list_1994c_3 _list_xtcu6_9 _list_16v91_9 _unordered_1994c_105 layout-component text-serif-m layout-normal text-sans-m layout-padded\">\n<li class=\"_item_1994c_30\">Cecilia Br\u00e6khus (38 seirer, to tap, \u00e9n uavgjort) \u2013 Ema Kozin (24-1-1)<\/li>\n<li class=\"_item_1994c_30\">Bernard Torres (18\u20132) \u2013 Yeison Juarez (21\u20139)<\/li>\n<li class=\"_item_1994c_30\">Andreas Skarvold Iversen (6\u20130) \u2013 Alexander Martinsen (6 seirer, \u00e9n uavgjort)<\/li>\n<li class=\"_item_1994c_30\">Adrian Hagen (5\u20130) \u2013 Anatolii Burdiian (5-12-1)<\/li>\n<li class=\"_item_1994c_30\">Anne Line Hogstad (debut) \u2013 Nino Janelidze (0\u20133)<\/li>\n<li class=\"_item_1994c_30\">Ole Laache (3\u20130) \u2013 Giorgi Khubejashvili (2\u20131)<\/li>\n<\/ul>\n<p>Vis mer<\/p>\n<p class=\"_paragraph_1994c_4 _paragraph_xtcu6_10 layout-component text-serif-m layout-normal text-serif-m layout-padded\">Den norske boksestjernen er ikke skremt av den 17 \u00e5r yngre motstanderen.<\/p>\n<p class=\"_paragraph_1994c_4 _paragraph_xtcu6_10 layout-component text-serif-m layout-normal text-serif-m layout-padded\">\u2013 Hun er fysisk sterk, men jeg er den beste bokseren her, sier Br\u00e6khus kontant til VG.<\/p>\n<p class=\"_paragraph_1994c_4 _paragraph_xtcu6_10 layout-component text-serif-m layout-normal text-serif-m layout-padded\">Br\u00e6khus st\u00e5r med 38 seire, hvorav ni av dem er knockouts. I karrierens siste kamp \u00f8nsker hun \u00e5 havne p\u00e5 tosifret.<\/p>\n<p class=\"_paragraph_1994c_4 _paragraph_xtcu6_10 layout-component text-serif-m layout-normal text-serif-m layout-padded\"><strong class=\"_strong_1994c_25\">\u2013 Hvis jeg kan avslutte med \u00abknockout\u00bb, og ta en tidlig kveld, s\u00e5 gj\u00f8r jeg det, sier boksestjernen.<\/strong><\/p>\n<p class=\"_paragraph_1994c_4 _paragraph_xtcu6_10 layout-component text-serif-m layout-normal text-serif-m layout-padded\">Forrige gang Br\u00e6khus var s\u00e5 klar p\u00e5 at hun ville ha knockout var mot svenske Mikaela Lauren for \u00e5tte \u00e5r siden etter dette kysset:<\/p>\n<p class=\"_paragraph_1994c_4 _paragraph_xtcu6_10 layout-component text-serif-m layout-normal text-serif-m layout-padded\">L\u00f8rdagens motstander er en mer utpreget knockout-bokser. Kozin st\u00e5r med 24 proffseire, halvparten av dem etter KOKOForkortelse for knockout..<\/p>\n<p class=\"_paragraph_1994c_4 _paragraph_xtcu6_10 layout-component text-serif-m layout-normal text-serif-m layout-padded\">Da \u00abThe First Lady\u00bb ble verdensmester for f\u00f8rste gang var Kozin s\u00e5 vidt fylt 19 \u00e5r. Siden har hun fulgt Br\u00e6khus\u2019 karriere.<\/p>\n<p class=\"_paragraph_1994c_4 _paragraph_xtcu6_10 layout-component text-serif-m layout-normal text-serif-m layout-padded\">\u2013 Hun har hatt en fantastisk karriere og har v\u00e6rt et idol. \u00c5 g\u00e5 i ringen mot en rollemodell er noe jeg har dr\u00f8mt om, sier Kozin til VG.<\/p>\n<p class=\"_paragraph_1994c_4 _paragraph_xtcu6_10 layout-component text-serif-m layout-normal text-serif-m layout-padded\">\u2013 N\u00e5 blir den dr\u00f8mmen oppfylt. Er den neste dr\u00f8mmen \u00e5 sende henne ut av karrieren med tap?<\/p>\n<p class=\"_paragraph_1994c_4 _paragraph_xtcu6_10 layout-component text-serif-m layout-normal text-serif-m layout-padded\">\u2013 \u00c5penbart.<\/p>\n","protected":false},"excerpt":{"rendered":"Emma Kozin (26) anklager Cecilia Br\u00e6khus (44) for \u00abmind games\u00bb f\u00f8r avslutningskampen til \u00abThe First Lady\u00bb Foto: Jonas&hellip;\n","protected":false},"author":2,"featured_media":51035,"comment_status":"","ping_status":"","sticky":false,"template":"","format":"standard","meta":{"footnotes":""},"categories":[59],"tags":[1563,1610,843,30,28,29,83,82],"class_list":{"0":"post-51034","1":"post","2":"type-post","3":"status-publish","4":"format-standard","5":"has-post-thumbnail","7":"category-sport","8":"tag-boksing","9":"tag-cecilia-braekhus","10":"tag-kampsport","11":"tag-no","12":"tag-norge","13":"tag-norway","14":"tag-sport","15":"tag-sports"},"share_on_mastodon":{"url":"","error":""},"_links":{"self":[{"href":"https:\/\/www.europesays.com\/no\/wp-json\/wp\/v2\/posts\/51034","targetHints":{"allow":["GET"]}}],"collection":[{"href":"https:\/\/www.europesays.com\/no\/wp-json\/wp\/v2\/posts"}],"about":[{"href":"https:\/\/www.europesays.com\/no\/wp-json\/wp\/v2\/types\/post"}],"author":[{"embeddable":true,"href":"https:\/\/www.europesays.com\/no\/wp-json\/wp\/v2\/users\/2"}],"replies":[{"embeddable":true,"href":"https:\/\/www.europesays.com\/no\/wp-json\/wp\/v2\/comments?post=51034"}],"version-history":[{"count":0,"href":"https:\/\/www.europesays.com\/no\/wp-json\/wp\/v2\/posts\/51034\/revisions"}],"wp:featuredmedia":[{"embeddable":true,"href":"https:\/\/www.europesays.com\/no\/wp-json\/wp\/v2\/media\/51035"}],"wp:attachment":[{"href":"https:\/\/www.europesays.com\/no\/wp-json\/wp\/v2\/media?parent=51034"}],"wp:term":[{"taxonomy":"category","embeddable":true,"href":"https:\/\/www.europesays.com\/no\/wp-json\/wp\/v2\/categories?post=51034"},{"taxonomy":"post_tag","embeddable":true,"href":"https:\/\/www.europesays.com\/no\/wp-json\/wp\/v2\/tags?post=51034"}],"curies":[{"name":"wp","href":"https:\/\/api.w.org\/{rel}","templated":true}]}}