{"id":51038,"date":"2025-10-02T13:17:12","date_gmt":"2025-10-02T13:17:12","guid":{"rendered":"https:\/\/www.europesays.com\/no\/51038\/"},"modified":"2025-10-02T13:17:12","modified_gmt":"2025-10-02T13:17:12","slug":"tronder-bonder-med-millionsoksmal-mot-mattilsynet-etter-ringormutbrudd","status":"publish","type":"post","link":"https:\/\/www.europesays.com\/no\/51038\/","title":{"rendered":"Tr\u00f8nder-b\u00f8nder med millions\u00f8ksm\u00e5l mot Mattilsynet etter ringormutbrudd"},"content":{"rendered":"<p> G\u00e5rdbrukerne hevder Mattilsynet burde opprettet vernesoner og at etaten manglet kunnskap i den innledende fasen, melder <a href=\"https:\/\/www.nationen.no\/bonder-vil-ga-til-soksmal-mot-mattilsynet-etter-ringormutbrudd\/s\/5-148-797406\" rel=\"noopener nofollow\" target=\"_blank\">Nationen<\/a>.<\/p>\n<p>Utbruddet startet v\u00e5ren 2023 hos en storfeprodusent i \u00d8rland kommune og har siden spredt seg til 19 besetninger. Sju besetninger er fortsatt ikke offentlig godkjent sanert.<\/p>\n<p>\u2013 I startfasen av utbruddet fikk vi bare beskjed om at smitten ikke var noe farlig, sier leder for samarbeidsgruppa Roy Anders Berg til avisen.<\/p>\n<p>\u2013 Det er et stort faglig overtramp fra Mattilsynet sin side, mener Berg.<\/p>\n<p>Mattilsynet avviser erstatningskravet. Avdelingsleder for landdyr, Jarle Bergsj\u00f8, sier det ikke er grunnlag for erstatningsansvar.<\/p>\n<p>\u2013 P\u00e5standene som her fremsettes, er kjent for oss og har kommet fram blant annet gjennom et erstatningskrav rettet mot Mattilsynet via Landbruks- og matdepartementet av de rammede b\u00f8ndene. Dette kravet er vurdert og avvist av Mattilsynets hovedkontor, sier han.<\/p>\n<p>Hver enkelt bonde tapte rundt en million kroner bare i 2023, if\u00f8lge Anders R\u00f8flo, som er en av de rammede.<\/p>\n","protected":false},"excerpt":{"rendered":"G\u00e5rdbrukerne hevder Mattilsynet burde opprettet vernesoner og at etaten manglet kunnskap i den innledende fasen, melder Nationen. Utbruddet&hellip;\n","protected":false},"author":2,"featured_media":51039,"comment_status":"","ping_status":"","sticky":false,"template":"","format":"standard","meta":{"footnotes":""},"categories":[10],"tags":[20,21,24,25,15,22,23,1668,13,30,28,29,14,16,862,26,27,270],"class_list":{"0":"post-51038","1":"post","2":"type-post","3":"status-publish","4":"format-standard","5":"has-post-thumbnail","7":"category-norge","8":"tag-breaking-news","9":"tag-breakingnews","10":"tag-featured-news","11":"tag-featurednews","12":"tag-headlines","13":"tag-latest-news","14":"tag-latestnews","15":"tag-mattilsynet","16":"tag-news","17":"tag-no","18":"tag-norge","19":"tag-norway","20":"tag-nyheter","21":"tag-overskrifter","22":"tag-orland","23":"tag-top-stories","24":"tag-topstories","25":"tag-trondelag"},"share_on_mastodon":{"url":"","error":""},"_links":{"self":[{"href":"https:\/\/www.europesays.com\/no\/wp-json\/wp\/v2\/posts\/51038","targetHints":{"allow":["GET"]}}],"collection":[{"href":"https:\/\/www.europesays.com\/no\/wp-json\/wp\/v2\/posts"}],"about":[{"href":"https:\/\/www.europesays.com\/no\/wp-json\/wp\/v2\/types\/post"}],"author":[{"embeddable":true,"href":"https:\/\/www.europesays.com\/no\/wp-json\/wp\/v2\/users\/2"}],"replies":[{"embeddable":true,"href":"https:\/\/www.europesays.com\/no\/wp-json\/wp\/v2\/comments?post=51038"}],"version-history":[{"count":0,"href":"https:\/\/www.europesays.com\/no\/wp-json\/wp\/v2\/posts\/51038\/revisions"}],"wp:featuredmedia":[{"embeddable":true,"href":"https:\/\/www.europesays.com\/no\/wp-json\/wp\/v2\/media\/51039"}],"wp:attachment":[{"href":"https:\/\/www.europesays.com\/no\/wp-json\/wp\/v2\/media?parent=51038"}],"wp:term":[{"taxonomy":"category","embeddable":true,"href":"https:\/\/www.europesays.com\/no\/wp-json\/wp\/v2\/categories?post=51038"},{"taxonomy":"post_tag","embeddable":true,"href":"https:\/\/www.europesays.com\/no\/wp-json\/wp\/v2\/tags?post=51038"}],"curies":[{"name":"wp","href":"https:\/\/api.w.org\/{rel}","templated":true}]}}