{"id":51044,"date":"2025-10-02T13:26:08","date_gmt":"2025-10-02T13:26:08","guid":{"rendered":"https:\/\/www.europesays.com\/no\/51044\/"},"modified":"2025-10-02T13:26:08","modified_gmt":"2025-10-02T13:26:08","slug":"martin-fauskanger-sier-opp-som-daglig-leder-i-fk-haugesund","status":"publish","type":"post","link":"https:\/\/www.europesays.com\/no\/51044\/","title":{"rendered":"Martin Fauskanger sier opp som daglig leder i FK Haugesund"},"content":{"rendered":"\n<p class=\"_lead_1994c_2 _lead_xtcu6_50 layout-component text-serif-m layout-normal text-serif-l layout-component layout-wide layout-padded _wide_17hqh_1 layout-padded\">Martin Fauskanger gir seg som daglig leder i fotballklubben Haugesund etter tre \u00e5r. Han gir seg s\u00e5 snart klubben har funnet en erstatter.<\/p>\n<p><img alt=\"Martin Fauskanger gir seg i FK Haugesund.&#10;Foto: Jan K\u00e5re Ness \/ NTB\" class=\"_image_qp4xg_65 layout-component layout-wide\" data-fullscreen- data-track-element-type=\"Article image fullscreen\" data-track-name=\"ImageFullscreen\" fetchpriority=\"high\" decoding=\"sync\" loading=\"eager\" height=\"3344\" itemprop=\"image\"  src=\"https:\/\/www.europesays.com\/no\/wp-content\/uploads\/2025\/10\/0a1cc809-3bbf-43e6-add3-4fbe17a74788\"  style=\"object-position:0% 0%\" width=\"4958\"\/>Martin Fauskanger gir seg i FK Haugesund.<br \/>\nFoto: Jan K\u00e5re Ness \/ NTB<\/p>\n<ul aria-hidden=\"true\" class=\"_images_1y6fe_106\">\n<li><a class=\"_link_1y6fe_111\" href=\"https:\/\/www.vg.no\/forfatter\/ntb\" style=\"z-index:1\" title=\"NTB\" rel=\"nofollow noopener\" target=\"_blank\"><img alt=\"Bilde av NTB\" class=\"_image_1y6fe_88\" fetchpriority=\"low\" loading=\"lazy\" decoding=\"async\" itemprop=\"image\"  src=\"https:\/\/www.europesays.com\/no\/wp-content\/uploads\/2025\/10\/1759411568_883_c33980b0-5d07-4027-84a1-813f90a7c8d6\"  width=\"480\"\/><\/a><\/li>\n<\/ul>\n<p> Oppdatert torsdag 2. oktober kl. 14:01     <\/p>\n<p class=\"_paragraph_1994c_4 _paragraph_xtcu6_10 layout-component text-serif-m layout-normal text-serif-m layout-padded\"> Det opplyser Fauskanger i en <a href=\"https:\/\/www.fkh.no\/nyheter\/gir-seg-som-daglig-leder-25\" class=\"_link_1994c_39\" rel=\"nofollow noopener\" target=\"_blank\"> pressemelding<\/a> fra FKH. Han uttaler at han har behov for nye impulser og utfordringer i livet.<\/p>\n<p class=\"_paragraph_1994c_4 _paragraph_xtcu6_10 layout-component text-serif-m layout-normal text-serif-m layout-padded\">\u00abRollen som daglig leder er krevende og sv\u00e6rt offentlig, og i kombinasjon med det \u00e5 st\u00e5 i en jobb som krever at man er \u00abp\u00e5\u00bb 24\/7, har jeg kommet til at jeg \u00f8nsker \u00e5 bruke mer tid sammen med familien min\u00bb, sier han ogs\u00e5.<\/p>\n<p class=\"_paragraph_1994c_4 _paragraph_xtcu6_10 layout-component text-serif-m layout-normal text-serif-m layout-padded\">Fauskanger er far til m\u00e5lvakten Einar B\u00f8e Fauskanger, som for tiden spiller U20-VM for Norge i Chile.<\/p>\n<p class=\"_paragraph_1994c_4 _paragraph_xtcu6_10 layout-component text-serif-m layout-normal text-serif-m layout-padded\">Haugesund er inne i en blytung sesong sportslig sett. Laget har samlet bare seks poeng p\u00e5 23 kamper i Eliteserien og styrer mot et klart nedrykk.<\/p>\n<p class=\"_paragraph_1994c_4 _paragraph_xtcu6_10 layout-component text-serif-m layout-normal text-serif-m layout-padded\">Til helgen venter Bod\u00f8\/Glimt p\u00e5 bortegress, og nedrykket blir fastsl\u00e5tt med tap der dersom Bryne (Sandefjord b) eller HamKam (Fredrikstad h) tar poeng.<\/p>\n<p class=\"_paragraph_1994c_4 _paragraph_xtcu6_10 layout-component text-serif-m layout-normal text-serif-m layout-padded\">Fauskanger kom inn i FKH som markedssjef v\u00e5ren 2021 og ble daglig leder fra august 2022.<\/p>\n<p class=\"_paragraph_1994c_4 _paragraph_xtcu6_10 layout-component text-serif-m layout-normal text-serif-m layout-padded\">\u00abJeg tar med meg verdifulle erfaringer, gode minner og stor takknemlighet for alle jeg har f\u00e5tt jobbe sammen med \u2026 Jeg heier p\u00e5 klubben videre \u2013 og gleder meg til \u00e5 f\u00f8lge reisen som supporter\u00bb, sier han.<\/p>\n<p class=\"_paragraph_1994c_4 _paragraph_xtcu6_10 layout-component text-serif-m layout-normal text-serif-m layout-padded\">I august kunngjorde klubben ogs\u00e5 at sportssjef Jostein Grindhaug gir seg etter sesongen.<\/p>\n<p class=\"_paragraph_1994c_4 _paragraph_xtcu6_10 layout-component text-serif-m layout-normal text-serif-m layout-padded\">Sancheev Manoharan ble sparket som hovedtrener allerede i mai etter den tunge sesongstarten. Finnen Toni Korkeakunnas overtok den rollen og skal etter alt \u00e5 d\u00f8mme lede laget i 1. divisjon neste \u00e5r.<\/p>\n","protected":false},"excerpt":{"rendered":"Martin Fauskanger gir seg som daglig leder i fotballklubben Haugesund etter tre \u00e5r. Han gir seg s\u00e5 snart&hellip;\n","protected":false},"author":2,"featured_media":51045,"comment_status":"","ping_status":"","sticky":false,"template":"","format":"standard","meta":{"footnotes":""},"categories":[59],"tags":[134,1114,30,28,29,83,82],"class_list":{"0":"post-51044","1":"post","2":"type-post","3":"status-publish","4":"format-standard","5":"has-post-thumbnail","7":"category-sport","8":"tag-eliteserien","9":"tag-fk-haugesund","10":"tag-no","11":"tag-norge","12":"tag-norway","13":"tag-sport","14":"tag-sports"},"share_on_mastodon":{"url":"","error":""},"_links":{"self":[{"href":"https:\/\/www.europesays.com\/no\/wp-json\/wp\/v2\/posts\/51044","targetHints":{"allow":["GET"]}}],"collection":[{"href":"https:\/\/www.europesays.com\/no\/wp-json\/wp\/v2\/posts"}],"about":[{"href":"https:\/\/www.europesays.com\/no\/wp-json\/wp\/v2\/types\/post"}],"author":[{"embeddable":true,"href":"https:\/\/www.europesays.com\/no\/wp-json\/wp\/v2\/users\/2"}],"replies":[{"embeddable":true,"href":"https:\/\/www.europesays.com\/no\/wp-json\/wp\/v2\/comments?post=51044"}],"version-history":[{"count":0,"href":"https:\/\/www.europesays.com\/no\/wp-json\/wp\/v2\/posts\/51044\/revisions"}],"wp:featuredmedia":[{"embeddable":true,"href":"https:\/\/www.europesays.com\/no\/wp-json\/wp\/v2\/media\/51045"}],"wp:attachment":[{"href":"https:\/\/www.europesays.com\/no\/wp-json\/wp\/v2\/media?parent=51044"}],"wp:term":[{"taxonomy":"category","embeddable":true,"href":"https:\/\/www.europesays.com\/no\/wp-json\/wp\/v2\/categories?post=51044"},{"taxonomy":"post_tag","embeddable":true,"href":"https:\/\/www.europesays.com\/no\/wp-json\/wp\/v2\/tags?post=51044"}],"curies":[{"name":"wp","href":"https:\/\/api.w.org\/{rel}","templated":true}]}}