{"id":51046,"date":"2025-10-02T13:29:11","date_gmt":"2025-10-02T13:29:11","guid":{"rendered":"https:\/\/www.europesays.com\/no\/51046\/"},"modified":"2025-10-02T13:29:11","modified_gmt":"2025-10-02T13:29:11","slug":"det-er-litt-vel-tidlig","status":"publish","type":"post","link":"https:\/\/www.europesays.com\/no\/51046\/","title":{"rendered":"\u2013 Det er litt vel tidlig"},"content":{"rendered":"\n<ul class=\"_list_1994c_3 _list_64s2r_85 _unordered_1994c_105 text-sans-m\">\n<li class=\"_item_1994c_30\">Det er delte meninger om at enkelte julevarer er tilgjengelig i butikkene allerede n\u00e5.<\/li>\n<li class=\"_item_1994c_30\">Noen ansatte og kunder synes det er for tidlig, mens andre er positive. <\/li>\n<li class=\"_item_1994c_30\">Kiwi og Coop sier at logistikk og ettersp\u00f8rsel fra kunder avgj\u00f8r tidspunktet. <\/li>\n<\/ul>\n<p>Vis mer <\/p>\n<p class=\"_paragraph_1994c_4 _paragraph_xtcu6_10 layout-component text-serif-m layout-normal text-serif-m layout-padded\">\u2013 Jeg synes det er litt vel tidlig, kanskje.<\/p>\n<p class=\"_paragraph_1994c_4 _paragraph_xtcu6_10 layout-component text-serif-m layout-normal text-serif-m layout-padded\">Det sier Sofie Lorentzen, noe lattermildt. <\/p>\n<p class=\"_paragraph_1994c_4 _paragraph_xtcu6_10 layout-component text-serif-m layout-normal text-serif-m layout-padded\">Hun er butikkansatt i en Rema 1000-butikk i Oslo sentrum, der de allerede har f\u00e5tt inn julevarer \u2013 men kun julebrussaft forel\u00f8pig. <\/p>\n<p class=\"_paragraph_1994c_4 _paragraph_xtcu6_10 layout-component text-serif-m layout-normal text-serif-m layout-padded\">B\u00e5de <a href=\"https:\/\/www.nettavisen.no\/okonomi\/fyller-opp-med-julevarer-skyhoye-priser\/s\/5-95-2644687\" class=\"_link_1994c_39\" rel=\"nofollow noopener\" target=\"_blank\">Nettavisen <\/a>og <a href=\"https:\/\/www.aftenposten.no\/norge\/i\/LMJOL9\/julen-er-her-allerede-i-september\" class=\"_link_1994c_39\" rel=\"nofollow noopener\" target=\"_blank\">Aftenposten <\/a>melder om at julen har startet \u2013 og det f\u00f8r kalenderen viser oktober.<\/p>\n<p class=\"_paragraph_1994c_4 _paragraph_xtcu6_10 layout-component text-serif-m layout-normal text-serif-m layout-padded\">\u2013 Folk blir litt overrasket. De har ikke begynt \u00e5 sp\u00f8rre om julevarer enn\u00e5, sier Lorentzen p\u00e5 Rema, og sl\u00e5r fast:<\/p>\n<p class=\"_paragraph_1994c_4 _paragraph_xtcu6_10 layout-component text-serif-m layout-normal text-serif-m layout-padded\">\u2013 Vi pleier \u00e5 vente til rundt Halloween. Men om vi f\u00e5r inn varer tidligere, s\u00e5 er det sjelden at de blir st\u00e5ende p\u00e5 lager. Da kj\u00f8rer vi det som regel ut i butikk. <\/p>\n<p><img alt=\"Eneste julevare: Julebrussaften var den eneste julevaren VG fant p\u00e5 Rema 1000 i Torggata i Oslo sentrum.  Foto: Nora Holm Aftret\" class=\"_image_qp4xg_65 layout-component layout-normal\" data-fullscreen- data-track-element-type=\"Article image fullscreen\" data-track-name=\"ImageFullscreen\" decoding=\"async\" loading=\"lazy\" height=\"4500\" itemprop=\"image\"  src=\"https:\/\/www.europesays.com\/no\/wp-content\/uploads\/2025\/10\/0b48a866-0c04-4ffe-8f03-6ef1c2aef08b\"  style=\"object-position:0% 0%\" width=\"6744\"\/>Eneste julevare: Julebrussaften var den eneste julevaren VG fant p\u00e5 Rema 1000 i Torggata i Oslo sentrum.  Foto: Nora Holm Aftret \u2013 Kunne drukket julebrus n\u00e5<\/p>\n<p class=\"_paragraph_1994c_4 _paragraph_xtcu6_10 layout-component text-serif-m layout-normal text-serif-m layout-padded\">VG sp\u00f8r kunde Edward Corneliussen om hva han synes.<\/p>\n<p class=\"_paragraph_1994c_4 _paragraph_xtcu6_10 layout-component text-serif-m layout-normal text-serif-m layout-padded\">\u2013 Det gj\u00f8r meg ingenting, jeg klarer ikke \u00e5 la meg provosere av det!<\/p>\n<p class=\"_paragraph_1994c_4 _paragraph_xtcu6_10 layout-component text-serif-m layout-normal text-serif-m layout-padded\">\u2013 Tror du flere lar seg provosere av julevarer i butikk s\u00e5 tidlig?<\/p>\n<p class=\"_paragraph_1994c_4 _paragraph_xtcu6_10 layout-component text-serif-m layout-normal text-serif-m layout-padded\">\u2013 Ja, absolutt. Flere jeg kjenner. De synes det er altfor tidlig.<\/p>\n<p><img alt=\"Gj\u00f8r ingenting: Rema-kunde Edward Corneliussen sier han ikke lar seg provosere av at det n\u00e5 er julevarer \u00e5 finne i butikken.  Foto: Nora Holm Aftret\" class=\"_image_qp4xg_65 layout-component layout-normal\" data-fullscreen- data-track-element-type=\"Article image fullscreen\" data-track-name=\"ImageFullscreen\" decoding=\"async\" loading=\"lazy\" height=\"3460\" itemprop=\"image\"  src=\"https:\/\/www.europesays.com\/no\/wp-content\/uploads\/2025\/10\/f40db898-4be4-4c72-9250-9aa7dcb406cc\"  style=\"object-position:0% 0%\" width=\"5191\"\/>Gj\u00f8r ingenting: Rema-kunde Edward Corneliussen sier han ikke lar seg provosere av at det n\u00e5 er julevarer \u00e5 finne i butikken.  Foto: Nora Holm Aftret<\/p>\n<p class=\"_paragraph_1994c_4 _paragraph_xtcu6_10 layout-component text-serif-m layout-normal text-serif-m layout-padded\">\u2013 Kj\u00f8per du julevarer s\u00e5 tidlig selv?<\/p>\n<p class=\"_paragraph_1994c_4 _paragraph_xtcu6_10 layout-component text-serif-m layout-normal text-serif-m layout-padded\">\u2013 Ikke spesifikt denne varen, sier han og peker p\u00e5 julebrussaften, f\u00f8r han legger til:<\/p>\n<p class=\"_paragraph_1994c_4 _paragraph_xtcu6_10 layout-component text-serif-m layout-normal text-serif-m layout-padded\">\u2013 Men jeg kunne ha drukket en julebrus n\u00e5.<\/p>\n<p><img alt=\"Ikke til salgs enn\u00e5: Ogs\u00e5 p\u00e5 Kiwi Torggata sto de f\u00f8rste julevarene p\u00e5 lager. Butikkansatt Sindre R\u00f8dningsby henter frem to flasker med julebrussaft, som if\u00f8lge Kiwis kommunikasjonsdirekt\u00f8r kommer til salgs i l\u00f8pet av uken.  Foto: Nora Holm Aftret \/ VG\" class=\"_image_qp4xg_65 layout-component layout-normal\" data-fullscreen- data-track-element-type=\"Article image fullscreen\" data-track-name=\"ImageFullscreen\" decoding=\"async\" loading=\"lazy\" height=\"4480\" itemprop=\"image\"  src=\"https:\/\/www.europesays.com\/no\/wp-content\/uploads\/2025\/10\/80e53c76-54df-4e9f-b867-5a7102654dd3\"  style=\"object-position:0% 0%\" width=\"6720\"\/>Ikke til salgs enn\u00e5: Ogs\u00e5 p\u00e5 Kiwi Torggata sto de f\u00f8rste julevarene p\u00e5 lager. Butikkansatt Sindre R\u00f8dningsby henter frem to flasker med julebrussaft, som if\u00f8lge Kiwis kommunikasjonsdirekt\u00f8r kommer til salgs i l\u00f8pet av uken.  Foto: Nora Holm Aftret \/ VG \u2013 Kunder har ikke spurt etter det<\/p>\n<p class=\"_paragraph_1994c_4 _paragraph_xtcu6_10 layout-component text-serif-m layout-normal text-serif-m layout-padded\">Tirsdag kveld er VG innom et par andre matbutikker i Oslo sentrum, deriblant <a href=\"https:\/\/www.vg.no\/tag\/coop?utm_source=vg-article&amp;utm_medium=auto-tagger&amp;utm_campaign=dR6W4z\" class=\"_link_1994c_39\" rel=\"nofollow noopener\" target=\"_blank\">Coop<\/a> Prix, Kiwi og Meny.<\/p>\n<p class=\"_paragraph_1994c_4 _paragraph_xtcu6_10 layout-component text-serif-m layout-normal text-serif-m layout-padded\">Disse butikkene har ikke f\u00e5tt inn julevarer enn\u00e5, men b\u00e5de Kiwi og Coop Prix har henholdsvis julebrussaft og adventskalendere p\u00e5 lager. <\/p>\n<p class=\"_paragraph_1994c_4 _paragraph_xtcu6_10 layout-component text-serif-m layout-normal text-serif-m layout-padded\">\u2013 Kunder har ikke spurt etter det, og vi venter til slutten av oktober. Men neste uke setter vi ut ribbe. Samtidig kan man teknisk sett f\u00e5 kj\u00f8pt det ellers i l\u00f8pet av \u00e5ret, sier Frida Rasmussen, butikkansatt p\u00e5 Meny Oslo City. <\/p>\n<p class=\"_paragraph_1994c_4 _paragraph_xtcu6_10 layout-component text-serif-m layout-normal text-serif-m layout-padded\">VG m\u00f8ter kunde Vincent Joseph mellom butikkhyllene. Han er klar i sin tale om hva han synes om julevarer i september.<\/p>\n<p class=\"_paragraph_1994c_4 _paragraph_xtcu6_10 layout-component text-serif-m layout-normal text-serif-m layout-padded\">\u2013 Det er for tidlig, sn\u00f8en har ikke falt enn\u00e5 og sommeren var nettopp her!<\/p>\n<p class=\"_paragraph_1994c_4 _paragraph_xtcu6_10 layout-component text-serif-m layout-normal text-serif-m layout-padded\">\u2013 Hvis jeg hadde kommet inn her og sett julevarer, s\u00e5 hadde jeg tenkt at \u00abn\u00e5 pr\u00f8ver de \u00e5 hanke oss inn,\u00bb sier Joseph.<\/p>\n<p class=\"_paragraph_1994c_4 _paragraph_xtcu6_10 layout-component text-serif-m layout-normal text-serif-m layout-padded\">Butikkansatt Rasmussen peker p\u00e5 markedsf\u00f8ring i butikkene som \u00e5rsak til at noen butikker velger \u00e5 selge inn julen tidlig. <\/p>\n<p class=\"_paragraph_1994c_4 _paragraph_xtcu6_10 layout-component text-serif-m layout-normal text-serif-m layout-padded\">\u2013 Setter man varene ut tidligere, s\u00e5 vil folk kj\u00f8pe det tidlig ogs\u00e5. S\u00e5nn fungerer det. Jeg kan huske at vi hadde p\u00e5skeegg i februar, sier hun.<\/p>\n<p> \u2013 Samme tidspunkt som de siste \u00e5rene<\/p>\n<p class=\"_paragraph_1994c_4 _paragraph_xtcu6_10 layout-component text-serif-m layout-normal text-serif-m layout-padded\">Kommunikasjonsdirekt\u00f8r Kristine Aakvaag Arvin i Kiwi sier til VG at julebrussaft blir \u00e5 finne i deres butikker denne uken.<\/p>\n<p class=\"_paragraph_1994c_4 _paragraph_xtcu6_10 layout-component text-serif-m layout-normal text-serif-m layout-padded\">\u2013 Men det er i uke 46 at julen starter for fullt. Da har vi alt av julevarer p\u00e5 plass.<\/p>\n<p class=\"_paragraph_1994c_4 _paragraph_xtcu6_10 layout-component text-serif-m layout-normal text-serif-m layout-padded\">Hun kan likevel r\u00f8pe at julebrusen og lutefisken er p\u00e5 plass om to uker. <\/p>\n<p><img decoding=\"async\" alt=\"Bilde av Kristine Aakvaag Arvin\" class=\"_image_ygndg_42\" height=\"27\" itemprop=\"image\" loading=\"lazy\"  src=\"https:\/\/www.europesays.com\/no\/wp-content\/uploads\/2025\/10\/35795665-5bb9-4482-9276-aa5731cd0c2e\"  width=\"40\"\/><strong class=\"_name_ygndg_51 title-serif-xs\">Kristine Aakvaag Arvin<\/strong><\/p>\n<p class=\"_paragraph_1994c_4 text-sans-m _description_ygndg_56\">Kommunikasjonsdirekt\u00f8r i Kiwi<\/p>\n<p class=\"_paragraph_1994c_4 _paragraph_xtcu6_10 layout-component text-serif-m layout-normal text-serif-m layout-padded\">\u2013 Er det ikke litt tidlig?<\/p>\n<p class=\"_paragraph_1994c_4 _paragraph_xtcu6_10 layout-component text-serif-m layout-normal text-serif-m layout-padded\">\u2013 Hvert \u00e5r f\u00e5r vi sp\u00f8rsm\u00e5l om julevarene har kommet ut tidligere, men faktisk er det samme tidspunkt som vi har hatt de siste \u00e5rene, sier Aakvaag Arvin. <\/p>\n<p class=\"_paragraph_1994c_4 _paragraph_xtcu6_10 layout-component text-serif-m layout-normal text-serif-m layout-padded\">Det er delte meninger om julevarenes inntog, og det har Kiwi forst\u00e5else for, sier hun videre. <\/p>\n<p class=\"_paragraph_1994c_4 _paragraph_xtcu6_10 layout-component text-serif-m layout-normal text-serif-m layout-padded\">\u2013 Men det er ettersp\u00f8rsel fra kundene som avgj\u00f8r tidspunktet for n\u00e5r julevarene kommer ut. Vi tar imot tilbakemeldinger fra kunder, og ser p\u00e5 b\u00e5de dem, tall og erfaringer vi har gjort tidligere for \u00e5 avgj\u00f8re n\u00e5r de ulike julevarene skal ut.<\/p>\n<p><img alt=\"Julestemning: Skal vi tro dette skiltet fra Oslo sentrum, skal folk allerede n\u00e5 bli bevisste p\u00e5 at julebordssesongen n\u00e6rmer seg  Foto: Nora Holm Aftret\" class=\"_image_qp4xg_65 layout-component layout-normal\" data-fullscreen- data-track-element-type=\"Article image fullscreen\" data-track-name=\"ImageFullscreen\" decoding=\"async\" loading=\"lazy\" height=\"4037\" itemprop=\"image\"  src=\"https:\/\/www.europesays.com\/no\/wp-content\/uploads\/2025\/10\/01416645-f756-4314-936c-d0839487d2ce\"  style=\"object-position:0% 0%\" width=\"6051\"\/>Julestemning: Skal vi tro dette skiltet fra Oslo sentrum, skal folk allerede n\u00e5 bli bevisste p\u00e5 at julebordssesongen n\u00e6rmer seg  Foto: Nora Holm Aftret<\/p>\n<p class=\"_paragraph_1994c_4 _paragraph_xtcu6_10 layout-component text-serif-m layout-normal text-serif-m layout-padded\"><a href=\"https:\/\/www.virke.no\/analyse\/norsk-detaljhandel\/julehandel\/#bransjer\" class=\"_link_1994c_39\" rel=\"nofollow noopener\" target=\"_blank\">Virke<\/a>, hovedorganisasjonen for handels- og tjenesten\u00e6ringen, anslo at nordmenn ville bruke til sammen 138,7 milliarder p\u00e5 julehandelen i 2024. <\/p>\n<p class=\"_paragraph_1994c_4 _paragraph_xtcu6_10 layout-component text-serif-m layout-normal text-serif-m layout-padded\">Av dette ville det bli handlet for 71,4 milliarder i desember, hvorav omtrent 30 milliarder ville bli brukt p\u00e5 mat og drikke.<\/p>\n<p class=\"_paragraph_1994c_4 _paragraph_xtcu6_10 layout-component text-serif-m layout-normal text-serif-m layout-padded\">If\u00f8lge Virke, hadde dagligvarebutikkene 1,17 ganger h\u00f8yere omsetning i desember enn ellers i \u00e5ret. Det basert p\u00e5 tall fra 2023. Til sammenligning hadde lekebutikker det samme \u00e5ret 3,22 ganger h\u00f8yere omsetning i desember.<\/p>\n<p class=\"_paragraph_1994c_4 _paragraph_xtcu6_10 layout-component text-serif-m layout-normal text-serif-m layout-padded\">Tall fra 2025 fremkommer ikke i artikkelen. <\/p>\n<p> Solgte 60.000 julebrunost<\/p>\n<p class=\"_paragraph_1994c_4 _paragraph_xtcu6_10 layout-component text-serif-m layout-normal text-serif-m layout-padded\">\u2013 Er julevarene popul\u00e6re allerede n\u00e5?<\/p>\n<p class=\"_paragraph_1994c_4 _paragraph_xtcu6_10 layout-component text-serif-m layout-normal text-serif-m layout-padded\">\u2013 Ja, blant annet ser vi at julebrus st\u00e5r for 20 prosent av det totale brussalget i slutten av oktober og november. S\u00e5 \u00f8ker det gradvis mot julaften, sier Aakvaag Arvin, og legger til:<\/p>\n<p class=\"_paragraph_1994c_4 _paragraph_xtcu6_10 layout-component text-serif-m layout-normal text-serif-m layout-padded\">\u2013 Og i fjor solgte vi rundt 60.000 julebrunost i oktober. Da vi n\u00e6rmet oss jul gikk en del butikker tom, s\u00e5 i \u00e5r har vi bestilt inn rekordmye julebrunost.<\/p>\n<p class=\"_paragraph_1994c_4 _paragraph_xtcu6_10 layout-component text-serif-m layout-normal text-serif-m layout-padded\">Mange husker kanskje at det foregikk en vill priskrig p\u00e5 julevarer i fjor, og <a href=\"https:\/\/www.vg.no\/nyheter\/i\/93X885\/naa-er-det-priskrig-paa-en-rekke-julevarer-i-matbutikkene\" data-track-element-type=\"Link\" data-track-id=\"link:93X885\" class=\"_link_1994c_39\" rel=\"nofollow noopener\" target=\"_blank\">at kunder kunne finne julegr\u00f8t for under 4 kroner pakken i butikkene. <\/a><\/p>\n<p class=\"_paragraph_1994c_4 _paragraph_xtcu6_10 layout-component text-serif-m layout-normal text-serif-m layout-padded\">\u2013 Blir det lignende priskrig i \u00e5r, tror du?<\/p>\n<p class=\"_paragraph_1994c_4 _paragraph_xtcu6_10 layout-component text-serif-m layout-normal text-serif-m layout-padded\">\u2013 Konkurransen mellom kjedene er fortsatt beinhard, men av konkurransehensyn kan jeg ikke uttale meg om fremtidige priser, sier kommunikasjonsdirekt\u00f8ren til VG. <\/p>\n<p><img alt=\"F\u00e5r ikke nok: Vi f\u00e5r ikke nok av julebrus! De f\u00f8rste julevarene er nemlig saft med smak av julebrus.  Foto: Nora Holm Aftret \/ VG\" class=\"_image_qp4xg_65 layout-component layout-normal\" data-fullscreen- data-track-element-type=\"Article image fullscreen\" data-track-name=\"ImageFullscreen\" decoding=\"async\" loading=\"lazy\" height=\"3604\" itemprop=\"image\"  src=\"https:\/\/www.europesays.com\/no\/wp-content\/uploads\/2025\/10\/c0422b75-ea68-498e-bc05-20d8e3f38980\"  style=\"object-position:0% 0%\" width=\"5405\"\/>F\u00e5r ikke nok: Vi f\u00e5r ikke nok av julebrus! De f\u00f8rste julevarene er nemlig saft med smak av julebrus.  Foto: Nora Holm Aftret \/ VG Peker p\u00e5 logistikk<\/p>\n<p class=\"_paragraph_1994c_4 _paragraph_xtcu6_10 layout-component text-serif-m layout-normal text-serif-m layout-padded\">Hege Rognlien, som er leder for kommunikasjon i Rema 1000, sier til VG at de s\u00e5 sm\u00e5tt har begynt \u00e5 levere ut utvalgte julevarer som julebrussaft, frossen ribbe og kakemenn i enkelte butikker. <\/p>\n<p class=\"_paragraph_1994c_4 _paragraph_xtcu6_10 layout-component text-serif-m layout-normal text-serif-m layout-padded\">\u2013 Julevarene rulles ut omtrent p\u00e5 samme tid hvert \u00e5r, og julebrusen er tradisjonelt blant de f\u00f8rste produktene som kommer i hyllene, sier Rognlien.<\/p>\n<p><img alt=\"Ogs\u00e5 annen saft: Julebrussaften sto sammen med annen saft p\u00e5 Rema 1000 Torggata.  Foto: Nora Holm Aftret\" class=\"_image_qp4xg_65 layout-component layout-normal\" data-fullscreen- data-track-element-type=\"Article image fullscreen\" data-track-name=\"ImageFullscreen\" decoding=\"async\" loading=\"lazy\" height=\"4480\" itemprop=\"image\"  src=\"https:\/\/www.europesays.com\/no\/wp-content\/uploads\/2025\/10\/1b673d19-2a23-487d-8845-2e8575639674\"  style=\"object-position:0% 0%\" width=\"6720\"\/>Ogs\u00e5 annen saft: Julebrussaften sto sammen med annen saft p\u00e5 Rema 1000 Torggata.  Foto: Nora Holm Aftret<\/p>\n<p class=\"_paragraph_1994c_4 _paragraph_xtcu6_10 layout-component text-serif-m layout-normal text-serif-m layout-padded\">Kommunikasjonssjef Silje Verlo Alis\u00f8y i Coop sier til VG at deres butikker fikk levert pepperkaker, julekalendere og marsipan i forrige uke. <\/p>\n<p class=\"_paragraph_1994c_4 _paragraph_xtcu6_10 layout-component text-serif-m layout-normal text-serif-m layout-padded\">\u2013 Mer julegodt og julebrus er rett rundt hj\u00f8rnet, sier Verlo Alis\u00f8y.<\/p>\n<p class=\"_paragraph_1994c_4 _paragraph_xtcu6_10 layout-component text-serif-m layout-normal text-serif-m layout-padded\">Hun peker p\u00e5 logistikk som en \u00e5rsak til at julevarene allerede er i butikkene.<\/p>\n<p class=\"_paragraph_1994c_4 _paragraph_xtcu6_10 layout-component text-serif-m layout-normal text-serif-m layout-padded\">\u2013 Det er enorme mengder julevarer som skal ut til butikk de neste m\u00e5nedene, og derfor starter vi med varene som har lengst holdbarhet. Varene blir tilgjengelige i butikk i de samme ukene som vi har praktisert de siste \u00e5rene.<\/p>\n<p class=\"_paragraph_1994c_4 _paragraph_xtcu6_10 layout-component text-serif-m layout-normal text-serif-m layout-padded\">I likhet med Kiwi, vil ikke Coop uttale seg om fremtidige priser p\u00e5 julevarene, av konkurransehensyn.<\/p>\n<p class=\"_paragraph_1994c_4 _paragraph_xtcu6_10 layout-component text-serif-m layout-normal layout-padded\"><a href=\"https:\/\/www.vg.no\/tag\/vgs-matboers\" class=\"_link_1994c_39\" rel=\"nofollow noopener\" target=\"_blank\">VGs matb\u00f8rs<\/a><\/p>\n","protected":false},"excerpt":{"rendered":"Det er delte meninger om at enkelte julevarer er tilgjengelig i butikkene allerede n\u00e5. Noen ansatte og kunder&hellip;\n","protected":false},"author":2,"featured_media":51047,"comment_status":"","ping_status":"","sticky":false,"template":"","format":"standard","meta":{"footnotes":""},"categories":[56],"tags":[60,3884,1749,61,5593,7852,2352,4263,2353,62,30,28,29,1394],"class_list":{"0":"post-51046","1":"post","2":"type-post","3":"status-publish","4":"format-standard","5":"has-post-thumbnail","7":"category-naeringsliv","8":"tag-business","9":"tag-butikk","10":"tag-coop","11":"tag-economy","12":"tag-jul","13":"tag-julehandel","14":"tag-kiwi","15":"tag-markedsforing","16":"tag-meny","17":"tag-naeringsliv","18":"tag-no","19":"tag-norge","20":"tag-norway","21":"tag-rema-1000"},"share_on_mastodon":{"url":"","error":""},"_links":{"self":[{"href":"https:\/\/www.europesays.com\/no\/wp-json\/wp\/v2\/posts\/51046","targetHints":{"allow":["GET"]}}],"collection":[{"href":"https:\/\/www.europesays.com\/no\/wp-json\/wp\/v2\/posts"}],"about":[{"href":"https:\/\/www.europesays.com\/no\/wp-json\/wp\/v2\/types\/post"}],"author":[{"embeddable":true,"href":"https:\/\/www.europesays.com\/no\/wp-json\/wp\/v2\/users\/2"}],"replies":[{"embeddable":true,"href":"https:\/\/www.europesays.com\/no\/wp-json\/wp\/v2\/comments?post=51046"}],"version-history":[{"count":0,"href":"https:\/\/www.europesays.com\/no\/wp-json\/wp\/v2\/posts\/51046\/revisions"}],"wp:featuredmedia":[{"embeddable":true,"href":"https:\/\/www.europesays.com\/no\/wp-json\/wp\/v2\/media\/51047"}],"wp:attachment":[{"href":"https:\/\/www.europesays.com\/no\/wp-json\/wp\/v2\/media?parent=51046"}],"wp:term":[{"taxonomy":"category","embeddable":true,"href":"https:\/\/www.europesays.com\/no\/wp-json\/wp\/v2\/categories?post=51046"},{"taxonomy":"post_tag","embeddable":true,"href":"https:\/\/www.europesays.com\/no\/wp-json\/wp\/v2\/tags?post=51046"}],"curies":[{"name":"wp","href":"https:\/\/api.w.org\/{rel}","templated":true}]}}